{"id":15603,"date":"2013-09-27T17:05:41","date_gmt":"2013-09-27T22:05:41","guid":{"rendered":"http:\/\/www.ambiente.gob.ec\/?p=15603"},"modified":"2013-09-27T17:05:41","modified_gmt":"2013-09-27T22:05:41","slug":"mae-presento-el-mecanismo-de-fondos-concursables-para-areas-protegidas","status":"publish","type":"post","link":"https:\/\/www.ambienteyenergia.gob.ec\/ambiente\/mae-presento-el-mecanismo-de-fondos-concursables-para-areas-protegidas\/","title":{"rendered":"MAE present\u00f3 el Mecanismo de Fondos Concursables para \u00c1reas Protegidas"},"content":{"rendered":"<p style=\"text-align: justify;\">Hoy, el Ministerio del Ambiente del Ecuador (MAE), a trav\u00e9s del Proyecto de Sostenibilidad Financiera (PSF) \u00a0de \u00c1reas Protegidas del SNAP, present\u00f3 el Mecanismo de Fondos Concursables (MFC), una oportunidad para financiar proyectos socio-productivos en las \u00c1reas Protegidas.<\/p>\n<p style=\"text-align: justify;\">En el evento intervinieron Max Lascano, Coordinador del Programa Socio Bosque del MAE; M\u00f3nica Merino, Representante Residente del Programa de las Naciones Unidas para el Desarrollo \u2013 PNUD; Zornitza Aguilar, Coordinadora del PSF y; Pablo Larco, Especialista en Fondos Concursables del PSF.<\/p>\n<p style=\"text-align: justify;\">Adem\u00e1s, participaron funcionarios responsables de las \u00c1reas Protegidas del Ministerio del Ambiente, as\u00ed como los l\u00edderes y lideresas comunitarias de las poblaciones asentadas en estas zonas y representantes de las reservas privadas.<\/p>\n<p style=\"text-align: justify;\">\u201cSomos conscientes del papel fundamental que cumplen las \u00c1reas Protegidas y su contribuci\u00f3n al mantenimiento de la biodiversidad, a la econom\u00eda y al desarrollo econ\u00f3mico y social de los ciudadanos para alcanzar el Buen Vivir\u201d, indic\u00f3 Lascano, durante su intervenci\u00f3n.<\/p>\n<p style=\"text-align: justify;\">En la presentaci\u00f3n detallada del funcionamiento del MFC, se explic\u00f3 que es un proceso competitivo transparente que premia las mejores iniciativas productivas sostenibles propuestas por las comunidades asentadas dentro o alrededor de las \u00c1reas Protegidas Piloto del PSF; siempre que el proyecto presentado demuestre que propicia la conservaci\u00f3n o restauraci\u00f3n de los recursos naturales y la biodiversidad mientras, al mismo tiempo, mejora los niveles de vida de las comunidades involucradas en el emprendimiento productivo, a trav\u00e9s de la asociaci\u00f3n de las mismas.<\/p>\n<p style=\"text-align: justify;\">Las propuestas provenientes de las Reservas de Producci\u00f3n de Fauna Chimborazo y Cuyabeno; los Parques Nacionales Yasun\u00ed y Cayambe \u2013 Coca; las Reservas Ecol\u00f3gicas Mache Chindul e Ilinizas; la Reserva Marina Galera San Francisco; las reservas privadas del Nodo<\/p>\n<p style=\"text-align: justify;\">Noroccidente de Pichincha y del Sitio RAMSAR, el Humedal La Tembladera, tendr\u00e1n la oportunidad de participar en este proceso que propicia la igualdad de oportunidades y la transparencia en la selecci\u00f3n.<\/p>\n<p style=\"text-align: justify;\">Hasta USD 50 000 no reembolsables podr\u00e1n ser donados a los emprendimientos seleccionados, los mismo que recibir\u00e1n el acompa\u00f1amiento t\u00e9cnico y de monitoreo por parte de una organizaci\u00f3n especializada. Las organizaciones que ejecuten los proyectos, deben aportar con un monto igual que puede ser valorado en recursos econ\u00f3micos propios o de cooperaci\u00f3n, as\u00ed como en especies.<\/p>\n<p style=\"text-align: justify;\">Se inform\u00f3 tambi\u00e9n que la fecha m\u00e1xima para la entrega de propuestas es hasta el 5 de diciembre de 2013.<\/p>\n<p style=\"text-align: justify;\">Cabe mencionar que el Mecanismo de Fondos Concursables ha sido dise\u00f1ado en el marco del Proyecto de Sostenibilidad Financiera de \u00c1reas Protegidas, una iniciativa del Ministerio del Ambiente que cuenta con la asesor\u00eda t\u00e9cnica del Programa de las Naciones Unidas para el Desarrollo y es financiada por el Fondo para el Medio Ambiente Mundial \u2013 GEF.<\/p>\n<p style=\"text-align: justify;\">Para mayor informaci\u00f3n visite: <a href=\"http:\/\/www.psfecuador.com\">www.psfecuador.com<\/a><\/p>\n<p>\u00a0<a href=\"http:\/\/www.ambienteyenergia.gob.ec\/ambiente\/wp-content\/uploads\/2013\/09\/IMG_5974.jpg\"><img loading=\"lazy\" decoding=\"async\" class=\"aligncenter size-full wp-image-15605\" title=\"MAE present\u00f3 el Mecanismo de Fondos Concursables para \u00c1reas Protegidas\" src=\"http:\/\/www.ambienteyenergia.gob.ec\/ambiente\/wp-content\/uploads\/2013\/09\/IMG_5974.jpg\" alt=\"\" width=\"650\" height=\"433\" srcset=\"https:\/\/www.ambienteyenergia.gob.ec\/ambiente\/wp-content\/uploads\/sites\/2\/2013\/09\/IMG_5974.jpg 650w, https:\/\/www.ambienteyenergia.gob.ec\/ambiente\/wp-content\/uploads\/sites\/2\/2013\/09\/IMG_5974-300x199.jpg 300w, https:\/\/www.ambienteyenergia.gob.ec\/ambiente\/wp-content\/uploads\/sites\/2\/2013\/09\/IMG_5974-450x300.jpg 450w\" sizes=\"auto, (max-width: 650px) 100vw, 650px\" \/><\/a><\/p>\n","protected":false},"excerpt":{"rendered":"<p class=\"excerpt\">Hoy, el Ministerio del Ambiente del Ecuador (MAE), a trav\u00e9s del Proyecto de Sostenibilidad Financiera (PSF) \u00a0de \u00c1reas Protegidas del SNAP, present\u00f3 el Mecanismo de Fondos Concursables (MFC), una oportunidad para financiar proyectos socio-productivos en las \u00c1reas Protegidas. En el evento intervinieron Max Lascano, Coordinador del Programa Socio Bosque del MAE; M\u00f3nica Merino, Representante Residente del Programa de las Naciones&hellip; <a href=\"https:\/\/www.ambienteyenergia.gob.ec\/ambiente\/mae-presento-el-mecanismo-de-fondos-concursables-para-areas-protegidas\/\">Read more &rarr;<\/a><\/p>\n","protected":false},"author":13,"featured_media":15606,"comment_status":"open","ping_status":"open","sticky":false,"template":"","format":"standard","meta":{"footnotes":""},"categories":[16,4],"tags":[],"class_list":["post-15603","post","type-post","status-publish","format-standard","has-post-thumbnail","hentry","category-comunicamos","category-noticias","xfolkentry"],"_links":{"self":[{"href":"https:\/\/www.ambienteyenergia.gob.ec\/ambiente\/wp-json\/wp\/v2\/posts\/15603","targetHints":{"allow":["GET"]}}],"collection":[{"href":"https:\/\/www.ambienteyenergia.gob.ec\/ambiente\/wp-json\/wp\/v2\/posts"}],"about":[{"href":"https:\/\/www.ambienteyenergia.gob.ec\/ambiente\/wp-json\/wp\/v2\/types\/post"}],"author":[{"embeddable":true,"href":"https:\/\/www.ambienteyenergia.gob.ec\/ambiente\/wp-json\/wp\/v2\/users\/13"}],"replies":[{"embeddable":true,"href":"https:\/\/www.ambienteyenergia.gob.ec\/ambiente\/wp-json\/wp\/v2\/comments?post=15603"}],"version-history":[{"count":0,"href":"https:\/\/www.ambienteyenergia.gob.ec\/ambiente\/wp-json\/wp\/v2\/posts\/15603\/revisions"}],"wp:featuredmedia":[{"embeddable":true,"href":"https:\/\/www.ambienteyenergia.gob.ec\/ambiente\/wp-json\/wp\/v2\/media\/15606"}],"wp:attachment":[{"href":"https:\/\/www.ambienteyenergia.gob.ec\/ambiente\/wp-json\/wp\/v2\/media?parent=15603"}],"wp:term":[{"taxonomy":"category","embeddable":true,"href":"https:\/\/www.ambienteyenergia.gob.ec\/ambiente\/wp-json\/wp\/v2\/categories?post=15603"},{"taxonomy":"post_tag","embeddable":true,"href":"https:\/\/www.ambienteyenergia.gob.ec\/ambiente\/wp-json\/wp\/v2\/tags?post=15603"}],"curies":[{"name":"wp","href":"https:\/\/api.w.org\/{rel}","templated":true}]}}