{"id":15592,"date":"2013-09-27T14:57:36","date_gmt":"2013-09-27T19:57:36","guid":{"rendered":"http:\/\/www.ambiente.gob.ec\/?p=15592"},"modified":"2013-09-27T15:57:05","modified_gmt":"2013-09-27T20:57:05","slug":"520-libras-de-carne-de-especies-de-vida-silvestre-fueron-decomisadas-en-yasuni","status":"publish","type":"post","link":"https:\/\/www.ambienteyenergia.gob.ec\/ambiente\/520-libras-de-carne-de-especies-de-vida-silvestre-fueron-decomisadas-en-yasuni\/","title":{"rendered":"520 libras de  carne  de especies de vida silvestre fueron decomisadas en Yasun\u00ed"},"content":{"rendered":"<p style=\"text-align: justify;\">El Ministerio del Ambiente (MAE), a trav\u00e9s de su Direcci\u00f3n Provincial en Orellana y en coordinaci\u00f3n con personal uniformado de las Fuerzas Armadas del Ecuador, decomis\u00f3 476 libras de carne de Paiche (<strong>Arapaima gigans<\/strong>) y 44 libras de carne de caim\u00e1n (<strong>Paleosuchus trigonatus<\/strong>), el pasado 24 septiembre. Esto tras uno de los operativos de control y vigilancia, que se realizan de forma permanente en el Parque Nacional Yasun\u00ed.<\/p>\n<p style=\"text-align: justify;\">Tras varias denuncias de la ciudadan\u00eda, sobre la ejecuci\u00f3n de pesca ilegal dentro del \u00c1rea Protegida, el MAE intensific\u00f3 el control en la zona, con la finalidad de identificar a los presuntos infractores y ponerlos a \u00f3rdenes de las autoridades competentes.<\/p>\n<p style=\"text-align: justify;\">Aproximadamente a las 03H00 de la ma\u00f1ana del 24 de septiembre, en el puesto de control Tambococha se visualizaron dos embarcaciones en el r\u00edo Yasun\u00ed, que se aprestaban a salir clandestinamente. Momento en el cual, el personal que estaba cumpliendo la guardia de control detiene a las embarcaciones y a sus tripulantes para su revisi\u00f3n y registro.<\/p>\n<p style=\"text-align: justify;\">En la primera embarcaci\u00f3n se encontr\u00f3 carne de Paiche, y la segunda embarcaci\u00f3n tripulada por una persona, se transportaban a tres especies de caim\u00e1n.<\/p>\n<p style=\"text-align: justify;\">Frente a este delito ambiental cometido contra dos especies protegidas, el personal de guardaparques y militares de apoyo, movilizan a los presuntos infractores y las pruebas hacia la localidad de Nuevo Rocafuerte, para posteriormente abrir un proceso administrativo en contra de los transgresores.<\/p>\n<p style=\"text-align: justify;\"><strong>El Dato<\/strong><\/p>\n<p style=\"text-align: justify;\">El Paiche o pez de la Amazon\u00eda es de gran tama\u00f1o y est\u00e1 prohibida la comercializaci\u00f3n de su carne por ser una especie incluida en el Ap\u00e9ndice II de la Convenci\u00f3n sobre el Comercio Internacional de Especies Amenazadas de Fauna y Flora Silvestre (CITES). Esta clasificaci\u00f3n se refiere a todas aquellas especies que a pesar de no estar en peligro de extinci\u00f3n pueden llegar a estarlo, <strong>si no se regula su comercio.\u2028<\/strong><\/p>\n<div id='gallery-1' class='gallery galleryid-15592 gallery-columns-4 gallery-size-thumbnail'><dl class='gallery-item'>\n\t\t\t<dt class='gallery-icon landscape'>\n\t\t\t\t<a href='https:\/\/www.ambienteyenergia.gob.ec\/ambiente\/520-libras-de-carne-de-especies-de-vida-silvestre-fueron-decomisadas-en-yasuni\/yasuni-2\/'><img loading=\"lazy\" decoding=\"async\" width=\"150\" height=\"150\" src=\"https:\/\/www.ambienteyenergia.gob.ec\/ambiente\/wp-content\/uploads\/sites\/2\/2013\/09\/yasuni-2-150x150.jpg\" class=\"attachment-thumbnail size-thumbnail\" alt=\"\" \/><\/a>\n\t\t\t<\/dt><\/dl><dl class='gallery-item'>\n\t\t\t<dt class='gallery-icon portrait'>\n\t\t\t\t<a href='https:\/\/www.ambienteyenergia.gob.ec\/ambiente\/520-libras-de-carne-de-especies-de-vida-silvestre-fueron-decomisadas-en-yasuni\/yasuni-1\/'><img loading=\"lazy\" decoding=\"async\" width=\"150\" height=\"150\" src=\"https:\/\/www.ambienteyenergia.gob.ec\/ambiente\/wp-content\/uploads\/sites\/2\/2013\/09\/yasuni-1-150x150.jpg\" class=\"attachment-thumbnail size-thumbnail\" alt=\"\" \/><\/a>\n\t\t\t<\/dt><\/dl>\n\t\t\t<br style='clear: both' \/>\n\t\t<\/div>\n\n<p style=\"text-align: justify;\">\n","protected":false},"excerpt":{"rendered":"<p class=\"excerpt\">El Ministerio del Ambiente (MAE), a trav\u00e9s de su Direcci\u00f3n Provincial en Orellana y en coordinaci\u00f3n con personal uniformado de las Fuerzas Armadas del Ecuador, decomis\u00f3 476 libras de carne de Paiche (Arapaima gigans) y 44 libras de carne de caim\u00e1n (Paleosuchus trigonatus), el pasado 24 septiembre. Esto tras uno de los operativos de control y vigilancia, que se realizan&hellip; <a href=\"https:\/\/www.ambienteyenergia.gob.ec\/ambiente\/520-libras-de-carne-de-especies-de-vida-silvestre-fueron-decomisadas-en-yasuni\/\">Read more &rarr;<\/a><\/p>\n","protected":false},"author":13,"featured_media":15593,"comment_status":"open","ping_status":"open","sticky":false,"template":"","format":"standard","meta":{"footnotes":""},"categories":[16,4],"tags":[],"class_list":["post-15592","post","type-post","status-publish","format-standard","has-post-thumbnail","hentry","category-comunicamos","category-noticias","xfolkentry"],"_links":{"self":[{"href":"https:\/\/www.ambienteyenergia.gob.ec\/ambiente\/wp-json\/wp\/v2\/posts\/15592","targetHints":{"allow":["GET"]}}],"collection":[{"href":"https:\/\/www.ambienteyenergia.gob.ec\/ambiente\/wp-json\/wp\/v2\/posts"}],"about":[{"href":"https:\/\/www.ambienteyenergia.gob.ec\/ambiente\/wp-json\/wp\/v2\/types\/post"}],"author":[{"embeddable":true,"href":"https:\/\/www.ambienteyenergia.gob.ec\/ambiente\/wp-json\/wp\/v2\/users\/13"}],"replies":[{"embeddable":true,"href":"https:\/\/www.ambienteyenergia.gob.ec\/ambiente\/wp-json\/wp\/v2\/comments?post=15592"}],"version-history":[{"count":0,"href":"https:\/\/www.ambienteyenergia.gob.ec\/ambiente\/wp-json\/wp\/v2\/posts\/15592\/revisions"}],"wp:featuredmedia":[{"embeddable":true,"href":"https:\/\/www.ambienteyenergia.gob.ec\/ambiente\/wp-json\/wp\/v2\/media\/15593"}],"wp:attachment":[{"href":"https:\/\/www.ambienteyenergia.gob.ec\/ambiente\/wp-json\/wp\/v2\/media?parent=15592"}],"wp:term":[{"taxonomy":"category","embeddable":true,"href":"https:\/\/www.ambienteyenergia.gob.ec\/ambiente\/wp-json\/wp\/v2\/categories?post=15592"},{"taxonomy":"post_tag","embeddable":true,"href":"https:\/\/www.ambienteyenergia.gob.ec\/ambiente\/wp-json\/wp\/v2\/tags?post=15592"}],"curies":[{"name":"wp","href":"https:\/\/api.w.org\/{rel}","templated":true}]}}