{"id":15587,"date":"2013-09-27T13:42:27","date_gmt":"2013-09-27T18:42:27","guid":{"rendered":"http:\/\/www.ambiente.gob.ec\/?p=15587"},"modified":"2013-09-27T13:42:27","modified_gmt":"2013-09-27T18:42:27","slug":"mae-capacito-a-actores-de-la-cadena-forestal-en-uso-del-saf-en-zamora-chinchipe","status":"publish","type":"post","link":"https:\/\/www.ambienteyenergia.gob.ec\/ambiente\/mae-capacito-a-actores-de-la-cadena-forestal-en-uso-del-saf-en-zamora-chinchipe\/","title":{"rendered":"MAE capacit\u00f3 a actores de la cadena forestal en uso del SAF, en Zamora Chinchipe"},"content":{"rendered":"<p style=\"text-align: justify;\">Ayer, en la ciudad de Zamora, regentes forestales, transportistas de madera, ejecutores y delegados de programas forestales, comerciantes de madera, due\u00f1os de viveros, aserraderos, y predios, entre otros, fueron capacitados en conocimientos forestales para lograr la estandarizaci\u00f3n, actualizaci\u00f3n y sistematizaci\u00f3n del Sistema de Administraci\u00f3n Forestal (SAF), con la finalidad de fomentar un adecuado aprovechamiento de la flora.<\/p>\n<p style=\"text-align: justify;\">En este taller, realizado por el Ministerio del Ambiente (MAE),\u00a0 a trav\u00e9s de la Direcci\u00f3n de Provincial de Zamora Chinchipe, se trataron temas como el acceso al sistema SAF, el registro de actividades forestales de forma legal y obtenci\u00f3n de beneficios e incentivos como la exoneraci\u00f3n de impuestos y aranceles, asesoramiento gratuito, acceso a base de datos comerciales para promocionar los productos forestales, obtenci\u00f3n de permisos en menor tiempo y reducci\u00f3n de costos por tr\u00e1mite.<\/p>\n<p style=\"text-align: justify;\">Ello como parte de la Pol\u00edtica Forestal Nacional que prioriza la conservaci\u00f3n y el manejo sostenible de los bosques. El MAE, como autoridad ambiental regula, controla y administra el aprovechamiento del bosque, a trav\u00e9s del desarrollo y uso de herramientas tecnol\u00f3gicas y recursos humanos capacitados.<\/p>\n<p style=\"text-align: justify;\">El SAF es una herramienta tecnol\u00f3gica, que permite la administraci\u00f3n, informaci\u00f3n y seguimiento de los recursos forestales, desde el aprovechamiento en el bosque hasta su comercializaci\u00f3n.<\/p>\n","protected":false},"excerpt":{"rendered":"<p class=\"excerpt\">Ayer, en la ciudad de Zamora, regentes forestales, transportistas de madera, ejecutores y delegados de programas forestales, comerciantes de madera, due\u00f1os de viveros, aserraderos, y predios, entre otros, fueron capacitados en conocimientos forestales para lograr la estandarizaci\u00f3n, actualizaci\u00f3n y sistematizaci\u00f3n del Sistema de Administraci\u00f3n Forestal (SAF), con la finalidad de fomentar un adecuado aprovechamiento de la flora. En este taller,&hellip; <a href=\"https:\/\/www.ambienteyenergia.gob.ec\/ambiente\/mae-capacito-a-actores-de-la-cadena-forestal-en-uso-del-saf-en-zamora-chinchipe\/\">Read more &rarr;<\/a><\/p>\n","protected":false},"author":13,"featured_media":15588,"comment_status":"open","ping_status":"open","sticky":false,"template":"","format":"standard","meta":{"footnotes":""},"categories":[16,4],"tags":[],"class_list":["post-15587","post","type-post","status-publish","format-standard","has-post-thumbnail","hentry","category-comunicamos","category-noticias","xfolkentry"],"_links":{"self":[{"href":"https:\/\/www.ambienteyenergia.gob.ec\/ambiente\/wp-json\/wp\/v2\/posts\/15587","targetHints":{"allow":["GET"]}}],"collection":[{"href":"https:\/\/www.ambienteyenergia.gob.ec\/ambiente\/wp-json\/wp\/v2\/posts"}],"about":[{"href":"https:\/\/www.ambienteyenergia.gob.ec\/ambiente\/wp-json\/wp\/v2\/types\/post"}],"author":[{"embeddable":true,"href":"https:\/\/www.ambienteyenergia.gob.ec\/ambiente\/wp-json\/wp\/v2\/users\/13"}],"replies":[{"embeddable":true,"href":"https:\/\/www.ambienteyenergia.gob.ec\/ambiente\/wp-json\/wp\/v2\/comments?post=15587"}],"version-history":[{"count":0,"href":"https:\/\/www.ambienteyenergia.gob.ec\/ambiente\/wp-json\/wp\/v2\/posts\/15587\/revisions"}],"wp:featuredmedia":[{"embeddable":true,"href":"https:\/\/www.ambienteyenergia.gob.ec\/ambiente\/wp-json\/wp\/v2\/media\/15588"}],"wp:attachment":[{"href":"https:\/\/www.ambienteyenergia.gob.ec\/ambiente\/wp-json\/wp\/v2\/media?parent=15587"}],"wp:term":[{"taxonomy":"category","embeddable":true,"href":"https:\/\/www.ambienteyenergia.gob.ec\/ambiente\/wp-json\/wp\/v2\/categories?post=15587"},{"taxonomy":"post_tag","embeddable":true,"href":"https:\/\/www.ambienteyenergia.gob.ec\/ambiente\/wp-json\/wp\/v2\/tags?post=15587"}],"curies":[{"name":"wp","href":"https:\/\/api.w.org\/{rel}","templated":true}]}}