{"id":15578,"date":"2013-09-27T10:19:05","date_gmt":"2013-09-27T15:19:05","guid":{"rendered":"http:\/\/www.ambiente.gob.ec\/?p=15578"},"modified":"2013-09-27T10:19:05","modified_gmt":"2013-09-27T15:19:05","slug":"mae-suscribe-convenios-interinstitucionales-con-espoch-y-unach","status":"publish","type":"post","link":"https:\/\/www.ambienteyenergia.gob.ec\/ambiente\/mae-suscribe-convenios-interinstitucionales-con-espoch-y-unach\/","title":{"rendered":"MAE suscribe convenios interinstitucionales con ESPOCH y UNACH"},"content":{"rendered":"<p style=\"text-align: justify;\">El Ministerio del Ambiente (MAE) firm\u00f3 dos acuerdos institucionales con la Escuela Superior Polit\u00e9cnica de Chimborazo (ESPOCH y la Universidad Nacional de Chimborazo (UNACH), el pasado 25 de septiembre. El objetivo de los convenios es fortalecer la generaci\u00f3n, aplicaci\u00f3n y direccionamiento de conocimiento sobre aspectos ambientales para constituir un evento acad\u00e9mico y t\u00e9cnico in\u00e9dito, que marcar\u00e1 la hoja de ruta de la actividad ambiental aplicada en el Ecuador.<\/p>\n<p style=\"text-align: justify;\">Romeo Rodr\u00edguez, Rector de la ESPOCH, enfatiz\u00f3 el compromiso que tiene la educaci\u00f3n superior en procesos investigativos para impulsar el mejoramiento de la normativa ambiental en relaci\u00f3n a la protecci\u00f3n de especies amenazadas, vulnerables y en peligro de extinci\u00f3n; y la calidad del ambiente.<\/p>\n<p style=\"text-align: justify;\">Por otro lado, Mar\u00eda Ang\u00e9lica Barba, Rectora de la UNACH agradeci\u00f3 la iniciativa del MAE en trabajar en temas de \u00edndole ambiental vinculados con la investigaci\u00f3n a nivel superior.<\/p>\n<p style=\"text-align: justify;\">Con estos procesos y mecanismos de coordinaci\u00f3n interinstitucional se busca fortalecer los temas investigativos y la conservaci\u00f3n en pos del buen vivir de las comunidades.<\/p>\n<p style=\"text-align: justify;\">\n<p style=\"text-align: justify;\">\n<p style=\"text-align: justify;\">\n","protected":false},"excerpt":{"rendered":"<p class=\"excerpt\">El Ministerio del Ambiente (MAE) firm\u00f3 dos acuerdos institucionales con la Escuela Superior Polit\u00e9cnica de Chimborazo (ESPOCH y la Universidad Nacional de Chimborazo (UNACH), el pasado 25 de septiembre. El objetivo de los convenios es fortalecer la generaci\u00f3n, aplicaci\u00f3n y direccionamiento de conocimiento sobre aspectos ambientales para constituir un evento acad\u00e9mico y t\u00e9cnico in\u00e9dito, que marcar\u00e1 la hoja de ruta&hellip; <a href=\"https:\/\/www.ambienteyenergia.gob.ec\/ambiente\/mae-suscribe-convenios-interinstitucionales-con-espoch-y-unach\/\">Read more &rarr;<\/a><\/p>\n","protected":false},"author":13,"featured_media":15579,"comment_status":"open","ping_status":"open","sticky":false,"template":"","format":"standard","meta":{"footnotes":""},"categories":[16,4],"tags":[],"class_list":["post-15578","post","type-post","status-publish","format-standard","has-post-thumbnail","hentry","category-comunicamos","category-noticias","xfolkentry"],"_links":{"self":[{"href":"https:\/\/www.ambienteyenergia.gob.ec\/ambiente\/wp-json\/wp\/v2\/posts\/15578","targetHints":{"allow":["GET"]}}],"collection":[{"href":"https:\/\/www.ambienteyenergia.gob.ec\/ambiente\/wp-json\/wp\/v2\/posts"}],"about":[{"href":"https:\/\/www.ambienteyenergia.gob.ec\/ambiente\/wp-json\/wp\/v2\/types\/post"}],"author":[{"embeddable":true,"href":"https:\/\/www.ambienteyenergia.gob.ec\/ambiente\/wp-json\/wp\/v2\/users\/13"}],"replies":[{"embeddable":true,"href":"https:\/\/www.ambienteyenergia.gob.ec\/ambiente\/wp-json\/wp\/v2\/comments?post=15578"}],"version-history":[{"count":0,"href":"https:\/\/www.ambienteyenergia.gob.ec\/ambiente\/wp-json\/wp\/v2\/posts\/15578\/revisions"}],"wp:featuredmedia":[{"embeddable":true,"href":"https:\/\/www.ambienteyenergia.gob.ec\/ambiente\/wp-json\/wp\/v2\/media\/15579"}],"wp:attachment":[{"href":"https:\/\/www.ambienteyenergia.gob.ec\/ambiente\/wp-json\/wp\/v2\/media?parent=15578"}],"wp:term":[{"taxonomy":"category","embeddable":true,"href":"https:\/\/www.ambienteyenergia.gob.ec\/ambiente\/wp-json\/wp\/v2\/categories?post=15578"},{"taxonomy":"post_tag","embeddable":true,"href":"https:\/\/www.ambienteyenergia.gob.ec\/ambiente\/wp-json\/wp\/v2\/tags?post=15578"}],"curies":[{"name":"wp","href":"https:\/\/api.w.org\/{rel}","templated":true}]}}