{"id":15572,"date":"2013-09-27T09:40:02","date_gmt":"2013-09-27T14:40:02","guid":{"rendered":"http:\/\/www.ambiente.gob.ec\/?p=15572"},"modified":"2013-09-27T09:40:02","modified_gmt":"2013-09-27T14:40:02","slug":"paises-signatarios-presentaron-las-resoluciones-de-la-xxx-reunion-tecnica-administrativa-de-la-vicuna","status":"publish","type":"post","link":"https:\/\/www.ambienteyenergia.gob.ec\/ambiente\/paises-signatarios-presentaron-las-resoluciones-de-la-xxx-reunion-tecnica-administrativa-de-la-vicuna\/","title":{"rendered":"Pa\u00edses signatarios presentaron las resoluciones de la XXX Reuni\u00f3n T\u00e9cnica Administrativa de la Vicu\u00f1a"},"content":{"rendered":"<p style=\"text-align: justify;\">En Riobamba, del 25 al 26 de septiembre, se llev\u00f3 a cabo la XXX Reuni\u00f3n Ordinaria del a Comisi\u00f3n T\u00e9cnica Administradora del Convenio de la Vicu\u00f1a, en cumplimiento con la Resoluci\u00f3n 335 realizada en Argentina en el 2012.<\/p>\n<p style=\"text-align: justify;\">En esta se presentaron los informes nacionales correspondientes al Estado Plurinacional de Bolivia y las Rep\u00fablicas de Chile, Per\u00fa, Argentina y Ecuador, los mismos que fueron aprobados sin observaciones.<\/p>\n<p style=\"text-align: justify;\">Los pa\u00edses miembros felicitaron al Ecuador por la inclusi\u00f3n de su poblaci\u00f3n de vicu\u00f1a en la Convenci\u00f3n sobre el Comercio Internacional de Especies Amenazadas de Fauna y Flora Silvestres (CITES). Adem\u00e1s, ofrecieron brindar asistencia cient\u00edfico-t\u00e9cnica para respaldar las acciones que desarrolle nuestro pa\u00eds respecto al manejo de la especie, incluyendo el relevamiento del estado poblacional y la aplicaci\u00f3n de criterios y lineamientos de bienestar animal para su conservaci\u00f3n y uso sustentable, entre otros.<\/p>\n<p style=\"text-align: justify;\">Por otro lado, Rodolfo S\u00e1nchez, representante de la Rep\u00fablica de Argentina, expres\u00f3 al Gobierno de Ecuador su sincero reconocimiento por la organizaci\u00f3n de la mencionada Reuni\u00f3n. Asimismo, destac\u00f3 la colaboraci\u00f3n y cordial hospitalidad brindada a los delgados y dem\u00e1s participantes.<\/p>\n<p style=\"text-align: justify;\"><strong>Resoluciones de la reuni\u00f3n<\/strong><\/p>\n<p style=\"text-align: justify;\">Ayer, la asamblea present\u00f3 las resoluciones tomadas por cada uno de los pa\u00edses signatarios, entre las que se destacaron las siguientes:<\/p>\n<ul>\n<li style=\"text-align: justify;\">El Estado Plurinacional de Bolivia ofreci\u00f3 ser sede de la XXXI Reuni\u00f3n Ordinaria de la Comisi\u00f3n T\u00e9cnico \u2013 Administradora del Convenio de la Vicu\u00f1a, durante el transcurso del primer cuatrimestre del a\u00f1o 2014.<\/li>\n<li style=\"text-align: justify;\">Instar a los pa\u00edses Parte a continuar trabajando sobre la elaboraci\u00f3n de un glosario que incluya definiciones relevantes para el Convenio, en base al Documento \u00abAvances de conceptos y terminolog\u00edas\u00bb (Resoluci\u00f3n 330\/2011, numeral 3), presentado en la XXIX Reuni\u00f3n T\u00e9cnica del Convenio (San Salvador de Jujuy, 2012).<\/li>\n<li style=\"text-align: justify;\">Asimismo, se propone que la Argentina compile los aportes de las Partes y presente un informe de avance a la pr\u00f3xima Reuni\u00f3n Ordinaria de la Comisi\u00f3n T\u00e9cnica Administradora del Convenio.<\/li>\n<li style=\"text-align: justify;\">Instar a los pa\u00edses Parte a realizar los mayores esfuerzos posibles para implementar metodolog\u00edas de manejo para la esquila, de acuerdo con los \u00faltimos avances cient\u00edficos sobre bienestar animal, reflejados en los criterios y lineamientos del mencionado \u201cProtocolo de Bienestar Animal\u201d.<\/li>\n<li style=\"text-align: justify;\">Instar a los pa\u00edses signatarios a realizar un diagn\u00f3stico cualitativo y cuantitativo de la incidencia de ectoparasitosis en poblaciones de vicu\u00f1as y en especial la presencia de los \u00e1caros causantes de la sarna en cam\u00e9lidos.<\/li>\n<li style=\"text-align: justify;\">Diagnosticar la influencia en la din\u00e1mica de la condici\u00f3n zoosanitaria de sistemas ambientales donde habiten en simpat\u00eda vicu\u00f1as, ganado cam\u00e9lido y otros.<\/li>\n<li style=\"text-align: justify;\">Generar lineamientos que permitan evaluar la necesidad de un eventual manejo zoosanitario que se deber\u00eda considerar para las vicu\u00f1as, a trav\u00e9s de un \u201cManual de buenas pr\u00e1cticas zoosanitarias en Vicu\u00f1as\u201d.<\/li>\n<li style=\"text-align: justify;\">Reconocer el rol protag\u00f3nico y la importancia de las comunidades campesinas e ind\u00edgenas\/originarias manejadoras de vicu\u00f1a en el proceso de conservaci\u00f3n y manejo sostenible de la vicu\u00f1a en los cinco pa\u00edses miembros, en consecuencia, tambi\u00e9n se reconoce la necesidad leg\u00edtima de la participaci\u00f3n de las comunidades manejadoras de la vicu\u00f1a en el Convenio de la Vicu\u00f1a.<\/li>\n<li style=\"text-align: justify;\">Recibir con benepl\u00e1cito el proceso de creaci\u00f3n de la Organizaci\u00f3n Internacional de Comunidades Campesinas e Ind\u00edgenas\/Originarias Manejadoras de Vicu\u00f1a (OICMV) e invitarla a presentar sus avances en la pr\u00f3xima reuni\u00f3n del Convenio.<\/li>\n<\/ul>\n<p><a href=\"http:\/\/www.ambienteyenergia.gob.ec\/ambiente\/wp-content\/uploads\/2013\/09\/002.jpg\"><img loading=\"lazy\" decoding=\"async\" class=\"aligncenter size-full wp-image-15573\" title=\"Pa\u00edses signatarios presentaron las resoluciones de la XXX Reuni\u00f3n T\u00e9cnica Administrativa de la Vicu\u00f1a\" src=\"http:\/\/www.ambienteyenergia.gob.ec\/ambiente\/wp-content\/uploads\/2013\/09\/002.jpg\" alt=\"\" width=\"650\" height=\"366\" srcset=\"https:\/\/www.ambienteyenergia.gob.ec\/ambiente\/wp-content\/uploads\/sites\/2\/2013\/09\/002.jpg 650w, https:\/\/www.ambienteyenergia.gob.ec\/ambiente\/wp-content\/uploads\/sites\/2\/2013\/09\/002-300x168.jpg 300w, https:\/\/www.ambienteyenergia.gob.ec\/ambiente\/wp-content\/uploads\/sites\/2\/2013\/09\/002-500x281.jpg 500w\" sizes=\"auto, (max-width: 650px) 100vw, 650px\" \/><\/a><\/p>\n","protected":false},"excerpt":{"rendered":"<p class=\"excerpt\">En Riobamba, del 25 al 26 de septiembre, se llev\u00f3 a cabo la XXX Reuni\u00f3n Ordinaria del a Comisi\u00f3n T\u00e9cnica Administradora del Convenio de la Vicu\u00f1a, en cumplimiento con la Resoluci\u00f3n 335 realizada en Argentina en el 2012. En esta se presentaron los informes nacionales correspondientes al Estado Plurinacional de Bolivia y las Rep\u00fablicas de Chile, Per\u00fa, Argentina y Ecuador,&hellip; <a href=\"https:\/\/www.ambienteyenergia.gob.ec\/ambiente\/paises-signatarios-presentaron-las-resoluciones-de-la-xxx-reunion-tecnica-administrativa-de-la-vicuna\/\">Read more &rarr;<\/a><\/p>\n","protected":false},"author":13,"featured_media":15574,"comment_status":"open","ping_status":"open","sticky":false,"template":"","format":"standard","meta":{"footnotes":""},"categories":[16,4],"tags":[],"class_list":["post-15572","post","type-post","status-publish","format-standard","has-post-thumbnail","hentry","category-comunicamos","category-noticias","xfolkentry"],"_links":{"self":[{"href":"https:\/\/www.ambienteyenergia.gob.ec\/ambiente\/wp-json\/wp\/v2\/posts\/15572","targetHints":{"allow":["GET"]}}],"collection":[{"href":"https:\/\/www.ambienteyenergia.gob.ec\/ambiente\/wp-json\/wp\/v2\/posts"}],"about":[{"href":"https:\/\/www.ambienteyenergia.gob.ec\/ambiente\/wp-json\/wp\/v2\/types\/post"}],"author":[{"embeddable":true,"href":"https:\/\/www.ambienteyenergia.gob.ec\/ambiente\/wp-json\/wp\/v2\/users\/13"}],"replies":[{"embeddable":true,"href":"https:\/\/www.ambienteyenergia.gob.ec\/ambiente\/wp-json\/wp\/v2\/comments?post=15572"}],"version-history":[{"count":0,"href":"https:\/\/www.ambienteyenergia.gob.ec\/ambiente\/wp-json\/wp\/v2\/posts\/15572\/revisions"}],"wp:featuredmedia":[{"embeddable":true,"href":"https:\/\/www.ambienteyenergia.gob.ec\/ambiente\/wp-json\/wp\/v2\/media\/15574"}],"wp:attachment":[{"href":"https:\/\/www.ambienteyenergia.gob.ec\/ambiente\/wp-json\/wp\/v2\/media?parent=15572"}],"wp:term":[{"taxonomy":"category","embeddable":true,"href":"https:\/\/www.ambienteyenergia.gob.ec\/ambiente\/wp-json\/wp\/v2\/categories?post=15572"},{"taxonomy":"post_tag","embeddable":true,"href":"https:\/\/www.ambienteyenergia.gob.ec\/ambiente\/wp-json\/wp\/v2\/tags?post=15572"}],"curies":[{"name":"wp","href":"https:\/\/api.w.org\/{rel}","templated":true}]}}