{"id":15557,"date":"2013-09-26T13:57:22","date_gmt":"2013-09-26T18:57:22","guid":{"rendered":"http:\/\/www.ambiente.gob.ec\/?p=15557"},"modified":"2013-09-26T13:57:22","modified_gmt":"2013-09-26T18:57:22","slug":"la-gestion-ambiental-en-el-ecuador-se-fortalece-en-beneficio-de-la-ciudadania-2","status":"publish","type":"post","link":"https:\/\/www.ambienteyenergia.gob.ec\/ambiente\/la-gestion-ambiental-en-el-ecuador-se-fortalece-en-beneficio-de-la-ciudadania-2\/","title":{"rendered":"\u00abLa gesti\u00f3n ambiental en el Ecuador se fortalece en beneficio de la ciudadan\u00eda\u00bb"},"content":{"rendered":"<p style=\"text-align: justify;\">\u00abAhora el pa\u00eds cuenta con una Autoridad Ambiental s\u00f3lida, que vela por los derechos de la naturaleza y que exigir\u00e1 a todos los m\u00e1s altos est\u00e1ndares para cuidar y preservar el ambiente, y la vida de la poblaci\u00f3n\u00bb, enfatiz\u00f3 ayer, la Ministra del Ambiente, Lorena Tapia, durante la inauguraci\u00f3n de la XVI Expo Feria Ecuador Oil and Power, realizada en el Centro de Exposiciones Quito.<\/p>\n<p style=\"text-align: justify;\">En esta rueda de exposiciones y conferencias participar\u00e1n alrededor de 300 empresas nacionales e internacionales vinculadas a las \u00e1reas petrolera, energ\u00e9tica y de ambiente. Por esa raz\u00f3n, durante su intervenci\u00f3n, la Ministra Tapia indic\u00f3 que el Ministerio del Ambiente del Ecuador (MAE), como principal organismo rector en esta materia, regula y supervisa todas las actividades y proyectos, de manera constante, para que su enfoque est\u00e9 orientado hacia un desarrollo integral, responsable con el ambiente y su entorno social.<\/p>\n<p style=\"text-align: justify;\">La Titular de la Cartera de Ambienta explic\u00f3 tambi\u00e9n que \u00ablos nuevos estilos de vida y las actividades econ\u00f3micas generan impactos de diferente complejidad al ambiente que requieren respuestas oportunas y efectivas por parte de la Autoridad. En este contexto, -dijo- la gesti\u00f3n ambiental ahora tiene una perspectiva de planificaci\u00f3n, mediante un enfoque intersectorial, un eje transversal, que incide tanto en la matriz productiva, como en la matriz energ\u00e9tica. Por ello, el ambiente es parte de los sectores estrat\u00e9gicos del pa\u00eds\u00bb.<\/p>\n<p style=\"text-align: justify;\">Finalmente, manifest\u00f3 que espera que todas las exposiciones y foros enriquezcan el debate p\u00fablico y fortalezcan la gesti\u00f3n a favor del pa\u00eds. \u00abRecordemos que cuidar el ambiente es tarea de todos y que es nuestra responsabilidad velar por preservarlo\u00bb, dijo.<\/p>\n<p style=\"text-align: justify;\">\n","protected":false},"excerpt":{"rendered":"<p class=\"excerpt\">\u00abAhora el pa\u00eds cuenta con una Autoridad Ambiental s\u00f3lida, que vela por los derechos de la naturaleza y que exigir\u00e1 a todos los m\u00e1s altos est\u00e1ndares para cuidar y preservar el ambiente, y la vida de la poblaci\u00f3n\u00bb, enfatiz\u00f3 ayer, la Ministra del Ambiente, Lorena Tapia, durante la inauguraci\u00f3n de la XVI Expo Feria Ecuador Oil and Power, realizada en&hellip; <a href=\"https:\/\/www.ambienteyenergia.gob.ec\/ambiente\/la-gestion-ambiental-en-el-ecuador-se-fortalece-en-beneficio-de-la-ciudadania-2\/\">Read more &rarr;<\/a><\/p>\n","protected":false},"author":13,"featured_media":15558,"comment_status":"open","ping_status":"open","sticky":false,"template":"","format":"standard","meta":{"footnotes":""},"categories":[16,4],"tags":[],"class_list":["post-15557","post","type-post","status-publish","format-standard","has-post-thumbnail","hentry","category-comunicamos","category-noticias","xfolkentry"],"_links":{"self":[{"href":"https:\/\/www.ambienteyenergia.gob.ec\/ambiente\/wp-json\/wp\/v2\/posts\/15557","targetHints":{"allow":["GET"]}}],"collection":[{"href":"https:\/\/www.ambienteyenergia.gob.ec\/ambiente\/wp-json\/wp\/v2\/posts"}],"about":[{"href":"https:\/\/www.ambienteyenergia.gob.ec\/ambiente\/wp-json\/wp\/v2\/types\/post"}],"author":[{"embeddable":true,"href":"https:\/\/www.ambienteyenergia.gob.ec\/ambiente\/wp-json\/wp\/v2\/users\/13"}],"replies":[{"embeddable":true,"href":"https:\/\/www.ambienteyenergia.gob.ec\/ambiente\/wp-json\/wp\/v2\/comments?post=15557"}],"version-history":[{"count":0,"href":"https:\/\/www.ambienteyenergia.gob.ec\/ambiente\/wp-json\/wp\/v2\/posts\/15557\/revisions"}],"wp:featuredmedia":[{"embeddable":true,"href":"https:\/\/www.ambienteyenergia.gob.ec\/ambiente\/wp-json\/wp\/v2\/media\/15558"}],"wp:attachment":[{"href":"https:\/\/www.ambienteyenergia.gob.ec\/ambiente\/wp-json\/wp\/v2\/media?parent=15557"}],"wp:term":[{"taxonomy":"category","embeddable":true,"href":"https:\/\/www.ambienteyenergia.gob.ec\/ambiente\/wp-json\/wp\/v2\/categories?post=15557"},{"taxonomy":"post_tag","embeddable":true,"href":"https:\/\/www.ambienteyenergia.gob.ec\/ambiente\/wp-json\/wp\/v2\/tags?post=15557"}],"curies":[{"name":"wp","href":"https:\/\/api.w.org\/{rel}","templated":true}]}}