{"id":15548,"date":"2013-09-26T10:10:22","date_gmt":"2013-09-26T15:10:22","guid":{"rendered":"http:\/\/www.ambiente.gob.ec\/?p=15548"},"modified":"2013-09-26T10:10:22","modified_gmt":"2013-09-26T15:10:22","slug":"incendio-forestal-en-el-sector-de-purubin-fue-controlado-totalmente-canar","status":"publish","type":"post","link":"https:\/\/www.ambienteyenergia.gob.ec\/ambiente\/incendio-forestal-en-el-sector-de-purubin-fue-controlado-totalmente-canar\/","title":{"rendered":"Incendio forestal en el sector de Purubin fue controlado totalmente (Ca\u00f1ar)"},"content":{"rendered":"<p style=\"text-align: justify;\">El Ministerio del Ambiente (MAE), en coordinaci\u00f3n con los Bomberos y t\u00e9cnicos de la Secretaria de Gesti\u00f3n de Riesgos de la provincia de Ca\u00f1ar, logr\u00f3 apagar un incendio que se registr\u00f3 en el sector de Purubin, perteneciente a la Parroquia Gualleturo, a una altura de \u00a03200 msnm.<\/p>\n<p style=\"text-align: justify;\">Al mediod\u00eda de ayer se control\u00f3 totalmente el incendio que afect\u00f3 aproximadamente 2,61 hect\u00e1reas de vegetaci\u00f3n rastrera y arbustiva. Las especies arb\u00f3reas no se consumieron en gran medida y tampoco se detect\u00f3 la presencia de fauna afectada por el flagelo.<\/p>\n<p style=\"text-align: justify;\">La Direcci\u00f3n Provincial del Ambiente de Ca\u00f1ar realiz\u00f3 una intervenci\u00f3n urgente en la zona, debido a que sus condiciones clim\u00e1ticas, caracterizadas por una prolongada sequ\u00eda y fuertes vientos, amenazaban con contribuir a la propagaci\u00f3n del fuego.<\/p>\n<p style=\"text-align: justify;\">Es importante recalcar, que la zona afectada no se encuentra dentro del Sistema Nacional de \u00c1reas Protegidas, ni de Bosques y Vegetaci\u00f3n Protectores ni Patrimonio Forestal, pero se trata de un lugar substancial de recarga h\u00eddrica.<\/p>\n<p style=\"text-align: justify;\">El a\u00f1o anterior, esta zona registr\u00f3 la mayor incidencia de incendios forestales en la provincia de Ca\u00f1ar, afectando alrededor de 318 hect\u00e1reas. Por ello, este a\u00f1o se tomaron medidas preventivas para evitar que las llamas se propaguen.<\/p>\n<p style=\"text-align: justify;\">El MAE, en coordinaci\u00f3n con otras entidades, continuar\u00e1 realizando el monitoreo del lugar para evitar que se produzca un nuevo incendio forestal.<\/p>\n<p style=\"text-align: justify;\">\u00a0<a href=\"http:\/\/www.ambienteyenergia.gob.ec\/ambiente\/wp-content\/uploads\/2013\/09\/DSC01335.jpg\"><img loading=\"lazy\" decoding=\"async\" class=\"aligncenter size-full wp-image-15550\" title=\"Incendio forestal en el sector de Purubin fue controlado totalmente (Ca\u00f1ar)\" src=\"http:\/\/www.ambienteyenergia.gob.ec\/ambiente\/wp-content\/uploads\/2013\/09\/DSC01335.jpg\" alt=\"\" width=\"650\" height=\"488\" srcset=\"https:\/\/www.ambienteyenergia.gob.ec\/ambiente\/wp-content\/uploads\/sites\/2\/2013\/09\/DSC01335.jpg 650w, https:\/\/www.ambienteyenergia.gob.ec\/ambiente\/wp-content\/uploads\/sites\/2\/2013\/09\/DSC01335-300x225.jpg 300w, https:\/\/www.ambienteyenergia.gob.ec\/ambiente\/wp-content\/uploads\/sites\/2\/2013\/09\/DSC01335-399x300.jpg 399w\" sizes=\"auto, (max-width: 650px) 100vw, 650px\" \/><\/a><\/p>\n","protected":false},"excerpt":{"rendered":"<p class=\"excerpt\">El Ministerio del Ambiente (MAE), en coordinaci\u00f3n con los Bomberos y t\u00e9cnicos de la Secretaria de Gesti\u00f3n de Riesgos de la provincia de Ca\u00f1ar, logr\u00f3 apagar un incendio que se registr\u00f3 en el sector de Purubin, perteneciente a la Parroquia Gualleturo, a una altura de \u00a03200 msnm. Al mediod\u00eda de ayer se control\u00f3 totalmente el incendio que afect\u00f3 aproximadamente 2,61&hellip; <a href=\"https:\/\/www.ambienteyenergia.gob.ec\/ambiente\/incendio-forestal-en-el-sector-de-purubin-fue-controlado-totalmente-canar\/\">Read more &rarr;<\/a><\/p>\n","protected":false},"author":13,"featured_media":15549,"comment_status":"open","ping_status":"open","sticky":false,"template":"","format":"standard","meta":{"footnotes":""},"categories":[16,4],"tags":[],"class_list":["post-15548","post","type-post","status-publish","format-standard","has-post-thumbnail","hentry","category-comunicamos","category-noticias","xfolkentry"],"_links":{"self":[{"href":"https:\/\/www.ambienteyenergia.gob.ec\/ambiente\/wp-json\/wp\/v2\/posts\/15548","targetHints":{"allow":["GET"]}}],"collection":[{"href":"https:\/\/www.ambienteyenergia.gob.ec\/ambiente\/wp-json\/wp\/v2\/posts"}],"about":[{"href":"https:\/\/www.ambienteyenergia.gob.ec\/ambiente\/wp-json\/wp\/v2\/types\/post"}],"author":[{"embeddable":true,"href":"https:\/\/www.ambienteyenergia.gob.ec\/ambiente\/wp-json\/wp\/v2\/users\/13"}],"replies":[{"embeddable":true,"href":"https:\/\/www.ambienteyenergia.gob.ec\/ambiente\/wp-json\/wp\/v2\/comments?post=15548"}],"version-history":[{"count":0,"href":"https:\/\/www.ambienteyenergia.gob.ec\/ambiente\/wp-json\/wp\/v2\/posts\/15548\/revisions"}],"wp:featuredmedia":[{"embeddable":true,"href":"https:\/\/www.ambienteyenergia.gob.ec\/ambiente\/wp-json\/wp\/v2\/media\/15549"}],"wp:attachment":[{"href":"https:\/\/www.ambienteyenergia.gob.ec\/ambiente\/wp-json\/wp\/v2\/media?parent=15548"}],"wp:term":[{"taxonomy":"category","embeddable":true,"href":"https:\/\/www.ambienteyenergia.gob.ec\/ambiente\/wp-json\/wp\/v2\/categories?post=15548"},{"taxonomy":"post_tag","embeddable":true,"href":"https:\/\/www.ambienteyenergia.gob.ec\/ambiente\/wp-json\/wp\/v2\/tags?post=15548"}],"curies":[{"name":"wp","href":"https:\/\/api.w.org\/{rel}","templated":true}]}}