{"id":15542,"date":"2013-09-26T09:02:41","date_gmt":"2013-09-26T14:02:41","guid":{"rendered":"http:\/\/www.ambiente.gob.ec\/?p=15542"},"modified":"2013-09-26T09:02:41","modified_gmt":"2013-09-26T14:02:41","slug":"ecuador-es-sede-de-la-xxx-reunion-tecnico-administrativa-de-la-vicuna","status":"publish","type":"post","link":"https:\/\/www.ambienteyenergia.gob.ec\/ambiente\/ecuador-es-sede-de-la-xxx-reunion-tecnico-administrativa-de-la-vicuna\/","title":{"rendered":"Ecuador es sede de la XXX Reuni\u00f3n T\u00e9cnico Administrativa de la Vicu\u00f1a"},"content":{"rendered":"<p style=\"text-align: justify;\">Ayer, el Ministerio del Ambiente (MAE) particip\u00f3 en el acto inaugural de la XXX Reuni\u00f3n T\u00e9cnico Administrativa de la Vicu\u00f1a, desarrollada en la ciudad de Riobamba, provincia de Chimborazo. Esto como parte del Convenio de la Vicu\u00f1a, al que Ecuador est\u00e1 suscrito, y que tiene como objetivo evaluar las acciones de conservaci\u00f3n, manejo y aprovechamiento de esta especie.<\/p>\n<p style=\"text-align: justify;\">Esta reuni\u00f3n busca fortalecer las relaciones internacionales de conservaci\u00f3n y manejo de la especie en menci\u00f3n, as\u00ed como emitir resoluciones que beneficiar\u00e1n multilateralmente a los pa\u00edses miembros.<\/p>\n<p style=\"text-align: justify;\">Al evento asistieron autoridades nacionales y locales, quienes afianzaron el compromiso del Estado ecuatoriano en fortalecer y continuar trabajando en procesos de conservaci\u00f3n basados en la sostenibilidad comunitaria.<\/p>\n<p style=\"text-align: justify;\">Francisco Prieto, Director Nacional de Biodiversidad del MAE, en sus palabras de bienvenida ratific\u00f3 el compromiso de esta Cartera de Estado en seguir trabajando en proyectos de conservaci\u00f3n y manejo de la vicu\u00f1a para beneficio de las comunidades aleda\u00f1as a la Reserva Chimborazo, lugar donde habita esta especie de cam\u00e9lido.<\/p>\n<p style=\"text-align: justify;\">En la asamblea participaron delegaciones de pa\u00edses signatarios del mencionado Convenio como Argentina, Chile, Per\u00fa, Bolivia y Ecuador, quienes se comprometieron a trabajar y formular acciones para optimizar el uso sustentable de la especie.<\/p>\n<p style=\"text-align: justify;\">Ecuador asumi\u00f3 la Presidencia y Secretar\u00eda Pro t\u00e9mpore como pa\u00eds anfitri\u00f3n, as\u00ed tambi\u00e9n, present\u00f3 la propuesta de identidad corporativa al Convenio, la misma que ser\u00e1 discutida el d\u00eda de hoy.<\/p>\n<p style=\"text-align: justify;\">Por otro lado, los pa\u00edses miembros presentaron los informes t\u00e9cnicos de actividades y resultados obtenidos en cada regi\u00f3n, para de esta manera dar a conocer los avances y procesos ejecutados.<\/p>\n<p style=\"text-align: justify;\">\u00a0<a href=\"http:\/\/www.ambienteyenergia.gob.ec\/ambiente\/wp-content\/uploads\/2013\/09\/DSC07666.jpg\"><img loading=\"lazy\" decoding=\"async\" class=\"aligncenter size-full wp-image-15544\" title=\"Ecuador es sede de la XXX Reuni\u00f3n T\u00e9cnico Administrativa de la Vicu\u00f1a\" src=\"http:\/\/www.ambienteyenergia.gob.ec\/ambiente\/wp-content\/uploads\/2013\/09\/DSC07666.jpg\" alt=\"\" width=\"650\" height=\"389\" srcset=\"https:\/\/www.ambienteyenergia.gob.ec\/ambiente\/wp-content\/uploads\/sites\/2\/2013\/09\/DSC07666.jpg 650w, https:\/\/www.ambienteyenergia.gob.ec\/ambiente\/wp-content\/uploads\/sites\/2\/2013\/09\/DSC07666-300x179.jpg 300w, https:\/\/www.ambienteyenergia.gob.ec\/ambiente\/wp-content\/uploads\/sites\/2\/2013\/09\/DSC07666-500x300.jpg 500w\" sizes=\"auto, (max-width: 650px) 100vw, 650px\" \/><\/a><\/p>\n","protected":false},"excerpt":{"rendered":"<p class=\"excerpt\">Ayer, el Ministerio del Ambiente (MAE) particip\u00f3 en el acto inaugural de la XXX Reuni\u00f3n T\u00e9cnico Administrativa de la Vicu\u00f1a, desarrollada en la ciudad de Riobamba, provincia de Chimborazo. Esto como parte del Convenio de la Vicu\u00f1a, al que Ecuador est\u00e1 suscrito, y que tiene como objetivo evaluar las acciones de conservaci\u00f3n, manejo y aprovechamiento de esta especie. Esta reuni\u00f3n&hellip; <a href=\"https:\/\/www.ambienteyenergia.gob.ec\/ambiente\/ecuador-es-sede-de-la-xxx-reunion-tecnico-administrativa-de-la-vicuna\/\">Read more &rarr;<\/a><\/p>\n","protected":false},"author":13,"featured_media":15545,"comment_status":"open","ping_status":"open","sticky":false,"template":"","format":"standard","meta":{"footnotes":""},"categories":[16,4],"tags":[],"class_list":["post-15542","post","type-post","status-publish","format-standard","has-post-thumbnail","hentry","category-comunicamos","category-noticias","xfolkentry"],"_links":{"self":[{"href":"https:\/\/www.ambienteyenergia.gob.ec\/ambiente\/wp-json\/wp\/v2\/posts\/15542","targetHints":{"allow":["GET"]}}],"collection":[{"href":"https:\/\/www.ambienteyenergia.gob.ec\/ambiente\/wp-json\/wp\/v2\/posts"}],"about":[{"href":"https:\/\/www.ambienteyenergia.gob.ec\/ambiente\/wp-json\/wp\/v2\/types\/post"}],"author":[{"embeddable":true,"href":"https:\/\/www.ambienteyenergia.gob.ec\/ambiente\/wp-json\/wp\/v2\/users\/13"}],"replies":[{"embeddable":true,"href":"https:\/\/www.ambienteyenergia.gob.ec\/ambiente\/wp-json\/wp\/v2\/comments?post=15542"}],"version-history":[{"count":0,"href":"https:\/\/www.ambienteyenergia.gob.ec\/ambiente\/wp-json\/wp\/v2\/posts\/15542\/revisions"}],"wp:featuredmedia":[{"embeddable":true,"href":"https:\/\/www.ambienteyenergia.gob.ec\/ambiente\/wp-json\/wp\/v2\/media\/15545"}],"wp:attachment":[{"href":"https:\/\/www.ambienteyenergia.gob.ec\/ambiente\/wp-json\/wp\/v2\/media?parent=15542"}],"wp:term":[{"taxonomy":"category","embeddable":true,"href":"https:\/\/www.ambienteyenergia.gob.ec\/ambiente\/wp-json\/wp\/v2\/categories?post=15542"},{"taxonomy":"post_tag","embeddable":true,"href":"https:\/\/www.ambienteyenergia.gob.ec\/ambiente\/wp-json\/wp\/v2\/tags?post=15542"}],"curies":[{"name":"wp","href":"https:\/\/api.w.org\/{rel}","templated":true}]}}