{"id":15540,"date":"2013-09-26T08:59:18","date_gmt":"2013-09-26T13:59:18","guid":{"rendered":"http:\/\/www.ambiente.gob.ec\/?p=15540"},"modified":"2013-09-26T08:59:18","modified_gmt":"2013-09-26T13:59:18","slug":"fondos-concursables-para-las-areas-protegidas","status":"publish","type":"post","link":"https:\/\/www.ambienteyenergia.gob.ec\/ambiente\/fondos-concursables-para-las-areas-protegidas\/","title":{"rendered":"Fondos Concursables para las \u00c1reas Protegidas"},"content":{"rendered":"<p style=\"text-align: justify;\">El pr\u00f3ximo 27 de septiembre, el Ministerio del Ambiente a trav\u00e9s del Proyecto de Sostenibilidad Financiera (PSF) de \u00c1reas Protegidas del SNAP, realizar\u00e1 la presentaci\u00f3n del Mecanismo de Fondos Concursables (MFC), una oportunidad para financiar proyectos socio-productivos en las \u00c1reas Protegidas.<\/p>\n<p style=\"text-align: justify;\">El MFC es un proceso competitivo transparente que premia las mejores iniciativas productivas sostenibles propuestas por las comunidades asentadas dentro o alrededor de las \u00c1reas Protegidas Piloto del PSF; siempre que el proyecto presentado demuestre que propicia la conservaci\u00f3n o restauraci\u00f3n de los recursos naturales y la biodiversidad mientras, al mismo tiempo, mejora los niveles de vida de las comunidades involucradas en el emprendimiento productivo a trav\u00e9s de la asociaci\u00f3n de las mismas.<\/p>\n<p style=\"text-align: justify;\">Las propuestas provenientes de las Reservas de Producci\u00f3n de Fauna Chimborazo y Cuyabeno; los Parques Nacionales Yasun\u00ed y Cayambe \u2013 Coca; las Reservas Ecol\u00f3gicas Mache Chindul e Ilinizas; la Reserva Marina Galera San Francisco; las reservas privadas del Nodo Noroccidente de la provincia de Pichincha y el \u00c1rea Comunitaria el Humedal La Tembladera, tendr\u00e1n la oportunidad de participar en este proceso que propicia la igualdad de oportunidades y la transparencia en la selecci\u00f3n.<\/p>\n<p style=\"text-align: justify;\">El evento de presentaci\u00f3n del Mecanismo, contar\u00e1 con la presencia de las autoridades y funcionarios responsables de las \u00c1reas Protegidas del Ministerio del Ambiente, as\u00ed como los l\u00edderes comunitarios y referentes de las poblaciones asentadas en estas zonas.<\/p>\n<p style=\"text-align: justify;\"><strong>Lugar:<\/strong> Museo Mindalae, Reina Victoria N26-166 y la Ni\u00f1a, Quito<\/p>\n","protected":false},"excerpt":{"rendered":"<p class=\"excerpt\">El pr\u00f3ximo 27 de septiembre, el Ministerio del Ambiente a trav\u00e9s del Proyecto de Sostenibilidad Financiera (PSF) de \u00c1reas Protegidas del SNAP, realizar\u00e1 la presentaci\u00f3n del Mecanismo de Fondos Concursables (MFC), una oportunidad para financiar proyectos socio-productivos en las \u00c1reas Protegidas. El MFC es un proceso competitivo transparente que premia las mejores iniciativas productivas sostenibles propuestas por las comunidades asentadas&hellip; <a href=\"https:\/\/www.ambienteyenergia.gob.ec\/ambiente\/fondos-concursables-para-las-areas-protegidas\/\">Read more &rarr;<\/a><\/p>\n","protected":false},"author":13,"featured_media":15531,"comment_status":"open","ping_status":"open","sticky":false,"template":"","format":"standard","meta":{"footnotes":""},"categories":[16,4],"tags":[],"class_list":["post-15540","post","type-post","status-publish","format-standard","has-post-thumbnail","hentry","category-comunicamos","category-noticias","xfolkentry"],"_links":{"self":[{"href":"https:\/\/www.ambienteyenergia.gob.ec\/ambiente\/wp-json\/wp\/v2\/posts\/15540","targetHints":{"allow":["GET"]}}],"collection":[{"href":"https:\/\/www.ambienteyenergia.gob.ec\/ambiente\/wp-json\/wp\/v2\/posts"}],"about":[{"href":"https:\/\/www.ambienteyenergia.gob.ec\/ambiente\/wp-json\/wp\/v2\/types\/post"}],"author":[{"embeddable":true,"href":"https:\/\/www.ambienteyenergia.gob.ec\/ambiente\/wp-json\/wp\/v2\/users\/13"}],"replies":[{"embeddable":true,"href":"https:\/\/www.ambienteyenergia.gob.ec\/ambiente\/wp-json\/wp\/v2\/comments?post=15540"}],"version-history":[{"count":0,"href":"https:\/\/www.ambienteyenergia.gob.ec\/ambiente\/wp-json\/wp\/v2\/posts\/15540\/revisions"}],"wp:featuredmedia":[{"embeddable":true,"href":"https:\/\/www.ambienteyenergia.gob.ec\/ambiente\/wp-json\/wp\/v2\/media\/15531"}],"wp:attachment":[{"href":"https:\/\/www.ambienteyenergia.gob.ec\/ambiente\/wp-json\/wp\/v2\/media?parent=15540"}],"wp:term":[{"taxonomy":"category","embeddable":true,"href":"https:\/\/www.ambienteyenergia.gob.ec\/ambiente\/wp-json\/wp\/v2\/categories?post=15540"},{"taxonomy":"post_tag","embeddable":true,"href":"https:\/\/www.ambienteyenergia.gob.ec\/ambiente\/wp-json\/wp\/v2\/tags?post=15540"}],"curies":[{"name":"wp","href":"https:\/\/api.w.org\/{rel}","templated":true}]}}