{"id":15530,"date":"2013-09-25T16:57:11","date_gmt":"2013-09-25T21:57:11","guid":{"rendered":"http:\/\/www.ambiente.gob.ec\/?p=15530"},"modified":"2013-09-25T16:57:11","modified_gmt":"2013-09-25T21:57:11","slug":"mae-capacito-a-personal-sobre-manejo-forestal-en-napo","status":"publish","type":"post","link":"https:\/\/www.ambienteyenergia.gob.ec\/ambiente\/mae-capacito-a-personal-sobre-manejo-forestal-en-napo\/","title":{"rendered":"MAE capacit\u00f3 a personal sobre manejo forestal en Napo"},"content":{"rendered":"<p style=\"text-align: justify;\">El Ministerio del Ambiente (MAE), a trav\u00e9s de la Subsecretar\u00eda de Patrimonio Natural, organiz\u00f3 dos talleres, en los que capacit\u00f3 a personal que realiza control forestal, en los puestos fijos y unidades de control m\u00f3vil. El objetivo fue proporcionarles informaci\u00f3n referente al tema y facilitar el desempe\u00f1o de sus actividades. Las jornadas de trabajo se desarrollaron el 17, 18, 24 y 25 de septiembre, en la Direcci\u00f3n Provincial del Ambiente de Napo.<\/p>\n<p style=\"text-align: justify;\">En la capacitaci\u00f3n se abordaron temas como la Normativa Ambiental enfocada al control forestal y de vida silvestre, protocolos administrativos, manejo de GPS y cartograf\u00eda b\u00e1sica.<\/p>\n<p style=\"text-align: justify;\">Dami\u00e1n Guerra, Director Provincial Ambiente de Napo, imparti\u00f3 sus conocimientos para la identificaci\u00f3n de especies maderables.<\/p>\n<p style=\"text-align: justify;\">La Direcci\u00f3n Nacional Forestal coordina este proceso de capacitaci\u00f3n y educaci\u00f3n ambiental, encaminado a la conservaci\u00f3n y el uso sustentable de los bosques, a trav\u00e9s de herramientas que faciliten la identificaci\u00f3n de madera ilegal.<\/p>\n<p style=\"text-align: justify;\">Con este tipo de iniciativas, el Ministerio del Ambiente pretende fortalecer las capacidades de los actores involucrados en los operativos de control tanto de madera como de vida silvestre, para hacer m\u00e1s efectivo el manejo de este tipo de actividades.<\/p>\n","protected":false},"excerpt":{"rendered":"<p class=\"excerpt\">El Ministerio del Ambiente (MAE), a trav\u00e9s de la Subsecretar\u00eda de Patrimonio Natural, organiz\u00f3 dos talleres, en los que capacit\u00f3 a personal que realiza control forestal, en los puestos fijos y unidades de control m\u00f3vil. El objetivo fue proporcionarles informaci\u00f3n referente al tema y facilitar el desempe\u00f1o de sus actividades. Las jornadas de trabajo se desarrollaron el 17, 18, 24&hellip; <a href=\"https:\/\/www.ambienteyenergia.gob.ec\/ambiente\/mae-capacito-a-personal-sobre-manejo-forestal-en-napo\/\">Read more &rarr;<\/a><\/p>\n","protected":false},"author":13,"featured_media":15531,"comment_status":"open","ping_status":"open","sticky":false,"template":"","format":"standard","meta":{"footnotes":""},"categories":[16,4],"tags":[],"class_list":["post-15530","post","type-post","status-publish","format-standard","has-post-thumbnail","hentry","category-comunicamos","category-noticias","xfolkentry"],"_links":{"self":[{"href":"https:\/\/www.ambienteyenergia.gob.ec\/ambiente\/wp-json\/wp\/v2\/posts\/15530","targetHints":{"allow":["GET"]}}],"collection":[{"href":"https:\/\/www.ambienteyenergia.gob.ec\/ambiente\/wp-json\/wp\/v2\/posts"}],"about":[{"href":"https:\/\/www.ambienteyenergia.gob.ec\/ambiente\/wp-json\/wp\/v2\/types\/post"}],"author":[{"embeddable":true,"href":"https:\/\/www.ambienteyenergia.gob.ec\/ambiente\/wp-json\/wp\/v2\/users\/13"}],"replies":[{"embeddable":true,"href":"https:\/\/www.ambienteyenergia.gob.ec\/ambiente\/wp-json\/wp\/v2\/comments?post=15530"}],"version-history":[{"count":0,"href":"https:\/\/www.ambienteyenergia.gob.ec\/ambiente\/wp-json\/wp\/v2\/posts\/15530\/revisions"}],"wp:featuredmedia":[{"embeddable":true,"href":"https:\/\/www.ambienteyenergia.gob.ec\/ambiente\/wp-json\/wp\/v2\/media\/15531"}],"wp:attachment":[{"href":"https:\/\/www.ambienteyenergia.gob.ec\/ambiente\/wp-json\/wp\/v2\/media?parent=15530"}],"wp:term":[{"taxonomy":"category","embeddable":true,"href":"https:\/\/www.ambienteyenergia.gob.ec\/ambiente\/wp-json\/wp\/v2\/categories?post=15530"},{"taxonomy":"post_tag","embeddable":true,"href":"https:\/\/www.ambienteyenergia.gob.ec\/ambiente\/wp-json\/wp\/v2\/tags?post=15530"}],"curies":[{"name":"wp","href":"https:\/\/api.w.org\/{rel}","templated":true}]}}