{"id":15512,"date":"2013-09-25T14:31:00","date_gmt":"2013-09-25T19:31:00","guid":{"rendered":"http:\/\/www.ambiente.gob.ec\/?p=15512"},"modified":"2013-09-25T16:02:23","modified_gmt":"2013-09-25T21:02:23","slug":"ministra-del-ambiente-lorena-tapia-lidera-decision-historica-para-combatir-la-deforestacion","status":"publish","type":"post","link":"https:\/\/www.ambienteyenergia.gob.ec\/ambiente\/ministra-del-ambiente-lorena-tapia-lidera-decision-historica-para-combatir-la-deforestacion\/","title":{"rendered":"Ministra del Ambiente, Lorena Tapia, lidera decisi\u00f3n hist\u00f3rica para combatir la deforestaci\u00f3n"},"content":{"rendered":"<p style=\"text-align: justify;\">Hoy, en rueda de prensa, la Ministra del Ambiente, Lorena Tapia, inform\u00f3 sobre los alcances del \u00a0Estado de Excepci\u00f3n, declarado por el Presidente, Rafael Correa, en la provincia de Esmeraldas. El Decreto 116 prohibe la emisi\u00f3n de permisos de tala en bosque nativo y la renovaci\u00f3n de los existentes. Durante el per\u00edodo de 60 d\u00edas que establece la Moratoria, se plantea realizar una auditor\u00eda a todos los permisos otorgados por el Ministerio del Ambiente (MAE).<\/p>\n<p style=\"text-align: justify;\">\u201cEl objetivo fundamental de esta Declaratoria de Excepci\u00f3n es la legalidad de la actividad forestal en Esmeraldas, hablamos entonces, de un aprovechamiento forestal sostenible que permita hacer frente a la m\u00e1s alta tasa de deforestaci\u00f3n registrada a nivel provincial\u201d, afirm\u00f3 la Ministra Tapia.<\/p>\n<p style=\"text-align: justify;\">Esta acci\u00f3n obedece a un estudio realizado por esta Cartera de Estado que lleva algunos a\u00f1os. Puntualmente, en la provincia de Esmeraldas, luego de haber realizado un profundo trabajo de campo, se levantaron datos alarmantes. La tasa de deforestaci\u00f3n nacional es de 65.880 hect\u00e1reas anuales, de las cuales, 12.485 hect\u00e1reas corresponden a Esmeraldas. Es decir, sobrepasa el promedio por provincia que registra alrededor de 3 000 hect\u00e1reas deforestadas.<\/p>\n<p style=\"text-align: justify;\">Christian Ter\u00e1n, Subsecretario de Patrimonio Natural del MAE, precis\u00f3 que la herramienta utilizada para obtener estos datos fue el mapa de deforestaci\u00f3n y corresponden al per\u00edodo entre 1990 y 2008.<\/p>\n<p style=\"text-align: justify;\">\u201cEl Ministerio del Ambiente ha propuesto un plan de acci\u00f3n que involucra, entre otros aspectos los siguientes rubros. En primer lugar, contaremos con un presupuesto que ascender\u00e1 alrededor de USD\u00a0 5,1 millones. Este presupuesto ser\u00e1 destinado, puntualmente, para equipamiento, contrataci\u00f3n de personal, prevenci\u00f3n y supervisi\u00f3n de permisos, para los 60 d\u00edas que dure el Estado de Excepci\u00f3n. Asimismo, para la implementaci\u00f3n de tecnolog\u00eda de punta, que permita al Ecuador hacer frente con un sistema de control forestal modelo\u201d, ratific\u00f3 la Secretaria de Estado.<\/p>\n<p style=\"text-align: justify;\">M\u00e1s de 50 personas estar\u00e1n a cargo de la inspecci\u00f3n y auditoria de los permisos ambientales de aprovechamiento forestal emitidos, que es uno de los componentes del Decreto 116. \u00a0Adem\u00e1s, se abrir\u00e1n expedientes administrativos para las personas que hayan incumplido con la normativa y se iniciar\u00e1n procesos de construcci\u00f3n participativa para la elaboraci\u00f3n de una nueva normativa forestal. Estas acciones permitir\u00e1n al Ecuador responder a una pr\u00e1ctica forestal sostenible.<\/p>\n<p style=\"text-align: justify;\"><strong>MAE activar\u00e1 programa de incentivos<\/strong><\/p>\n<p style=\"text-align: justify;\">Asimismo, se implementar\u00e1n programas de incentivos, generando soluciones para la poblaci\u00f3n que se dedica a esta actividad. Este programa de incentivos incluir\u00e1 la optimizaci\u00f3n de procesos de aprobaci\u00f3n de los programas de aprovechamiento, compra de maquinaria para mejorar el aprovechamiento de la madera y disminuir su desperdicio, se apoyar\u00e1 la legalizaci\u00f3n de tierras y el manejo forestal sostenible. En ese marco, el programa Socio Bosque se fortalecer\u00e1 en la provincia con fin de proteger los bosques nativos e incentivar a los ciudadanos a la conservaci\u00f3n.<\/p>\n<p style=\"text-align: justify;\">\u00a0\u201cEl pa\u00eds cuenta con una Autoridad Ambiental fuerte y comprometida, que va a llevar adelante esta medida, que sin duda, ha sido pensada en beneficio de la mayor\u00eda de ecuatorianos\u201d, asegur\u00f3 Tapia.<\/p>\n<p style=\"text-align: justify;\"><strong>Apoyo del Ministerio Coordinador de Seguridad<\/strong><\/p>\n<p style=\"text-align: justify;\">Por su parte, el Ministro Coordinador de Seguridad, Homero Arellano, se refiri\u00f3 a los operativos de seguridad en los que trabajar\u00e1n para apoyar la labor del personal t\u00e9cnico del MAE.<\/p>\n<p style=\"text-align: justify;\">\u201cEs hora de parar la deforestaci\u00f3n indiscriminada e irresponsable en el pa\u00eds. Para esto el Ministerio del Ambiente cuenta con unas Fuerzas Armadas y Polic\u00eda, que han venido trabajando en ello\u201d, afirm\u00f3 Arellano.<\/p>\n<p style=\"text-align: justify;\">Este Decreto permitir\u00e1 con toda legalidad ejercer el ordenamiento y la regulaci\u00f3n en el \u00e1rea forestal en Esmeraldas. \u201cHabr\u00e1n operativos sorpresivos y controles m\u00e1s fuertes en carreteras para evitar que se incumpla lo establecido por el MAE\u201d, expres\u00f3 Arellano,<\/p>\n<p style=\"text-align: justify;\">Finalmente, los Ministros ratificaron que se aplicaran todas las acciones necesarias para controlar este conflicto ambiental. Como medida preventiva, fortalecer\u00e1n los controles en toda la Amazon\u00eda a nivel ambiental, para evitar que la tala ilegal se desplace a este sector vulnerable.<\/p>\n<p style=\"text-align: justify;\"><strong>Esmeraldas es una provincia con alta biodiversidad<\/strong><\/p>\n<p style=\"text-align: justify;\"><strong><\/strong><span style=\"text-align: justify;\">El territorio que corresponde a la provincia de Esmeraldas tiene un total de ocho \u00e1reas protegidas. En este marco, Esmeraldas es la provincia con mayor cantidad de \u00e1reas protegidas dentro de su territorio. Es por ello, que el Ministerio del Ambiente requiri\u00f3 este Estado de Excepci\u00f3n para preservar el Patrimonio Natural del Ecuador.<\/span><\/p>\n<p>\u00a0<a href=\"http:\/\/www.ambienteyenergia.gob.ec\/ambiente\/wp-content\/uploads\/2013\/09\/IMG_5667.jpg\"><img loading=\"lazy\" decoding=\"async\" class=\"aligncenter size-full wp-image-15513\" title=\"Ministra del Ambiente, Lorena Tapia, lidera decisi\u00f3n hist\u00f3rica para combatir la deforestaci\u00f3n  \" src=\"http:\/\/www.ambienteyenergia.gob.ec\/ambiente\/wp-content\/uploads\/2013\/09\/IMG_5667.jpg\" alt=\"\" width=\"650\" height=\"433\" srcset=\"https:\/\/www.ambienteyenergia.gob.ec\/ambiente\/wp-content\/uploads\/sites\/2\/2013\/09\/IMG_5667.jpg 650w, https:\/\/www.ambienteyenergia.gob.ec\/ambiente\/wp-content\/uploads\/sites\/2\/2013\/09\/IMG_5667-300x199.jpg 300w, https:\/\/www.ambienteyenergia.gob.ec\/ambiente\/wp-content\/uploads\/sites\/2\/2013\/09\/IMG_5667-450x300.jpg 450w\" sizes=\"auto, (max-width: 650px) 100vw, 650px\" \/><\/a><\/p>\n<p>&nbsp;<\/p>\n<p>&nbsp;<\/p>\n","protected":false},"excerpt":{"rendered":"<p class=\"excerpt\">Hoy, en rueda de prensa, la Ministra del Ambiente, Lorena Tapia, inform\u00f3 sobre los alcances del \u00a0Estado de Excepci\u00f3n, declarado por el Presidente, Rafael Correa, en la provincia de Esmeraldas. El Decreto 116 prohibe la emisi\u00f3n de permisos de tala en bosque nativo y la renovaci\u00f3n de los existentes. Durante el per\u00edodo de 60 d\u00edas que establece la Moratoria, se&hellip; <a href=\"https:\/\/www.ambienteyenergia.gob.ec\/ambiente\/ministra-del-ambiente-lorena-tapia-lidera-decision-historica-para-combatir-la-deforestacion\/\">Read more &rarr;<\/a><\/p>\n","protected":false},"author":13,"featured_media":15516,"comment_status":"open","ping_status":"open","sticky":false,"template":"","format":"standard","meta":{"footnotes":""},"categories":[16,4,10],"tags":[],"class_list":["post-15512","post","type-post","status-publish","format-standard","has-post-thumbnail","hentry","category-comunicamos","category-noticias","category-noticias-destacadas","xfolkentry"],"_links":{"self":[{"href":"https:\/\/www.ambienteyenergia.gob.ec\/ambiente\/wp-json\/wp\/v2\/posts\/15512","targetHints":{"allow":["GET"]}}],"collection":[{"href":"https:\/\/www.ambienteyenergia.gob.ec\/ambiente\/wp-json\/wp\/v2\/posts"}],"about":[{"href":"https:\/\/www.ambienteyenergia.gob.ec\/ambiente\/wp-json\/wp\/v2\/types\/post"}],"author":[{"embeddable":true,"href":"https:\/\/www.ambienteyenergia.gob.ec\/ambiente\/wp-json\/wp\/v2\/users\/13"}],"replies":[{"embeddable":true,"href":"https:\/\/www.ambienteyenergia.gob.ec\/ambiente\/wp-json\/wp\/v2\/comments?post=15512"}],"version-history":[{"count":0,"href":"https:\/\/www.ambienteyenergia.gob.ec\/ambiente\/wp-json\/wp\/v2\/posts\/15512\/revisions"}],"wp:featuredmedia":[{"embeddable":true,"href":"https:\/\/www.ambienteyenergia.gob.ec\/ambiente\/wp-json\/wp\/v2\/media\/15516"}],"wp:attachment":[{"href":"https:\/\/www.ambienteyenergia.gob.ec\/ambiente\/wp-json\/wp\/v2\/media?parent=15512"}],"wp:term":[{"taxonomy":"category","embeddable":true,"href":"https:\/\/www.ambienteyenergia.gob.ec\/ambiente\/wp-json\/wp\/v2\/categories?post=15512"},{"taxonomy":"post_tag","embeddable":true,"href":"https:\/\/www.ambienteyenergia.gob.ec\/ambiente\/wp-json\/wp\/v2\/tags?post=15512"}],"curies":[{"name":"wp","href":"https:\/\/api.w.org\/{rel}","templated":true}]}}