{"id":15507,"date":"2013-09-25T10:22:43","date_gmt":"2013-09-25T15:22:43","guid":{"rendered":"http:\/\/www.ambiente.gob.ec\/?p=15507"},"modified":"2013-09-25T10:22:57","modified_gmt":"2013-09-25T15:22:57","slug":"alto-a-la-tala-ilegal-de-madera-ecuador-verde-denunciemos-la-tala-indiscriminada","status":"publish","type":"post","link":"https:\/\/www.ambienteyenergia.gob.ec\/ambiente\/alto-a-la-tala-ilegal-de-madera-ecuador-verde-denunciemos-la-tala-indiscriminada\/","title":{"rendered":"Proyecto &#8216;Guardianes del Planeta&#8217; impulsa buenas pr\u00e1cticas ambientales en ni\u00f1os de la comunidad de Sinang\u00fce (Sucumb\u00edos)"},"content":{"rendered":"<p style=\"text-align: justify;\">El Ministerio del Ambiente (MAE), a trav\u00e9s del Parque Nacional Cayambe\u2013 Coca zona baja, inici\u00f3 los talleres de capacitaci\u00f3n en la escuela R\u00edo Cofan de la comunidad Sinang\u00fce, ubicada en la parroquia Puerto Libre, provincia de Sucumb\u00edos. Esta iniciativa es parte del Proyecto \u201cRed Infantil Guardianes del Planeta\u201d, impulsado por esta Cartera de Estado, \u00a0a nivel nacional y que tiene como objetivo formar una cultura ambiental en ni\u00f1os y ni\u00f1as e impulsar buenas pr\u00e1cticas de conservaci\u00f3n y el uso sostenible de los recursos naturales.<\/p>\n<p style=\"text-align: justify;\">En el taller se explic\u00f3 sobre la biodiversidad del Parque Nacional Cayambe &#8211; Coca zona baja y la importancia de conservar las \u00e1reas protegidas. Asimismo, como parte de una actividad pr\u00e1ctica, cada ni\u00f1o sembr\u00f3 un \u00e1rbol y se comprometi\u00f3 a cuidarlo y protegerlo.<\/p>\n<p style=\"text-align: justify;\">Adem\u00e1s, se realiz\u00f3 una presentaci\u00f3n de t\u00edteres, en la que los ni\u00f1os cooperaron para la realizaci\u00f3n del guion, en funci\u00f3n de lo aprendido en el taller.<\/p>\n<p style=\"text-align: justify;\">Parque Nacional Cayambe &#8211; Coca seguir\u00e1 capacitando a las diferentes escuelas que se encuentran en la zona de amortiguamiento, con el fin de implementar un proceso de educaci\u00f3n ambiental desde temprana edad y en la que los ni\u00f1os aprendan a trav\u00e9s de actividades l\u00fadico \u2013 cognitivas. As\u00ed los peque\u00f1os se convertir\u00e1n en actores fundamentales para mantener un ambiente sano y arm\u00f3nico.<\/p>\n<p style=\"text-align: justify;\"><a href=\"http:\/\/www.ambienteyenergia.gob.ec\/ambiente\/wp-content\/uploads\/2013\/09\/Screen-Shot-2013-09-25-at-10.22.42.png\"><img loading=\"lazy\" decoding=\"async\" class=\"aligncenter size-full wp-image-15509\" title=\"Proyecto 'Guardianes del Planeta' impulsa buenas pr\u00e1cticas ambientales en ni\u00f1os de la comunidad de Sinang\u00fce (Sucumb\u00edos)\" src=\"http:\/\/www.ambienteyenergia.gob.ec\/ambiente\/wp-content\/uploads\/2013\/09\/Screen-Shot-2013-09-25-at-10.22.42.png\" alt=\"\" width=\"691\" height=\"468\" srcset=\"https:\/\/www.ambienteyenergia.gob.ec\/ambiente\/wp-content\/uploads\/sites\/2\/2013\/09\/Screen-Shot-2013-09-25-at-10.22.42.png 691w, https:\/\/www.ambienteyenergia.gob.ec\/ambiente\/wp-content\/uploads\/sites\/2\/2013\/09\/Screen-Shot-2013-09-25-at-10.22.42-300x203.png 300w, https:\/\/www.ambienteyenergia.gob.ec\/ambiente\/wp-content\/uploads\/sites\/2\/2013\/09\/Screen-Shot-2013-09-25-at-10.22.42-442x300.png 442w\" sizes=\"auto, (max-width: 691px) 100vw, 691px\" \/><\/a><\/p>\n","protected":false},"excerpt":{"rendered":"<p class=\"excerpt\">El Ministerio del Ambiente (MAE), a trav\u00e9s del Parque Nacional Cayambe\u2013 Coca zona baja, inici\u00f3 los talleres de capacitaci\u00f3n en la escuela R\u00edo Cofan de la comunidad Sinang\u00fce, ubicada en la parroquia Puerto Libre, provincia de Sucumb\u00edos. Esta iniciativa es parte del Proyecto \u201cRed Infantil Guardianes del Planeta\u201d, impulsado por esta Cartera de Estado, \u00a0a nivel nacional y que tiene&hellip; <a href=\"https:\/\/www.ambienteyenergia.gob.ec\/ambiente\/alto-a-la-tala-ilegal-de-madera-ecuador-verde-denunciemos-la-tala-indiscriminada\/\">Read more &rarr;<\/a><\/p>\n","protected":false},"author":13,"featured_media":15508,"comment_status":"open","ping_status":"open","sticky":false,"template":"","format":"standard","meta":{"footnotes":""},"categories":[16,4],"tags":[],"class_list":["post-15507","post","type-post","status-publish","format-standard","has-post-thumbnail","hentry","category-comunicamos","category-noticias","xfolkentry"],"_links":{"self":[{"href":"https:\/\/www.ambienteyenergia.gob.ec\/ambiente\/wp-json\/wp\/v2\/posts\/15507","targetHints":{"allow":["GET"]}}],"collection":[{"href":"https:\/\/www.ambienteyenergia.gob.ec\/ambiente\/wp-json\/wp\/v2\/posts"}],"about":[{"href":"https:\/\/www.ambienteyenergia.gob.ec\/ambiente\/wp-json\/wp\/v2\/types\/post"}],"author":[{"embeddable":true,"href":"https:\/\/www.ambienteyenergia.gob.ec\/ambiente\/wp-json\/wp\/v2\/users\/13"}],"replies":[{"embeddable":true,"href":"https:\/\/www.ambienteyenergia.gob.ec\/ambiente\/wp-json\/wp\/v2\/comments?post=15507"}],"version-history":[{"count":0,"href":"https:\/\/www.ambienteyenergia.gob.ec\/ambiente\/wp-json\/wp\/v2\/posts\/15507\/revisions"}],"wp:featuredmedia":[{"embeddable":true,"href":"https:\/\/www.ambienteyenergia.gob.ec\/ambiente\/wp-json\/wp\/v2\/media\/15508"}],"wp:attachment":[{"href":"https:\/\/www.ambienteyenergia.gob.ec\/ambiente\/wp-json\/wp\/v2\/media?parent=15507"}],"wp:term":[{"taxonomy":"category","embeddable":true,"href":"https:\/\/www.ambienteyenergia.gob.ec\/ambiente\/wp-json\/wp\/v2\/categories?post=15507"},{"taxonomy":"post_tag","embeddable":true,"href":"https:\/\/www.ambienteyenergia.gob.ec\/ambiente\/wp-json\/wp\/v2\/tags?post=15507"}],"curies":[{"name":"wp","href":"https:\/\/api.w.org\/{rel}","templated":true}]}}