{"id":15491,"date":"2013-09-24T22:06:58","date_gmt":"2013-09-25T03:06:58","guid":{"rendered":"http:\/\/www.ambiente.gob.ec\/?p=15491"},"modified":"2013-09-24T22:32:22","modified_gmt":"2013-09-25T03:32:22","slug":"estado-de-excepcion-en-esmeraldas-busca-fomentar-un-manejo-forestal-sostenible","status":"publish","type":"post","link":"https:\/\/www.ambienteyenergia.gob.ec\/ambiente\/estado-de-excepcion-en-esmeraldas-busca-fomentar-un-manejo-forestal-sostenible\/","title":{"rendered":"Estado de Excepci\u00f3n en Esmeraldas busca fomentar un manejo forestal sostenible"},"content":{"rendered":"<p style=\"text-align: justify;\">El Estado de Excepci\u00f3n decretado por el Presidente de la Rep\u00fablica, Rafael Correa, en la Provincia de Esmeraldas ser\u00e1 liderado por el Ministerio del Ambiente a trav\u00e9s de un Plan de Acci\u00f3n que se ejecutar\u00e1 en coordinaci\u00f3n con el Ministerio del Interior y Defensa Nacional, Secretar\u00eda Nacional de Inteligencia, Ministerio de Coordinaci\u00f3n de Seguridad,\u00a0 Fiscal\u00eda General del Estado y Secretar\u00eda Nacional de Comunicaci\u00f3n.\u00a0 El objetivo de esta medida es operativizar un plan para frenar la tala del bosque nativo y de regeneraci\u00f3n natural de la provincia costera para promover un manejo forestal sostenible.<\/p>\n<p style=\"text-align: justify;\">Esmeraldas es la provincia con el nivel m\u00e1s alto de deforestaci\u00f3n a nivel nacional. Es por ello, que con esta medida solicitada por la M\u00e1xima Autoridad Ambiental, esta Cartera de Estado, busca salvaguardar la productividad de bosques nativos y la conservaci\u00f3n de sitios \u00fanicos que tiene el patrimonio natural de la provincia de Esmeraldas y del Ecuador. Adem\u00e1s, se propiciar\u00e1 \u00a0una actividad forestal responsable que asegure negocios rentables en donde todos los actores sean beneficiados.<\/p>\n<p style=\"text-align: justify;\">Durante los 60 d\u00edas que dura el Estado de Excepci\u00f3n se proh\u00edbe la emisi\u00f3n de permisos de tala en bosque nativo y la renovaci\u00f3n de los existentes. Adicionalmente, se realizar\u00e1 una auditor\u00eda de todos los permisos de tala en el bosque nativo otorgados por esta Cartera de Estado, a trav\u00e9s de la Subsecretar\u00eda de Transparencia de Gesti\u00f3n y de una empresa auditora experta.<\/p>\n<p style=\"text-align: justify;\">El Ministerio del Ambiente, a trav\u00e9s de un equipo especializado, revisar\u00e1 y evaluar\u00e1 el 100% de los programas aprobados en bosques nativos en campo tanto de peque\u00f1os como de grandes empresas. Es decir, todos los actores que trabajan con la madera y que deben ajustarse a la normativa vigente.<\/p>\n<p style=\"text-align: justify;\">A trav\u00e9s del Estado de Excepci\u00f3n se implementar\u00e1 un programa de incentivos para el manejo forestal sostenible. \u00a0\u00abEsta es una necesidad \u00a0hist\u00f3rica de solucionar un problema en una de las provincias m\u00e1s biodiversas del Ecuador, bajo una autoridad ambiental fuerte y comprometida que protege el h\u00e1bitat de las personas\u00bb, recalca \u00a0la Ministra Lorena Tapia.<\/p>\n<p><em><a href=\"http:\/\/www.ambienteyenergia.gob.ec\/ambiente\/wp-content\/uploads\/downloads\/2013\/09\/116.pdf\">Decreto a la Asamblea y a la Corte Constitucional de Estado de Excepci\u00f3n<\/a><\/em><\/p>\n<p>&nbsp;<\/p>\n","protected":false},"excerpt":{"rendered":"<p class=\"excerpt\">El Estado de Excepci\u00f3n decretado por el Presidente de la Rep\u00fablica, Rafael Correa, en la Provincia de Esmeraldas ser\u00e1 liderado por el Ministerio del Ambiente a trav\u00e9s de un Plan de Acci\u00f3n que se ejecutar\u00e1 en coordinaci\u00f3n con el Ministerio del Interior y Defensa Nacional, Secretar\u00eda Nacional de Inteligencia, Ministerio de Coordinaci\u00f3n de Seguridad,\u00a0 Fiscal\u00eda General del Estado y Secretar\u00eda&hellip; <a href=\"https:\/\/www.ambienteyenergia.gob.ec\/ambiente\/estado-de-excepcion-en-esmeraldas-busca-fomentar-un-manejo-forestal-sostenible\/\">Read more &rarr;<\/a><\/p>\n","protected":false},"author":13,"featured_media":15492,"comment_status":"open","ping_status":"open","sticky":false,"template":"","format":"standard","meta":{"footnotes":""},"categories":[16,4,10],"tags":[],"class_list":["post-15491","post","type-post","status-publish","format-standard","has-post-thumbnail","hentry","category-comunicamos","category-noticias","category-noticias-destacadas","xfolkentry"],"_links":{"self":[{"href":"https:\/\/www.ambienteyenergia.gob.ec\/ambiente\/wp-json\/wp\/v2\/posts\/15491","targetHints":{"allow":["GET"]}}],"collection":[{"href":"https:\/\/www.ambienteyenergia.gob.ec\/ambiente\/wp-json\/wp\/v2\/posts"}],"about":[{"href":"https:\/\/www.ambienteyenergia.gob.ec\/ambiente\/wp-json\/wp\/v2\/types\/post"}],"author":[{"embeddable":true,"href":"https:\/\/www.ambienteyenergia.gob.ec\/ambiente\/wp-json\/wp\/v2\/users\/13"}],"replies":[{"embeddable":true,"href":"https:\/\/www.ambienteyenergia.gob.ec\/ambiente\/wp-json\/wp\/v2\/comments?post=15491"}],"version-history":[{"count":0,"href":"https:\/\/www.ambienteyenergia.gob.ec\/ambiente\/wp-json\/wp\/v2\/posts\/15491\/revisions"}],"wp:featuredmedia":[{"embeddable":true,"href":"https:\/\/www.ambienteyenergia.gob.ec\/ambiente\/wp-json\/wp\/v2\/media\/15492"}],"wp:attachment":[{"href":"https:\/\/www.ambienteyenergia.gob.ec\/ambiente\/wp-json\/wp\/v2\/media?parent=15491"}],"wp:term":[{"taxonomy":"category","embeddable":true,"href":"https:\/\/www.ambienteyenergia.gob.ec\/ambiente\/wp-json\/wp\/v2\/categories?post=15491"},{"taxonomy":"post_tag","embeddable":true,"href":"https:\/\/www.ambienteyenergia.gob.ec\/ambiente\/wp-json\/wp\/v2\/tags?post=15491"}],"curies":[{"name":"wp","href":"https:\/\/api.w.org\/{rel}","templated":true}]}}