{"id":15487,"date":"2013-09-24T21:49:01","date_gmt":"2013-09-25T02:49:01","guid":{"rendered":"http:\/\/www.ambiente.gob.ec\/?p=15487"},"modified":"2013-09-24T22:32:16","modified_gmt":"2013-09-25T03:32:16","slug":"incendio-forestal-fue-controlado-en-bolivar","status":"publish","type":"post","link":"https:\/\/www.ambienteyenergia.gob.ec\/ambiente\/incendio-forestal-fue-controlado-en-bolivar\/","title":{"rendered":"Incendio forestal fue controlado en Bol\u00edvar"},"content":{"rendered":"<p style=\"text-align: justify;\">El Ministerio del Ambiente (MAE), a trav\u00e9s de la Direcci\u00f3n Provincial de Bol\u00edvar, como parte del Plan de Prevenci\u00f3n, Control y Remediaci\u00f3n de Incendios Forestales, respondi\u00f3 de inmediato frente a una alerta de incendio en el sector del Troje del cant\u00f3n Guaranda.<\/p>\n<p style=\"text-align: justify;\">El MAE, en coordinaci\u00f3n con el Cuerpo de Bomberos de los cantones de Guaranda y Chimbo, logr\u00f3 controlar el flagelo que consumi\u00f3 aproximadamente dos hect\u00e1reas de bosque y pajonal. El matorral de una quebrada fue una parte de la vegetaci\u00f3n afectada, as\u00ed como, los alrededores de un bosque de eucalipto (<em>Eucalyptus globulus<\/em>).<\/p>\n<p style=\"text-align: justify;\">Se presume que el incendio fue provocado por moradores del sector. Por esta raz\u00f3n, esta Cartera de Estado se mantendr\u00e1 vigilante para prevenir, controlar y remediar los incendios forestales. Asimismo, realizar\u00e1 un monitoreo constante para evitar que se repitan estas acciones intencionales.<\/p>\n<p style=\"text-align: justify;\"><a href=\"http:\/\/www.ambienteyenergia.gob.ec\/ambiente\/wp-content\/uploads\/2013\/09\/P1070660.gif\"><img loading=\"lazy\" decoding=\"async\" class=\"aligncenter size-full wp-image-15488\" title=\" Incendio forestal fue controlado en Bol\u00edvar\" src=\"http:\/\/www.ambienteyenergia.gob.ec\/ambiente\/wp-content\/uploads\/2013\/09\/P1070660.gif\" alt=\"\" width=\"650\" height=\"433\" srcset=\"https:\/\/www.ambienteyenergia.gob.ec\/ambiente\/wp-content\/uploads\/sites\/2\/2013\/09\/P1070660.gif 650w, https:\/\/www.ambienteyenergia.gob.ec\/ambiente\/wp-content\/uploads\/sites\/2\/2013\/09\/P1070660-300x199.gif 300w, https:\/\/www.ambienteyenergia.gob.ec\/ambiente\/wp-content\/uploads\/sites\/2\/2013\/09\/P1070660-450x300.gif 450w\" sizes=\"auto, (max-width: 650px) 100vw, 650px\" \/><\/a><\/p>\n","protected":false},"excerpt":{"rendered":"<p class=\"excerpt\">El Ministerio del Ambiente (MAE), a trav\u00e9s de la Direcci\u00f3n Provincial de Bol\u00edvar, como parte del Plan de Prevenci\u00f3n, Control y Remediaci\u00f3n de Incendios Forestales, respondi\u00f3 de inmediato frente a una alerta de incendio en el sector del Troje del cant\u00f3n Guaranda. El MAE, en coordinaci\u00f3n con el Cuerpo de Bomberos de los cantones de Guaranda y Chimbo, logr\u00f3 controlar&hellip; <a href=\"https:\/\/www.ambienteyenergia.gob.ec\/ambiente\/incendio-forestal-fue-controlado-en-bolivar\/\">Read more &rarr;<\/a><\/p>\n","protected":false},"author":13,"featured_media":15489,"comment_status":"open","ping_status":"open","sticky":false,"template":"","format":"standard","meta":{"footnotes":""},"categories":[16,4],"tags":[],"class_list":["post-15487","post","type-post","status-publish","format-standard","has-post-thumbnail","hentry","category-comunicamos","category-noticias","xfolkentry"],"_links":{"self":[{"href":"https:\/\/www.ambienteyenergia.gob.ec\/ambiente\/wp-json\/wp\/v2\/posts\/15487","targetHints":{"allow":["GET"]}}],"collection":[{"href":"https:\/\/www.ambienteyenergia.gob.ec\/ambiente\/wp-json\/wp\/v2\/posts"}],"about":[{"href":"https:\/\/www.ambienteyenergia.gob.ec\/ambiente\/wp-json\/wp\/v2\/types\/post"}],"author":[{"embeddable":true,"href":"https:\/\/www.ambienteyenergia.gob.ec\/ambiente\/wp-json\/wp\/v2\/users\/13"}],"replies":[{"embeddable":true,"href":"https:\/\/www.ambienteyenergia.gob.ec\/ambiente\/wp-json\/wp\/v2\/comments?post=15487"}],"version-history":[{"count":0,"href":"https:\/\/www.ambienteyenergia.gob.ec\/ambiente\/wp-json\/wp\/v2\/posts\/15487\/revisions"}],"wp:featuredmedia":[{"embeddable":true,"href":"https:\/\/www.ambienteyenergia.gob.ec\/ambiente\/wp-json\/wp\/v2\/media\/15489"}],"wp:attachment":[{"href":"https:\/\/www.ambienteyenergia.gob.ec\/ambiente\/wp-json\/wp\/v2\/media?parent=15487"}],"wp:term":[{"taxonomy":"category","embeddable":true,"href":"https:\/\/www.ambienteyenergia.gob.ec\/ambiente\/wp-json\/wp\/v2\/categories?post=15487"},{"taxonomy":"post_tag","embeddable":true,"href":"https:\/\/www.ambienteyenergia.gob.ec\/ambiente\/wp-json\/wp\/v2\/tags?post=15487"}],"curies":[{"name":"wp","href":"https:\/\/api.w.org\/{rel}","templated":true}]}}