{"id":15480,"date":"2013-09-24T21:43:21","date_gmt":"2013-09-25T02:43:21","guid":{"rendered":"http:\/\/www.ambiente.gob.ec\/?p=15480"},"modified":"2013-09-24T22:21:21","modified_gmt":"2013-09-25T03:21:21","slug":"mae-participa-con-ponencia-sobre-la-relacion-entre-el-cambio-climatico-y-la-capa-de-ozono","status":"publish","type":"post","link":"https:\/\/www.ambienteyenergia.gob.ec\/ambiente\/mae-participa-con-ponencia-sobre-la-relacion-entre-el-cambio-climatico-y-la-capa-de-ozono\/","title":{"rendered":"MAE participa con ponencia sobre la relaci\u00f3n entre el cambio clim\u00e1tico y la capa de ozono"},"content":{"rendered":"<p style=\"text-align: justify;\">El Ministerio del Ambiente (MAE) particip\u00f3 hoy, en el evento de reconocimiento a las empresas comprometidas con la protecci\u00f3n de la capa de ozono, organizado por el\u00a0 Ministerio de Industrias y Productividad, en la Facultad Latinoamericana de Ciencias Sociales (FLACSO).<\/p>\n<p>Este encuentro se desarroll\u00f3 bajo el lema \u201cuna atm\u00f3sfera saludable es el futuro que queremos\u201d, en el cual, el Subsecretario de Cambio Clim\u00e1tico, Eduardo Noboa, present\u00f3 la ponencia\u00a0 \u201cPol\u00edticas encaminadas a la gesti\u00f3n de gases de efecto invernadero en el sector industrial en Ecuador\u201d.<\/p>\n<p>Noboa expuso sobre las pol\u00edticas y normativas que impulsan a la reducci\u00f3n de emisiones de gases de efecto invernadero y otros gases contaminantes, contribuyendo a la reducci\u00f3n de los Hidrofluorocarbonos (HFCs), que son usados actualmente como reemplazo de otras substancias que destruyen la capa de ozono (Clorurocarbonos &#8211; CFCs), controladas por el Protocolo de Montreal. Sin embargo, los HFCs son gases que producen efecto invernadero, causantes del cambio clim\u00e1tico; ante lo cual, ya existe la pertinente coordinaci\u00f3n entre las dos Carteras de Estado y la posici\u00f3n nacional respecto a la reducci\u00f3n de HCFs en el pa\u00eds.<\/p>\n<p>El Subsecretario resalt\u00f3 que es una tarea tanto del Gobierno Nacional, como de la sociedad, tomar conciencia sobre los riesgos que las emisiones de gases contaminantes causan a la atm\u00f3sfera. Asimismo, se\u00f1al\u00f3 la importancia del ahorro y uso eficiente de energ\u00eda y agua, y la necesidad de que el sector productivo realice acciones de mitigaci\u00f3n.<\/p>\n<p>Finalmente, el Ministerio de Industrias y Productividad, efectu\u00f3 el reconocimiento, a trav\u00e9s de un certificado, a las empresas que se han sumado a la iniciativa de conversi\u00f3n tecnol\u00f3gica, y que han incorporado innovaci\u00f3n en sus procesos productivos con t\u00e9cnicas amigables al ambiente, eliminando sustancias agotadoras de la capa de Ozono.<\/p>\n<p style=\"text-align: justify;\"><a href=\"http:\/\/www.ambienteyenergia.gob.ec\/ambiente\/wp-content\/uploads\/2013\/09\/MG_5483.gif\"><img loading=\"lazy\" decoding=\"async\" class=\"aligncenter size-full wp-image-15481\" title=\" MAE participa con ponencia sobre la relaci\u00f3n entre el cambio clim\u00e1tico y la capa de ozono\" src=\"http:\/\/www.ambienteyenergia.gob.ec\/ambiente\/wp-content\/uploads\/2013\/09\/MG_5483.gif\" alt=\"\" width=\"650\" height=\"433\" srcset=\"https:\/\/www.ambienteyenergia.gob.ec\/ambiente\/wp-content\/uploads\/sites\/2\/2013\/09\/MG_5483.gif 650w, https:\/\/www.ambienteyenergia.gob.ec\/ambiente\/wp-content\/uploads\/sites\/2\/2013\/09\/MG_5483-300x199.gif 300w, https:\/\/www.ambienteyenergia.gob.ec\/ambiente\/wp-content\/uploads\/sites\/2\/2013\/09\/MG_5483-450x300.gif 450w\" sizes=\"auto, (max-width: 650px) 100vw, 650px\" \/><\/a><\/p>\n","protected":false},"excerpt":{"rendered":"<p class=\"excerpt\">El Ministerio del Ambiente (MAE) particip\u00f3 hoy, en el evento de reconocimiento a las empresas comprometidas con la protecci\u00f3n de la capa de ozono, organizado por el\u00a0 Ministerio de Industrias y Productividad, en la Facultad Latinoamericana de Ciencias Sociales (FLACSO). Este encuentro se desarroll\u00f3 bajo el lema \u201cuna atm\u00f3sfera saludable es el futuro que queremos\u201d, en el cual, el Subsecretario&hellip; <a href=\"https:\/\/www.ambienteyenergia.gob.ec\/ambiente\/mae-participa-con-ponencia-sobre-la-relacion-entre-el-cambio-climatico-y-la-capa-de-ozono\/\">Read more &rarr;<\/a><\/p>\n","protected":false},"author":13,"featured_media":15482,"comment_status":"open","ping_status":"open","sticky":false,"template":"","format":"standard","meta":{"footnotes":""},"categories":[16,4],"tags":[],"class_list":["post-15480","post","type-post","status-publish","format-standard","has-post-thumbnail","hentry","category-comunicamos","category-noticias","xfolkentry"],"_links":{"self":[{"href":"https:\/\/www.ambienteyenergia.gob.ec\/ambiente\/wp-json\/wp\/v2\/posts\/15480","targetHints":{"allow":["GET"]}}],"collection":[{"href":"https:\/\/www.ambienteyenergia.gob.ec\/ambiente\/wp-json\/wp\/v2\/posts"}],"about":[{"href":"https:\/\/www.ambienteyenergia.gob.ec\/ambiente\/wp-json\/wp\/v2\/types\/post"}],"author":[{"embeddable":true,"href":"https:\/\/www.ambienteyenergia.gob.ec\/ambiente\/wp-json\/wp\/v2\/users\/13"}],"replies":[{"embeddable":true,"href":"https:\/\/www.ambienteyenergia.gob.ec\/ambiente\/wp-json\/wp\/v2\/comments?post=15480"}],"version-history":[{"count":0,"href":"https:\/\/www.ambienteyenergia.gob.ec\/ambiente\/wp-json\/wp\/v2\/posts\/15480\/revisions"}],"wp:featuredmedia":[{"embeddable":true,"href":"https:\/\/www.ambienteyenergia.gob.ec\/ambiente\/wp-json\/wp\/v2\/media\/15482"}],"wp:attachment":[{"href":"https:\/\/www.ambienteyenergia.gob.ec\/ambiente\/wp-json\/wp\/v2\/media?parent=15480"}],"wp:term":[{"taxonomy":"category","embeddable":true,"href":"https:\/\/www.ambienteyenergia.gob.ec\/ambiente\/wp-json\/wp\/v2\/categories?post=15480"},{"taxonomy":"post_tag","embeddable":true,"href":"https:\/\/www.ambienteyenergia.gob.ec\/ambiente\/wp-json\/wp\/v2\/tags?post=15480"}],"curies":[{"name":"wp","href":"https:\/\/api.w.org\/{rel}","templated":true}]}}