{"id":15472,"date":"2013-09-24T13:35:23","date_gmt":"2013-09-24T18:35:23","guid":{"rendered":"http:\/\/www.ambiente.gob.ec\/?p=15472"},"modified":"2013-09-25T08:28:31","modified_gmt":"2013-09-25T13:28:31","slug":"mae-imbabura-en-alerta-por-incendios-forestales-en-la-provincia","status":"publish","type":"post","link":"https:\/\/www.ambienteyenergia.gob.ec\/ambiente\/mae-imbabura-en-alerta-por-incendios-forestales-en-la-provincia\/","title":{"rendered":"MAE Imbabura, en alerta por incendios forestales"},"content":{"rendered":"<p style=\"text-align: justify;\">El Ministerio del Ambiente (MAE), a trav\u00e9s de la Direcci\u00f3n Provincial de Imbabura y en coordinaci\u00f3n con t\u00e9cnicos de la Reserva Ecol\u00f3gica Cotacachi Cayapas, instituciones p\u00fablicas, y la comunidad, trabajan de manera conjunta para apagar varios incendios forestales que se vienen suscitando en la provincia.<\/p>\n<p style=\"text-align: justify;\">En la madrugada del domingo 22 de septiembre, el MAE logr\u00f3 controlar un incendio que inici\u00f3 en el sector de San Luis de la Carboner\u00eda en el volc\u00e1n Cotacachi.<\/p>\n<p style=\"text-align: justify;\">El 23 de septiembre, en cambio, personal del MAE se traslad\u00f3 a las faldas del Taita Imbabura, en el cual t\u00e9cnicos de la Reserva Cotacachi Cayapas asistieron con un contingente de la comunidad para apagar las llamas.<\/p>\n<p style=\"text-align: justify;\">El mismo d\u00eda, se movilizaron a la parroquia Gonzales Su\u00e1rez, sector La Villa en Otavalo, donde se inici\u00f3 un incendio en el Bosque de eucalipto que se encuentra junto a la Escuela Granja Atahualpa. Los docentes de la instituci\u00f3n alertaron a esta Cartera de Estado. Las llamas fueron controladas, pero m\u00e1s tarde, por el fuerte viento el foco del incendio se volvi\u00f3 a encender. Luego de una ardua labor, finalmente, se apagaron las llamas.<\/p>\n<p style=\"text-align: justify;\">De igual forma, hoy a las dos de la ma\u00f1ana en el sector de Araque, personal de la Direcci\u00f3n Provincial del Ambiente de Imbabura y comuneros de la zona, se dirigieron hasta el Taita Imbabura con machetes, palas, bate fuegos, y herramientas para combatir el incendio, el que se control\u00f3 en la ma\u00f1ana de\u00a0 hoy.<\/p>\n<p style=\"text-align: justify;\">El MAE se mantendr\u00e1 vigilante en la zona y trabajar\u00e1 coordinadamente con otras instituciones, en el caso que se inicien nuevos flagelos. Asimismo, realizar\u00e1 constantes monitoreos para que este tipo de fen\u00f3menos no se repitan.<\/p>\n<div id='gallery-1' class='gallery galleryid-15472 gallery-columns-4 gallery-size-thumbnail'><dl class='gallery-item'>\n\t\t\t<dt class='gallery-icon landscape'>\n\t\t\t\t<a href='https:\/\/www.ambienteyenergia.gob.ec\/ambiente\/mae-imbabura-en-alerta-por-incendios-forestales-en-la-provincia\/i1-7\/'><img loading=\"lazy\" decoding=\"async\" width=\"150\" height=\"150\" src=\"https:\/\/www.ambienteyenergia.gob.ec\/ambiente\/wp-content\/uploads\/sites\/2\/2013\/09\/i14-150x150.jpg\" class=\"attachment-thumbnail size-thumbnail\" alt=\"\" \/><\/a>\n\t\t\t<\/dt><\/dl><dl class='gallery-item'>\n\t\t\t<dt class='gallery-icon portrait'>\n\t\t\t\t<a href='https:\/\/www.ambienteyenergia.gob.ec\/ambiente\/mae-imbabura-en-alerta-por-incendios-forestales-en-la-provincia\/i2-5\/'><img loading=\"lazy\" decoding=\"async\" width=\"150\" height=\"150\" src=\"https:\/\/www.ambienteyenergia.gob.ec\/ambiente\/wp-content\/uploads\/sites\/2\/2013\/09\/i23-150x150.jpg\" class=\"attachment-thumbnail size-thumbnail\" alt=\"\" \/><\/a>\n\t\t\t<\/dt><\/dl>\n\t\t\t<br style='clear: both' \/>\n\t\t<\/div>\n\n","protected":false},"excerpt":{"rendered":"<p class=\"excerpt\">El Ministerio del Ambiente (MAE), a trav\u00e9s de la Direcci\u00f3n Provincial de Imbabura y en coordinaci\u00f3n con t\u00e9cnicos de la Reserva Ecol\u00f3gica Cotacachi Cayapas, instituciones p\u00fablicas, y la comunidad, trabajan de manera conjunta para apagar varios incendios forestales que se vienen suscitando en la provincia. En la madrugada del domingo 22 de septiembre, el MAE logr\u00f3 controlar un incendio que&hellip; <a href=\"https:\/\/www.ambienteyenergia.gob.ec\/ambiente\/mae-imbabura-en-alerta-por-incendios-forestales-en-la-provincia\/\">Read more &rarr;<\/a><\/p>\n","protected":false},"author":13,"featured_media":15473,"comment_status":"open","ping_status":"open","sticky":false,"template":"","format":"standard","meta":{"footnotes":""},"categories":[16,4],"tags":[162,82],"class_list":["post-15472","post","type-post","status-publish","format-standard","has-post-thumbnail","hentry","category-comunicamos","category-noticias","tag-imbabura","tag-incendios-forestales","xfolkentry"],"_links":{"self":[{"href":"https:\/\/www.ambienteyenergia.gob.ec\/ambiente\/wp-json\/wp\/v2\/posts\/15472","targetHints":{"allow":["GET"]}}],"collection":[{"href":"https:\/\/www.ambienteyenergia.gob.ec\/ambiente\/wp-json\/wp\/v2\/posts"}],"about":[{"href":"https:\/\/www.ambienteyenergia.gob.ec\/ambiente\/wp-json\/wp\/v2\/types\/post"}],"author":[{"embeddable":true,"href":"https:\/\/www.ambienteyenergia.gob.ec\/ambiente\/wp-json\/wp\/v2\/users\/13"}],"replies":[{"embeddable":true,"href":"https:\/\/www.ambienteyenergia.gob.ec\/ambiente\/wp-json\/wp\/v2\/comments?post=15472"}],"version-history":[{"count":0,"href":"https:\/\/www.ambienteyenergia.gob.ec\/ambiente\/wp-json\/wp\/v2\/posts\/15472\/revisions"}],"wp:featuredmedia":[{"embeddable":true,"href":"https:\/\/www.ambienteyenergia.gob.ec\/ambiente\/wp-json\/wp\/v2\/media\/15473"}],"wp:attachment":[{"href":"https:\/\/www.ambienteyenergia.gob.ec\/ambiente\/wp-json\/wp\/v2\/media?parent=15472"}],"wp:term":[{"taxonomy":"category","embeddable":true,"href":"https:\/\/www.ambienteyenergia.gob.ec\/ambiente\/wp-json\/wp\/v2\/categories?post=15472"},{"taxonomy":"post_tag","embeddable":true,"href":"https:\/\/www.ambienteyenergia.gob.ec\/ambiente\/wp-json\/wp\/v2\/tags?post=15472"}],"curies":[{"name":"wp","href":"https:\/\/api.w.org\/{rel}","templated":true}]}}