{"id":15466,"date":"2013-09-24T08:20:51","date_gmt":"2013-09-24T13:20:51","guid":{"rendered":"http:\/\/www.ambiente.gob.ec\/?p=15466"},"modified":"2013-09-24T08:20:51","modified_gmt":"2013-09-24T13:20:51","slug":"plan-de-gestion-integral-de-pilas-usadas-pretende-reducir-la-afectacion-ambiental-y-cumplir-metas-graduales-de-recoleccion","status":"publish","type":"post","link":"https:\/\/www.ambienteyenergia.gob.ec\/ambiente\/plan-de-gestion-integral-de-pilas-usadas-pretende-reducir-la-afectacion-ambiental-y-cumplir-metas-graduales-de-recoleccion\/","title":{"rendered":"Plan de Gesti\u00f3n Integral de Pilas Usadas pretende reducir la afectaci\u00f3n ambiental y cumplir metas graduales de recolecci\u00f3n"},"content":{"rendered":"<p style=\"text-align: justify;\">Las pilas o bater\u00edas representan un grave problema ambiental, debido a su alto contenido toxico. Pero lastimosamente, la mayor\u00eda de gente desconoce la gran afectaci\u00f3n que causan al entorno al desechar cuando este tipo de residuos como basura com\u00fan. En la mayor\u00eda de los casos, las pilas son trasladadas a rellenos sanitarios, donde no se les da un destino final responsable. Seg\u00fan cifras del Banco Central, el Ecuador import\u00f3 1717,73 toneladas de pilas, en los a\u00f1os 2009, 2010 y 2011.<\/p>\n<p style=\"text-align: justify;\">En respuesta a esta problem\u00e1tica, el Ministerio del Ambiente (MAE), a trav\u00e9s del Acuerdo N\u00b0 22, expide el Instructivo para la Gesti\u00f3n Integral de Pilas Usadas, con el objetivo de establecer los requisitos, procedimientos y especificaciones ambientales para la elaboraci\u00f3n, aplicaci\u00f3n y control del Plan de Gesti\u00f3n Integral de Pilas Usadas, fomentando la reducci\u00f3n y otras formas de valorizaci\u00f3n, para proteger el ambiente.<\/p>\n<p style=\"text-align: justify;\">El Plan busca regular todas las pilas descritas en la Normativa Ambiental (Estas pilas est\u00e1n clasificadas en primarias, que son pilas con \u00f3xido de mercurio y secundarias que contienen en sus componentes n\u00edquel cadmio, n\u00edquel hidruro met\u00e1lico, n\u00edquel hierro y las de i\u00f3n litio), con excepci\u00f3n de las que no se puedan separar de los equipos celulares y electr\u00f3nicos.<\/p>\n<p style=\"text-align: justify;\">Asimismo, este Acuerdo asegura que la gesti\u00f3n integral de pilas usadas se realice de forma t\u00e9cnica y con el menor riesgo posible e impacto ambiental, procurando la mayor efectividad econ\u00f3mica, social y ambiental, en el marco de la pol\u00edtica y las regulaciones sobre el tema.<\/p>\n<p style=\"text-align: justify;\">La finalidad es promover la mayor integralidad en la gesti\u00f3n ambiental al enfatizar ciclo de vida de este tipo de productos que contengan sustancias potencialmente peligrosas y cumplir con metas graduales de recolecci\u00f3n, partiendo el primer a\u00f1o con una meta m\u00ednima del 5% del total de las pilas puestas en el mercado y con incrementos anuales m\u00ednimos de un 5% hasta alcanzar un desarrollo total del plan como m\u00ednimo de un 85% de pilas recolectadas en el continente y para la Gal\u00e1pagos se pretende recaudar el 100%.<\/p>\n<p style=\"text-align: justify;\">\n<p style=\"text-align: justify;\"><strong>Principio de Responsabilidad Extendida<\/strong><\/p>\n<p style=\"text-align: justify;\">El Plan de Gesti\u00f3n Integral de Pilas Usadas se basa en el principio de Responsabilidad Extendida de productores e importadores -establecido en el Reglamento para la Prevenci\u00f3n y Control de la Contaminaci\u00f3n por Sustancias Qu\u00edmicas Peligrosas, Desechos Peligrosos y Especiales- que surgi\u00f3 en demanda a los sistemas de tratamiento y disposici\u00f3n final de los desechos susceptibles a ser reciclados.<\/p>\n<p style=\"text-align: justify;\">Ahora, los productores e importadores se responsabilizan del producto a trav\u00e9s de todo su ciclo de vida, incluyendo los impactos inherentes a selecci\u00f3n de materiales, del proceso de producci\u00f3n, as\u00ed como los relativos al uso y disposici\u00f3n final, luego de su vida \u00fatil.<\/p>\n<p style=\"text-align: justify;\">El MAE, como Autoridad Ambiental Nacional, tiene la responsabilidad y obligaci\u00f3n de realizar\u00a0 la verificaci\u00f3n del cumplimiento de las actividades vinculadas al Plan de Gesti\u00f3n Integral de Pilas Usadas en su jurisdicci\u00f3n.<\/p>\n<p style=\"text-align: justify;\"><a href=\"http:\/\/www.ambienteyenergia.gob.ec\/ambiente\/wp-content\/uploads\/2013\/09\/gestion-integral-de-pilas-usadas.jpg\"><img loading=\"lazy\" decoding=\"async\" class=\"aligncenter size-full wp-image-15468\" title=\"gestion-integral-de-pilas-usadas\" src=\"http:\/\/www.ambienteyenergia.gob.ec\/ambiente\/wp-content\/uploads\/2013\/09\/gestion-integral-de-pilas-usadas.jpg\" alt=\"\" width=\"650\" height=\"370\" srcset=\"https:\/\/www.ambienteyenergia.gob.ec\/ambiente\/wp-content\/uploads\/sites\/2\/2013\/09\/gestion-integral-de-pilas-usadas.jpg 650w, https:\/\/www.ambienteyenergia.gob.ec\/ambiente\/wp-content\/uploads\/sites\/2\/2013\/09\/gestion-integral-de-pilas-usadas-300x170.jpg 300w, https:\/\/www.ambienteyenergia.gob.ec\/ambiente\/wp-content\/uploads\/sites\/2\/2013\/09\/gestion-integral-de-pilas-usadas-500x284.jpg 500w\" sizes=\"auto, (max-width: 650px) 100vw, 650px\" \/><\/a><\/p>\n","protected":false},"excerpt":{"rendered":"<p class=\"excerpt\">Las pilas o bater\u00edas representan un grave problema ambiental, debido a su alto contenido toxico. Pero lastimosamente, la mayor\u00eda de gente desconoce la gran afectaci\u00f3n que causan al entorno al desechar cuando este tipo de residuos como basura com\u00fan. En la mayor\u00eda de los casos, las pilas son trasladadas a rellenos sanitarios, donde no se les da un destino final&hellip; <a href=\"https:\/\/www.ambienteyenergia.gob.ec\/ambiente\/plan-de-gestion-integral-de-pilas-usadas-pretende-reducir-la-afectacion-ambiental-y-cumplir-metas-graduales-de-recoleccion\/\">Read more &rarr;<\/a><\/p>\n","protected":false},"author":13,"featured_media":15467,"comment_status":"open","ping_status":"open","sticky":false,"template":"","format":"standard","meta":{"footnotes":""},"categories":[16,4],"tags":[],"class_list":["post-15466","post","type-post","status-publish","format-standard","has-post-thumbnail","hentry","category-comunicamos","category-noticias","xfolkentry"],"_links":{"self":[{"href":"https:\/\/www.ambienteyenergia.gob.ec\/ambiente\/wp-json\/wp\/v2\/posts\/15466","targetHints":{"allow":["GET"]}}],"collection":[{"href":"https:\/\/www.ambienteyenergia.gob.ec\/ambiente\/wp-json\/wp\/v2\/posts"}],"about":[{"href":"https:\/\/www.ambienteyenergia.gob.ec\/ambiente\/wp-json\/wp\/v2\/types\/post"}],"author":[{"embeddable":true,"href":"https:\/\/www.ambienteyenergia.gob.ec\/ambiente\/wp-json\/wp\/v2\/users\/13"}],"replies":[{"embeddable":true,"href":"https:\/\/www.ambienteyenergia.gob.ec\/ambiente\/wp-json\/wp\/v2\/comments?post=15466"}],"version-history":[{"count":0,"href":"https:\/\/www.ambienteyenergia.gob.ec\/ambiente\/wp-json\/wp\/v2\/posts\/15466\/revisions"}],"wp:featuredmedia":[{"embeddable":true,"href":"https:\/\/www.ambienteyenergia.gob.ec\/ambiente\/wp-json\/wp\/v2\/media\/15467"}],"wp:attachment":[{"href":"https:\/\/www.ambienteyenergia.gob.ec\/ambiente\/wp-json\/wp\/v2\/media?parent=15466"}],"wp:term":[{"taxonomy":"category","embeddable":true,"href":"https:\/\/www.ambienteyenergia.gob.ec\/ambiente\/wp-json\/wp\/v2\/categories?post=15466"},{"taxonomy":"post_tag","embeddable":true,"href":"https:\/\/www.ambienteyenergia.gob.ec\/ambiente\/wp-json\/wp\/v2\/tags?post=15466"}],"curies":[{"name":"wp","href":"https:\/\/api.w.org\/{rel}","templated":true}]}}