{"id":15455,"date":"2013-09-23T16:55:44","date_gmt":"2013-09-23T21:55:44","guid":{"rendered":"http:\/\/www.ambiente.gob.ec\/?p=15455"},"modified":"2013-09-24T08:04:37","modified_gmt":"2013-09-24T13:04:37","slug":"pacc-presenta-resultados-que-benefician-a-comunidades-afectadas-por-el-cambio-climatico","status":"publish","type":"post","link":"https:\/\/www.ambienteyenergia.gob.ec\/ambiente\/pacc-presenta-resultados-que-benefician-a-comunidades-afectadas-por-el-cambio-climatico\/","title":{"rendered":"PACC presenta resultados que benefician a comunidades afectadas por el cambio clim\u00e1tico"},"content":{"rendered":"<p style=\"text-align: justify;\" align=\"JUSTIFY\">El pasado viernes 20 de septiembre, el equipo t\u00e9cnico del proyecto de Adaptaci\u00f3n al Cambio Clim\u00e1tico a trav\u00e9s de una efectiva gobernabilidad del agua en el Ecuador (PACC) realiz\u00f3 la entrega de sistemas para riego a las autoridades de la parroquia Zhidmad, cant\u00f3n Gualaceo, provincia del Azuay.<\/p>\n<p style=\"text-align: justify;\" align=\"JUSTIFY\">El proyecto \u201cImplementaci\u00f3n de sistemas de captaci\u00f3n de aguas lluvias y nuevas t\u00e9cnicas de riego que garantice un suministro sostenible del agua para uso agr\u00edcola\u201d, ejecutado a trav\u00e9s de la iniciativa de financiamiento de proyectos comunitarios de adaptaci\u00f3n al cambio clim\u00e1tico, ha beneficiado a las comunidad de Gordeleg, Chilla, Bellavista, Monjas, San Jos\u00e9, Chicolalcote, Guall\u00e1n y Centro Parroquial, del cant\u00f3n Gualaceo.<\/p>\n<p style=\"text-align: justify;\" align=\"JUSTIFY\">Mediante un recorrido en la zona de intervenci\u00f3n del proyecto en menci\u00f3n, se constat\u00f3 que la implementaci\u00f3n de dos reservorios con capacidad para almacenar 2500cc y 1500cc de agua, con sus respectivos sistemas de riego, y diez huertas agroecol\u00f3gicas. Asimismo, se aport\u00f3 con el fortalecimiento de capacidades de la poblaci\u00f3n, a trav\u00e9s de talleres ambientales agroecol\u00f3gicos.<\/p>\n<p style=\"text-align: justify;\" align=\"JUSTIFY\">Durante esta visita, previa al cierre del proyecto, Luis Neira, presidente del GAD parroquial de Zhidmad, agradeci\u00f3 al Ministerio del Ambiente, al Programa de Naciones Unidas para el Desarrollo (PNUD), y a los socios locales, por la oportuna cooperaci\u00f3n para la ejecuci\u00f3n del proyecto que beneficia a su parroquia, quien afirma que la escasez de agua, cada vez es m\u00e1s evidente.<\/p>\n<p style=\"text-align: justify;\" align=\"JUSTIFY\">Cabe indicar que la implementaci\u00f3n de los proyectos en la zona azuaya, se realiza con el apoyo del representante del \u00e1rea de recursos naturales de la Direcci\u00f3n Provincial del Azuay.<\/p>\n<p style=\"text-align: justify;\" align=\"JUSTIFY\"><a href=\"http:\/\/www.ambienteyenergia.gob.ec\/ambiente\/wp-content\/uploads\/2013\/09\/DSC07129.jpg\"><img loading=\"lazy\" decoding=\"async\" class=\"aligncenter size-full wp-image-15463\" title=\"PACC\" src=\"http:\/\/www.ambienteyenergia.gob.ec\/ambiente\/wp-content\/uploads\/2013\/09\/DSC07129.jpg\" alt=\"\" width=\"650\" height=\"433\" srcset=\"https:\/\/www.ambienteyenergia.gob.ec\/ambiente\/wp-content\/uploads\/sites\/2\/2013\/09\/DSC07129.jpg 650w, https:\/\/www.ambienteyenergia.gob.ec\/ambiente\/wp-content\/uploads\/sites\/2\/2013\/09\/DSC07129-300x199.jpg 300w, https:\/\/www.ambienteyenergia.gob.ec\/ambiente\/wp-content\/uploads\/sites\/2\/2013\/09\/DSC07129-450x300.jpg 450w\" sizes=\"auto, (max-width: 650px) 100vw, 650px\" \/><\/a><a href=\"http:\/\/www.ambienteyenergia.gob.ec\/ambiente\/wp-content\/uploads\/2013\/09\/DSC07114.jpg\"><img loading=\"lazy\" decoding=\"async\" class=\"aligncenter size-full wp-image-15462\" title=\"PACC\" src=\"http:\/\/www.ambienteyenergia.gob.ec\/ambiente\/wp-content\/uploads\/2013\/09\/DSC07114.jpg\" alt=\"\" width=\"380\" height=\"570\" srcset=\"https:\/\/www.ambienteyenergia.gob.ec\/ambiente\/wp-content\/uploads\/sites\/2\/2013\/09\/DSC07114.jpg 380w, https:\/\/www.ambienteyenergia.gob.ec\/ambiente\/wp-content\/uploads\/sites\/2\/2013\/09\/DSC07114-200x300.jpg 200w\" sizes=\"auto, (max-width: 380px) 100vw, 380px\" \/><\/a><\/p>\n","protected":false},"excerpt":{"rendered":"<p class=\"excerpt\">El pasado viernes 20 de septiembre, el equipo t\u00e9cnico del proyecto de Adaptaci\u00f3n al Cambio Clim\u00e1tico a trav\u00e9s de una efectiva gobernabilidad del agua en el Ecuador (PACC) realiz\u00f3 la entrega de sistemas para riego a las autoridades de la parroquia Zhidmad, cant\u00f3n Gualaceo, provincia del Azuay. El proyecto \u201cImplementaci\u00f3n de sistemas de captaci\u00f3n de aguas lluvias y nuevas t\u00e9cnicas&hellip; <a href=\"https:\/\/www.ambienteyenergia.gob.ec\/ambiente\/pacc-presenta-resultados-que-benefician-a-comunidades-afectadas-por-el-cambio-climatico\/\">Read more &rarr;<\/a><\/p>\n","protected":false},"author":13,"featured_media":15464,"comment_status":"open","ping_status":"open","sticky":false,"template":"","format":"standard","meta":{"footnotes":""},"categories":[16,4],"tags":[],"class_list":["post-15455","post","type-post","status-publish","format-standard","has-post-thumbnail","hentry","category-comunicamos","category-noticias","xfolkentry"],"_links":{"self":[{"href":"https:\/\/www.ambienteyenergia.gob.ec\/ambiente\/wp-json\/wp\/v2\/posts\/15455","targetHints":{"allow":["GET"]}}],"collection":[{"href":"https:\/\/www.ambienteyenergia.gob.ec\/ambiente\/wp-json\/wp\/v2\/posts"}],"about":[{"href":"https:\/\/www.ambienteyenergia.gob.ec\/ambiente\/wp-json\/wp\/v2\/types\/post"}],"author":[{"embeddable":true,"href":"https:\/\/www.ambienteyenergia.gob.ec\/ambiente\/wp-json\/wp\/v2\/users\/13"}],"replies":[{"embeddable":true,"href":"https:\/\/www.ambienteyenergia.gob.ec\/ambiente\/wp-json\/wp\/v2\/comments?post=15455"}],"version-history":[{"count":0,"href":"https:\/\/www.ambienteyenergia.gob.ec\/ambiente\/wp-json\/wp\/v2\/posts\/15455\/revisions"}],"wp:featuredmedia":[{"embeddable":true,"href":"https:\/\/www.ambienteyenergia.gob.ec\/ambiente\/wp-json\/wp\/v2\/media\/15464"}],"wp:attachment":[{"href":"https:\/\/www.ambienteyenergia.gob.ec\/ambiente\/wp-json\/wp\/v2\/media?parent=15455"}],"wp:term":[{"taxonomy":"category","embeddable":true,"href":"https:\/\/www.ambienteyenergia.gob.ec\/ambiente\/wp-json\/wp\/v2\/categories?post=15455"},{"taxonomy":"post_tag","embeddable":true,"href":"https:\/\/www.ambienteyenergia.gob.ec\/ambiente\/wp-json\/wp\/v2\/tags?post=15455"}],"curies":[{"name":"wp","href":"https:\/\/api.w.org\/{rel}","templated":true}]}}