{"id":15450,"date":"2013-09-23T14:55:41","date_gmt":"2013-09-23T19:55:41","guid":{"rendered":"http:\/\/www.ambiente.gob.ec\/?p=15450"},"modified":"2013-09-23T14:55:41","modified_gmt":"2013-09-23T19:55:41","slug":"incendio-en-el-parque-nacional-cotopaxi-100-controlado","status":"publish","type":"post","link":"https:\/\/www.ambienteyenergia.gob.ec\/ambiente\/incendio-en-el-parque-nacional-cotopaxi-100-controlado\/","title":{"rendered":"Incendio en el Parque Nacional Cotopaxi 100% controlado"},"content":{"rendered":"<p style=\"text-align: justify;\">Ayer, en horas de la tarde, un contingente de 300 personas, entre funcionarios del Ministerio del Ambiente (MAE),\u00a0 Fuerzas Armadas, Bomberos y la empresa Aglomerados Cotopaxi, logr\u00f3 apagar un incendio que inici\u00f3 el s\u00e1bado a las 10:00, en la zona de amortiguamiento del Parque Nacional Cotopaxi, y que se propag\u00f3 hacia el sur oriente, debido a los fuertes vientos.<\/p>\n<p style=\"text-align: justify;\">Para aprovechar el fr\u00edo de la madrugada, las acciones para sofocar los focos del flagelo se reiniciaron a partir de las 4:45, en el sector de Ticatilin, parroquia Mulal\u00f3 (cant\u00f3n Latacunga). Luego de un inspecci\u00f3n para verificar el estado de la zona, ingres\u00f3 una motobomba. Una hora y media despu\u00e9s, el fuego fue controlado en un 80%. Es decir, no se observaban llamas dentro del per\u00edmetro de posible afectaci\u00f3n.<\/p>\n<p style=\"text-align: justify;\">Las condiciones clim\u00e1ticas de la noche y madrugada ayudaron a controlar de manera natural la propagaci\u00f3n del incendio. Sin embargo, alrededor del mediod\u00eda, se activaron dos nuevos focos en una quebrada y la parte alta que colinda con el Parque Nacional Cotopaxi. Inmediatamente, se pidieron refuerzos y el equipo control\u00f3 totalmente el siniestro a las 18:00.<\/p>\n<p style=\"text-align: justify;\">El s\u00e1bado, las actividades de contingencia fueron suspendidas a las 18:00, debido al peligro que representa la oscuridad de la noche. Personal de las Direcciones Provinciales de Ambiente de Chimborazo, Cotopaxi, Tungurahua y Pichincha tuvieron una reuni\u00f3n de planificaci\u00f3n para enfrentar la emergencia.<\/p>\n<p style=\"text-align: justify;\">En el \u00e1rea afectada se pudo distinguir romerillo (<em>Podocarpus sp<\/em>), chuquirahua (<em>Chuquiragua juseiu<\/em>) Paja (<em>\u00a0Calamagrostis intermedia<\/em>\u00a0); (<em>Stipa ichu<\/em>) ; Sunfo (<em>Nympostachis mollis<\/em>);Colca (<em>Brachiutum sp<\/em>); Valeriana (<em>Valeria rigida<\/em>)(<em>Plantago sp<\/em>), no se ha podido identificar afectaci\u00f3n a la vida silvestre.<\/p>\n<p style=\"text-align: justify;\">Esta Cartera de Estado se mantendr\u00e1 vigilante para evitar o controlar posibles activaciones del incendio.<\/p>\n<p>&nbsp;<\/p>\n<p>&nbsp;<\/p>\n<p>&nbsp;<\/p>\n<p>&nbsp;<\/p>\n<p>&nbsp;<\/p>\n","protected":false},"excerpt":{"rendered":"<p class=\"excerpt\">Ayer, en horas de la tarde, un contingente de 300 personas, entre funcionarios del Ministerio del Ambiente (MAE),\u00a0 Fuerzas Armadas, Bomberos y la empresa Aglomerados Cotopaxi, logr\u00f3 apagar un incendio que inici\u00f3 el s\u00e1bado a las 10:00, en la zona de amortiguamiento del Parque Nacional Cotopaxi, y que se propag\u00f3 hacia el sur oriente, debido a los fuertes vientos. Para&hellip; <a href=\"https:\/\/www.ambienteyenergia.gob.ec\/ambiente\/incendio-en-el-parque-nacional-cotopaxi-100-controlado\/\">Read more &rarr;<\/a><\/p>\n","protected":false},"author":13,"featured_media":15451,"comment_status":"open","ping_status":"open","sticky":false,"template":"","format":"standard","meta":{"footnotes":""},"categories":[16,4],"tags":[],"class_list":["post-15450","post","type-post","status-publish","format-standard","has-post-thumbnail","hentry","category-comunicamos","category-noticias","xfolkentry"],"_links":{"self":[{"href":"https:\/\/www.ambienteyenergia.gob.ec\/ambiente\/wp-json\/wp\/v2\/posts\/15450","targetHints":{"allow":["GET"]}}],"collection":[{"href":"https:\/\/www.ambienteyenergia.gob.ec\/ambiente\/wp-json\/wp\/v2\/posts"}],"about":[{"href":"https:\/\/www.ambienteyenergia.gob.ec\/ambiente\/wp-json\/wp\/v2\/types\/post"}],"author":[{"embeddable":true,"href":"https:\/\/www.ambienteyenergia.gob.ec\/ambiente\/wp-json\/wp\/v2\/users\/13"}],"replies":[{"embeddable":true,"href":"https:\/\/www.ambienteyenergia.gob.ec\/ambiente\/wp-json\/wp\/v2\/comments?post=15450"}],"version-history":[{"count":0,"href":"https:\/\/www.ambienteyenergia.gob.ec\/ambiente\/wp-json\/wp\/v2\/posts\/15450\/revisions"}],"wp:featuredmedia":[{"embeddable":true,"href":"https:\/\/www.ambienteyenergia.gob.ec\/ambiente\/wp-json\/wp\/v2\/media\/15451"}],"wp:attachment":[{"href":"https:\/\/www.ambienteyenergia.gob.ec\/ambiente\/wp-json\/wp\/v2\/media?parent=15450"}],"wp:term":[{"taxonomy":"category","embeddable":true,"href":"https:\/\/www.ambienteyenergia.gob.ec\/ambiente\/wp-json\/wp\/v2\/categories?post=15450"},{"taxonomy":"post_tag","embeddable":true,"href":"https:\/\/www.ambienteyenergia.gob.ec\/ambiente\/wp-json\/wp\/v2\/tags?post=15450"}],"curies":[{"name":"wp","href":"https:\/\/api.w.org\/{rel}","templated":true}]}}