{"id":15444,"date":"2013-09-21T17:07:56","date_gmt":"2013-09-21T22:07:56","guid":{"rendered":"http:\/\/www.ambiente.gob.ec\/?p=15444"},"modified":"2013-09-23T15:25:13","modified_gmt":"2013-09-23T20:25:13","slug":"general-villamil-playas-presente-en-la-campana-ecuador-playas-limpias","status":"publish","type":"post","link":"https:\/\/www.ambienteyenergia.gob.ec\/ambiente\/general-villamil-playas-presente-en-la-campana-ecuador-playas-limpias\/","title":{"rendered":"General Villamil Playas presente en la campa\u00f1a Ecuador Playas Limpias"},"content":{"rendered":"<p style=\"text-align: justify;\">M\u00e1s de 800 voluntarios se dieron cita en la playa de General Villamil y Engabao, de la Provincia de Guayas, para participar de la jornada Ecuador Playas Limpias que lidera el Ministerio del Ambiente a lo largo del perfil costero ecuatoriano.<\/p>\n<p style=\"text-align: justify;\">Camisetas, guantes y manillas fueron parte del equipamiento de los voluntarios de colegios y universidades como Colegio Militar,RashidTorbay, Alem\u00e1n Humbolt, UESS y Espol. Tambi\u00e9n una escuadra de la Armada Nacional y 22 j\u00f3venes de la liga inferior del Barcelona Sporting Club.<\/p>\n<p style=\"text-align: justify;\">El programa inaugural motiv\u00f3 a los voluntarios y asistentes en general a realizar una jornada productiva para dejar limpia las playas de contaminantes como pl\u00e1sticos, vidrios, papel, neum\u00e1ticos, entre otros.<\/p>\n<p style=\"text-align: justify;\">Las autoridades presentes fueron el Vicealcalde de Playas, Roddy Mantilla; Subsecretaria de Gesti\u00f3n Marina y Costera, Daisy C\u00e1rdenas; Director Provincial del Ambiente de Guayas, Pablo Segale; y, Teniente David Carranza, Delegado de la Capitan\u00eda del Puerto de Guayaquil.<\/p>\n<p style=\"text-align: justify;\">La basura recolectada en las playas ser\u00e1 retirada por el servicio de recolecci\u00f3n municipal, mientras que el material reciclable ser\u00e1 entregado a gestores locales.<\/p>\n<p style=\"text-align: justify;\">El cierre de la jornada fue de esparcimiento para los participantes, quienes disfrutaron de una actividad de bailoterapia.<\/p>\n<p style=\"text-align: justify;\">Los desperdicios que mayormente se encontraron en estas playas fueron, las envolturas de snacks, colillas de cigarrillos, tapas met\u00e1licas de botellas, sorbetes o mezcladores y pedazos de pl\u00e1sticos.<\/p>\n<div id='gallery-1' class='gallery galleryid-15444 gallery-columns-4 gallery-size-thumbnail'><dl class='gallery-item'>\n\t\t\t<dt class='gallery-icon landscape'>\n\t\t\t\t<a href='https:\/\/www.ambienteyenergia.gob.ec\/ambiente\/general-villamil-playas-presente-en-la-campana-ecuador-playas-limpias\/img_7957\/'><img loading=\"lazy\" decoding=\"async\" width=\"150\" height=\"150\" src=\"https:\/\/www.ambienteyenergia.gob.ec\/ambiente\/wp-content\/uploads\/sites\/2\/2013\/09\/IMG_7957-150x150.jpg\" class=\"attachment-thumbnail size-thumbnail\" alt=\"\" \/><\/a>\n\t\t\t<\/dt><\/dl><dl class='gallery-item'>\n\t\t\t<dt class='gallery-icon landscape'>\n\t\t\t\t<a href='https:\/\/www.ambienteyenergia.gob.ec\/ambiente\/general-villamil-playas-presente-en-la-campana-ecuador-playas-limpias\/img_7961\/'><img loading=\"lazy\" decoding=\"async\" width=\"150\" height=\"150\" src=\"https:\/\/www.ambienteyenergia.gob.ec\/ambiente\/wp-content\/uploads\/sites\/2\/2013\/09\/IMG_7961-150x150.jpg\" class=\"attachment-thumbnail size-thumbnail\" alt=\"\" \/><\/a>\n\t\t\t<\/dt><\/dl><dl class='gallery-item'>\n\t\t\t<dt class='gallery-icon landscape'>\n\t\t\t\t<a href='https:\/\/www.ambienteyenergia.gob.ec\/ambiente\/general-villamil-playas-presente-en-la-campana-ecuador-playas-limpias\/img_7993\/'><img loading=\"lazy\" decoding=\"async\" width=\"150\" height=\"150\" src=\"https:\/\/www.ambienteyenergia.gob.ec\/ambiente\/wp-content\/uploads\/sites\/2\/2013\/09\/IMG_7993-150x150.jpg\" class=\"attachment-thumbnail size-thumbnail\" alt=\"\" \/><\/a>\n\t\t\t<\/dt><\/dl>\n\t\t\t<br style='clear: both' \/>\n\t\t<\/div>\n\n","protected":false},"excerpt":{"rendered":"<p class=\"excerpt\">M\u00e1s de 800 voluntarios se dieron cita en la playa de General Villamil y Engabao, de la Provincia de Guayas, para participar de la jornada Ecuador Playas Limpias que lidera el Ministerio del Ambiente a lo largo del perfil costero ecuatoriano. Camisetas, guantes y manillas fueron parte del equipamiento de los voluntarios de colegios y universidades como Colegio Militar,RashidTorbay, Alem\u00e1n&hellip; <a href=\"https:\/\/www.ambienteyenergia.gob.ec\/ambiente\/general-villamil-playas-presente-en-la-campana-ecuador-playas-limpias\/\">Read more &rarr;<\/a><\/p>\n","protected":false},"author":13,"featured_media":15446,"comment_status":"open","ping_status":"open","sticky":false,"template":"","format":"standard","meta":{"footnotes":""},"categories":[16,4],"tags":[],"class_list":["post-15444","post","type-post","status-publish","format-standard","has-post-thumbnail","hentry","category-comunicamos","category-noticias","xfolkentry"],"_links":{"self":[{"href":"https:\/\/www.ambienteyenergia.gob.ec\/ambiente\/wp-json\/wp\/v2\/posts\/15444","targetHints":{"allow":["GET"]}}],"collection":[{"href":"https:\/\/www.ambienteyenergia.gob.ec\/ambiente\/wp-json\/wp\/v2\/posts"}],"about":[{"href":"https:\/\/www.ambienteyenergia.gob.ec\/ambiente\/wp-json\/wp\/v2\/types\/post"}],"author":[{"embeddable":true,"href":"https:\/\/www.ambienteyenergia.gob.ec\/ambiente\/wp-json\/wp\/v2\/users\/13"}],"replies":[{"embeddable":true,"href":"https:\/\/www.ambienteyenergia.gob.ec\/ambiente\/wp-json\/wp\/v2\/comments?post=15444"}],"version-history":[{"count":0,"href":"https:\/\/www.ambienteyenergia.gob.ec\/ambiente\/wp-json\/wp\/v2\/posts\/15444\/revisions"}],"wp:featuredmedia":[{"embeddable":true,"href":"https:\/\/www.ambienteyenergia.gob.ec\/ambiente\/wp-json\/wp\/v2\/media\/15446"}],"wp:attachment":[{"href":"https:\/\/www.ambienteyenergia.gob.ec\/ambiente\/wp-json\/wp\/v2\/media?parent=15444"}],"wp:term":[{"taxonomy":"category","embeddable":true,"href":"https:\/\/www.ambienteyenergia.gob.ec\/ambiente\/wp-json\/wp\/v2\/categories?post=15444"},{"taxonomy":"post_tag","embeddable":true,"href":"https:\/\/www.ambienteyenergia.gob.ec\/ambiente\/wp-json\/wp\/v2\/tags?post=15444"}],"curies":[{"name":"wp","href":"https:\/\/api.w.org\/{rel}","templated":true}]}}