{"id":15422,"date":"2013-09-21T19:35:24","date_gmt":"2013-09-22T00:35:24","guid":{"rendered":"http:\/\/www.ambiente.gob.ec\/?p=15422"},"modified":"2013-09-21T19:43:40","modified_gmt":"2013-09-22T00:43:40","slug":"40-mil-kilos-de-residuos-se-recolectaron-en-la-costa-y-region-insular-del-ecuador-segun-cifras-preliminares","status":"publish","type":"post","link":"https:\/\/www.ambienteyenergia.gob.ec\/ambiente\/40-mil-kilos-de-residuos-se-recolectaron-en-la-costa-y-region-insular-del-ecuador-segun-cifras-preliminares\/","title":{"rendered":"40 mil kilos de residuos se recolectaron en la costa y regi\u00f3n insular del Ecuador, seg\u00fan cifras preliminares"},"content":{"rendered":"<p style=\"text-align: justify;\">Seg\u00fan cifras preliminares, alrededor de 40 mil kilos de residuos fueron recogidas hoy, en 125 playas de Esmeraldas, Manab\u00ed, Guayas, Santa Elena, El Oro y Gal\u00e1pagos, como parte de la jornada de recolecci\u00f3n en conmemoraci\u00f3n del D\u00eda Internacional de Limpieza de Playas, liderada por el Ministerio del Ambiente del Ecuador (MAE). A lo largo de la semana, se contabilizar\u00e1 el total de los residuos acopiados.<\/p>\n<p style=\"text-align: justify;\">Este a\u00f1o se cubri\u00f3 una distancia de 173 km de playas. As\u00ed, en la provincia de Santa Elena, se acopiaron 14 667 Kg de residuos; en Guayas, 7 484 Kg; en Manab\u00ed, 4 430; en El Oro, 1727 Kg; en Esmeraldas, 6 212 Kg; y Gal\u00e1pagos, 5 502 Kg.<\/p>\n<p style=\"text-align: justify;\">Adem\u00e1s, se logr\u00f3 la participaci\u00f3n de 54 voluntarios por kil\u00f3metro cuadrado. Es decir, 26% m\u00e1s que el \u00edndice del 2012. Estos datos son significativos porque la participaci\u00f3n de la comunidad refleja una mayor conciencia y compromiso con la limpieza y protecci\u00f3n de la naturaleza. Es decir, es un resultado positivo de las labores realizadas en los diferentes programas y acciones del MAE a trav\u00e9s de sus Direcciones Provinciales.<\/p>\n<p style=\"text-align: justify;\">En Manab\u00ed, en la playa de El Murci\u00e9lago (Manta), se efectu\u00f3 el evento principal, en el que particip\u00f3 la Ministra del Ambiente, Lorena Tapia, y otras autoridades locales. A las 9:00, la Titular de la Cartera de Ambiente dio la bienvenida y agradeci\u00f3 la participaci\u00f3n de los voluntarios. \u00abHoy es un d\u00eda muy importante, a\u00f1o tras a\u00f1o, hemos trabajado junto con ustedes para tomar conciencia de la importancia del cuidado del ambiente. Como Gobierno Nacional hacemos un llamado a la poblaci\u00f3n para ser m\u00e1s conscientes de las consecuencias negativas causadas por los residuos que cada uno genera. Recordemos que el lugar m\u00e1s hermoso no es el que m\u00e1s limpia, sino el que menos ensucia\u00bb.<\/p>\n<p style=\"text-align: justify;\">El MAE aprovech\u00f3 la jornada de limpieza para difundir, a la poblaci\u00f3n y a los turistas,\u00a0 mensajes de concienciaci\u00f3n en cuanto a la separaci\u00f3n de desechos antes de su disposici\u00f3n final. Esto, con la finalidad de disminuir los niveles de desechos que se convierten en contaminaci\u00f3n.<\/p>\n<p style=\"text-align: justify;\">Esta importante fecha se celebra en m\u00e1s de 123 pa\u00edses del mundo. Actualmente, Ecuador ocupa el noveno puesto como pa\u00eds con mayor participaci\u00f3n de voluntarios para la limpieza de playas a nivel internacional, seg\u00fan Ocean Conservancy.<\/p>\n<div id='gallery-1' class='gallery galleryid-15422 gallery-columns-4 gallery-size-thumbnail'><dl class='gallery-item'>\n\t\t\t<dt class='gallery-icon landscape'>\n\t\t\t\t<a href='https:\/\/www.ambienteyenergia.gob.ec\/ambiente\/40-mil-kilos-de-residuos-se-recolectaron-en-la-costa-y-region-insular-del-ecuador-segun-cifras-preliminares\/x3-2\/'><img loading=\"lazy\" decoding=\"async\" width=\"150\" height=\"150\" src=\"https:\/\/www.ambienteyenergia.gob.ec\/ambiente\/wp-content\/uploads\/sites\/2\/2013\/09\/x3-150x150.jpg\" class=\"attachment-thumbnail size-thumbnail\" alt=\"\" \/><\/a>\n\t\t\t<\/dt><\/dl><dl class='gallery-item'>\n\t\t\t<dt class='gallery-icon landscape'>\n\t\t\t\t<a href='https:\/\/www.ambienteyenergia.gob.ec\/ambiente\/40-mil-kilos-de-residuos-se-recolectaron-en-la-costa-y-region-insular-del-ecuador-segun-cifras-preliminares\/x2-2\/'><img loading=\"lazy\" decoding=\"async\" width=\"150\" height=\"150\" src=\"https:\/\/www.ambienteyenergia.gob.ec\/ambiente\/wp-content\/uploads\/sites\/2\/2013\/09\/x2-150x150.jpg\" class=\"attachment-thumbnail size-thumbnail\" alt=\"\" \/><\/a>\n\t\t\t<\/dt><\/dl><dl class='gallery-item'>\n\t\t\t<dt class='gallery-icon landscape'>\n\t\t\t\t<a href='https:\/\/www.ambienteyenergia.gob.ec\/ambiente\/40-mil-kilos-de-residuos-se-recolectaron-en-la-costa-y-region-insular-del-ecuador-segun-cifras-preliminares\/x4-2\/'><img loading=\"lazy\" decoding=\"async\" width=\"150\" height=\"150\" src=\"https:\/\/www.ambienteyenergia.gob.ec\/ambiente\/wp-content\/uploads\/sites\/2\/2013\/09\/x4-150x150.jpg\" class=\"attachment-thumbnail size-thumbnail\" alt=\"\" \/><\/a>\n\t\t\t<\/dt><\/dl><dl class='gallery-item'>\n\t\t\t<dt class='gallery-icon landscape'>\n\t\t\t\t<a href='https:\/\/www.ambienteyenergia.gob.ec\/ambiente\/40-mil-kilos-de-residuos-se-recolectaron-en-la-costa-y-region-insular-del-ecuador-segun-cifras-preliminares\/x5-2\/'><img loading=\"lazy\" decoding=\"async\" width=\"150\" height=\"150\" src=\"https:\/\/www.ambienteyenergia.gob.ec\/ambiente\/wp-content\/uploads\/sites\/2\/2013\/09\/x5-150x150.jpg\" class=\"attachment-thumbnail size-thumbnail\" alt=\"\" \/><\/a>\n\t\t\t<\/dt><\/dl><br style=\"clear: both\" \/><dl class='gallery-item'>\n\t\t\t<dt class='gallery-icon landscape'>\n\t\t\t\t<a href='https:\/\/www.ambienteyenergia.gob.ec\/ambiente\/40-mil-kilos-de-residuos-se-recolectaron-en-la-costa-y-region-insular-del-ecuador-segun-cifras-preliminares\/s1-3\/'><img loading=\"lazy\" decoding=\"async\" width=\"150\" height=\"150\" src=\"https:\/\/www.ambienteyenergia.gob.ec\/ambiente\/wp-content\/uploads\/sites\/2\/2013\/09\/s1-150x150.jpg\" class=\"attachment-thumbnail size-thumbnail\" alt=\"\" \/><\/a>\n\t\t\t<\/dt><\/dl><dl class='gallery-item'>\n\t\t\t<dt class='gallery-icon landscape'>\n\t\t\t\t<a href='https:\/\/www.ambienteyenergia.gob.ec\/ambiente\/40-mil-kilos-de-residuos-se-recolectaron-en-la-costa-y-region-insular-del-ecuador-segun-cifras-preliminares\/s2-3\/'><img loading=\"lazy\" decoding=\"async\" width=\"150\" height=\"150\" src=\"https:\/\/www.ambienteyenergia.gob.ec\/ambiente\/wp-content\/uploads\/sites\/2\/2013\/09\/s2-150x150.jpg\" class=\"attachment-thumbnail size-thumbnail\" alt=\"\" \/><\/a>\n\t\t\t<\/dt><\/dl><dl class='gallery-item'>\n\t\t\t<dt class='gallery-icon landscape'>\n\t\t\t\t<a href='https:\/\/www.ambienteyenergia.gob.ec\/ambiente\/40-mil-kilos-de-residuos-se-recolectaron-en-la-costa-y-region-insular-del-ecuador-segun-cifras-preliminares\/s3-3\/'><img loading=\"lazy\" decoding=\"async\" width=\"150\" height=\"150\" src=\"https:\/\/www.ambienteyenergia.gob.ec\/ambiente\/wp-content\/uploads\/sites\/2\/2013\/09\/s3-150x150.jpg\" class=\"attachment-thumbnail size-thumbnail\" alt=\"\" \/><\/a>\n\t\t\t<\/dt><\/dl><dl class='gallery-item'>\n\t\t\t<dt class='gallery-icon landscape'>\n\t\t\t\t<a href='https:\/\/www.ambienteyenergia.gob.ec\/ambiente\/40-mil-kilos-de-residuos-se-recolectaron-en-la-costa-y-region-insular-del-ecuador-segun-cifras-preliminares\/galapagos-3\/'><img loading=\"lazy\" decoding=\"async\" width=\"150\" height=\"150\" src=\"https:\/\/www.ambienteyenergia.gob.ec\/ambiente\/wp-content\/uploads\/sites\/2\/2013\/09\/Galapagos1-150x150.jpg\" class=\"attachment-thumbnail size-thumbnail\" alt=\"\" \/><\/a>\n\t\t\t<\/dt><\/dl><br style=\"clear: both\" \/>\n\t\t<\/div>\n\n","protected":false},"excerpt":{"rendered":"<p class=\"excerpt\">Seg\u00fan cifras preliminares, alrededor de 40 mil kilos de residuos fueron recogidas hoy, en 125 playas de Esmeraldas, Manab\u00ed, Guayas, Santa Elena, El Oro y Gal\u00e1pagos, como parte de la jornada de recolecci\u00f3n en conmemoraci\u00f3n del D\u00eda Internacional de Limpieza de Playas, liderada por el Ministerio del Ambiente del Ecuador (MAE). A lo largo de la semana, se contabilizar\u00e1 el&hellip; <a href=\"https:\/\/www.ambienteyenergia.gob.ec\/ambiente\/40-mil-kilos-de-residuos-se-recolectaron-en-la-costa-y-region-insular-del-ecuador-segun-cifras-preliminares\/\">Read more &rarr;<\/a><\/p>\n","protected":false},"author":13,"featured_media":15423,"comment_status":"open","ping_status":"open","sticky":false,"template":"","format":"standard","meta":{"footnotes":""},"categories":[16,4,10],"tags":[],"class_list":["post-15422","post","type-post","status-publish","format-standard","has-post-thumbnail","hentry","category-comunicamos","category-noticias","category-noticias-destacadas","xfolkentry"],"_links":{"self":[{"href":"https:\/\/www.ambienteyenergia.gob.ec\/ambiente\/wp-json\/wp\/v2\/posts\/15422","targetHints":{"allow":["GET"]}}],"collection":[{"href":"https:\/\/www.ambienteyenergia.gob.ec\/ambiente\/wp-json\/wp\/v2\/posts"}],"about":[{"href":"https:\/\/www.ambienteyenergia.gob.ec\/ambiente\/wp-json\/wp\/v2\/types\/post"}],"author":[{"embeddable":true,"href":"https:\/\/www.ambienteyenergia.gob.ec\/ambiente\/wp-json\/wp\/v2\/users\/13"}],"replies":[{"embeddable":true,"href":"https:\/\/www.ambienteyenergia.gob.ec\/ambiente\/wp-json\/wp\/v2\/comments?post=15422"}],"version-history":[{"count":0,"href":"https:\/\/www.ambienteyenergia.gob.ec\/ambiente\/wp-json\/wp\/v2\/posts\/15422\/revisions"}],"wp:featuredmedia":[{"embeddable":true,"href":"https:\/\/www.ambienteyenergia.gob.ec\/ambiente\/wp-json\/wp\/v2\/media\/15423"}],"wp:attachment":[{"href":"https:\/\/www.ambienteyenergia.gob.ec\/ambiente\/wp-json\/wp\/v2\/media?parent=15422"}],"wp:term":[{"taxonomy":"category","embeddable":true,"href":"https:\/\/www.ambienteyenergia.gob.ec\/ambiente\/wp-json\/wp\/v2\/categories?post=15422"},{"taxonomy":"post_tag","embeddable":true,"href":"https:\/\/www.ambienteyenergia.gob.ec\/ambiente\/wp-json\/wp\/v2\/tags?post=15422"}],"curies":[{"name":"wp","href":"https:\/\/api.w.org\/{rel}","templated":true}]}}