{"id":15353,"date":"2013-09-21T15:23:07","date_gmt":"2013-09-21T20:23:07","guid":{"rendered":"http:\/\/www.ambiente.gob.ec\/?p=15353"},"modified":"2013-09-21T16:39:23","modified_gmt":"2013-09-21T21:39:23","slug":"alrededor-de-1-000-voluntarios-participaron-en-la-jornada-de-limpieza-de-playas-en-esmeraldas","status":"publish","type":"post","link":"https:\/\/www.ambienteyenergia.gob.ec\/ambiente\/alrededor-de-1-000-voluntarios-participaron-en-la-jornada-de-limpieza-de-playas-en-esmeraldas\/","title":{"rendered":"Alrededor de 1 000 voluntarios participaron en la jornada de Limpieza de Playas en Esmeraldas"},"content":{"rendered":"<p style=\"text-align: justify;\">Alrededor de 1 000 voluntarios se reunieron hoy en Las Palmas, ubicada a 10 minutos de la ciudad de Esmeraldas, para celebrar el D\u00eda Internacional de Limpieza de Playas, con una jornada de recolecci\u00f3n de basura, labor encabezada por el Ministerio del Ambiente (MAE) y que se replicar\u00e1 a lo largo de toda costa ecuatoriana, en 125 playas del pa\u00eds.<\/p>\n<p style=\"text-align: justify;\">Recoger gran parte de los residuos que se encuentran en las playas y concienciar a la poblaci\u00f3n sobre la importancia de no contaminar estos espacios naturales fueron los objetivos de esta iniciativa.<\/p>\n<p style=\"text-align: justify;\">En el evento participaron Rafael Lemos, Gobernador de Esmeraldas; Narcisa C\u00e1rdenas, Directora del Ambiente de Esmeraldas y Christian Ter\u00e1n, Subsecretario de Patrimonio Natural del Ministerio del Ambiente (MAE). Adem\u00e1s, asistieron estudiantes de por lo menos 12 unidades educativas de la provincia y varios voluntarios del Servicio Civil Ciudadano.<\/p>\n<p style=\"text-align: justify;\">\u201cLes agradezco en nombre de la Ministra del Ambiente, Lorena Tapia, el venir aqu\u00ed y formar parte de esta excelente labor, que los convierte en Guardianes del Planeta\u201d, expres\u00f3 C\u00e1rdenas, en su discurso de bienvenida, a los estudiantes congregados en el Malec\u00f3n de Las Palmas.<\/p>\n<p style=\"text-align: justify;\">Asimismo, C\u00e1rdenas reconoci\u00f3 el apoyo y la colaboraci\u00f3n de instituciones p\u00fablicas como los Ministerios de Educaci\u00f3n, Turismo, Salud; la Secretar\u00eda Nacional del Agua (Senagua); la Armada Nacional del Ecuador, a trav\u00e9s de la Capitan\u00eda de Puerto; la Polic\u00eda Nacional; Municipios de Esmeraldas, a la Gobernaci\u00f3n de la provincia y a las Universidades Luis Vargas Torres y Cat\u00f3lica; por ser parte de esta actividad ambiental.<\/p>\n<p style=\"text-align: justify;\">Los voluntarios, luego del acto inaugural, en el que se realizaron concursos y din\u00e1micas dirigidas a concienciar sobre la contaminaci\u00f3n y el da\u00f1o ambiental que provoca el botar basura en las playas, iniciaron el recorrido de limpieza. Se distribuyeron en grupos y empezaron la jornada de recolecci\u00f3n de desechos, utilizando para ello, guantes y una ficha en la que registraban los desechos encontrados. Se hallaron botellas, vasos, tillos, colillas de cigarrillo y pedazos de redes, entre otros.<\/p>\n<p style=\"text-align: justify;\">\u201cLa gente debe saber que botar basura no solo afecta a los animales, sino a todas las personas que vivimos aqu\u00ed\u201d, afirm\u00f3 Bryan Solis, estudiante del Colegio San Rafael.<\/p>\n<p style=\"text-align: justify;\">Las playas son un recurso natural muy valioso que se debe conservar. Por esta raz\u00f3n, el MAE realiza constantemente campa\u00f1as de educaci\u00f3n, concienciaci\u00f3n e informaci\u00f3n sobre la importancia de no arrojar residuos en las playas y de c\u00f3mo el mal manejo de los mismos afecta el ecosistema marino y al ornato de la ciudad.<\/p>\n<p style=\"text-align: justify;\">\u201cEsperamos que hoy, se recoja una menor cantidad de desechos que el a\u00f1o pasado, gracias al trabajo articulado\u201d, asever\u00f3 C\u00e1rdenas.<\/p>\n<p style=\"text-align: justify;\">Finalmente, la Titular del Ambiente en Esmeraldas felicit\u00f3 la participaci\u00f3n concurrida de los voluntarios este a\u00f1o. \u201cCada uno de ustedes es parte fundamental de esta labor, que emprende el MAE por un Ecuador Limpio, pero que sin su ayuda no ser\u00eda posible\u201d, mencion\u00f3 la Directora del Ambiente.<\/p>\n<div id='gallery-1' class='gallery galleryid-15353 gallery-columns-4 gallery-size-thumbnail'><dl class='gallery-item'>\n\t\t\t<dt class='gallery-icon landscape'>\n\t\t\t\t<a href='https:\/\/www.ambienteyenergia.gob.ec\/ambiente\/alrededor-de-1-000-voluntarios-participaron-en-la-jornada-de-limpieza-de-playas-en-esmeraldas\/1-59\/'><img loading=\"lazy\" decoding=\"async\" width=\"150\" height=\"150\" src=\"https:\/\/www.ambienteyenergia.gob.ec\/ambiente\/wp-content\/uploads\/sites\/2\/2013\/09\/15-150x150.jpg\" class=\"attachment-thumbnail size-thumbnail\" alt=\"\" \/><\/a>\n\t\t\t<\/dt><\/dl><dl class='gallery-item'>\n\t\t\t<dt class='gallery-icon landscape'>\n\t\t\t\t<a href='https:\/\/www.ambienteyenergia.gob.ec\/ambiente\/alrededor-de-1-000-voluntarios-participaron-en-la-jornada-de-limpieza-de-playas-en-esmeraldas\/10-10\/'><img loading=\"lazy\" decoding=\"async\" width=\"150\" height=\"150\" src=\"https:\/\/www.ambienteyenergia.gob.ec\/ambiente\/wp-content\/uploads\/sites\/2\/2013\/09\/101-150x150.jpg\" class=\"attachment-thumbnail size-thumbnail\" alt=\"\" \/><\/a>\n\t\t\t<\/dt><\/dl><dl class='gallery-item'>\n\t\t\t<dt class='gallery-icon landscape'>\n\t\t\t\t<a href='https:\/\/www.ambienteyenergia.gob.ec\/ambiente\/alrededor-de-1-000-voluntarios-participaron-en-la-jornada-de-limpieza-de-playas-en-esmeraldas\/11-8\/'><img loading=\"lazy\" decoding=\"async\" width=\"150\" height=\"150\" src=\"https:\/\/www.ambienteyenergia.gob.ec\/ambiente\/wp-content\/uploads\/sites\/2\/2013\/09\/112-150x150.jpg\" class=\"attachment-thumbnail size-thumbnail\" alt=\"\" \/><\/a>\n\t\t\t<\/dt><\/dl><dl class='gallery-item'>\n\t\t\t<dt class='gallery-icon landscape'>\n\t\t\t\t<a href='https:\/\/www.ambienteyenergia.gob.ec\/ambiente\/alrededor-de-1-000-voluntarios-participaron-en-la-jornada-de-limpieza-de-playas-en-esmeraldas\/12-10\/'><img loading=\"lazy\" decoding=\"async\" width=\"150\" height=\"150\" src=\"https:\/\/www.ambienteyenergia.gob.ec\/ambiente\/wp-content\/uploads\/sites\/2\/2013\/09\/121-150x150.jpg\" class=\"attachment-thumbnail size-thumbnail\" alt=\"\" \/><\/a>\n\t\t\t<\/dt><\/dl><br style=\"clear: both\" \/><dl class='gallery-item'>\n\t\t\t<dt class='gallery-icon landscape'>\n\t\t\t\t<a href='https:\/\/www.ambienteyenergia.gob.ec\/ambiente\/alrededor-de-1-000-voluntarios-participaron-en-la-jornada-de-limpieza-de-playas-en-esmeraldas\/13-5\/'><img loading=\"lazy\" decoding=\"async\" width=\"150\" height=\"150\" src=\"https:\/\/www.ambienteyenergia.gob.ec\/ambiente\/wp-content\/uploads\/sites\/2\/2013\/09\/131-150x150.jpg\" class=\"attachment-thumbnail size-thumbnail\" alt=\"\" \/><\/a>\n\t\t\t<\/dt><\/dl><dl class='gallery-item'>\n\t\t\t<dt class='gallery-icon landscape'>\n\t\t\t\t<a href='https:\/\/www.ambienteyenergia.gob.ec\/ambiente\/alrededor-de-1-000-voluntarios-participaron-en-la-jornada-de-limpieza-de-playas-en-esmeraldas\/14-3\/'><img loading=\"lazy\" decoding=\"async\" width=\"150\" height=\"150\" src=\"https:\/\/www.ambienteyenergia.gob.ec\/ambiente\/wp-content\/uploads\/sites\/2\/2013\/09\/141-150x150.jpg\" class=\"attachment-thumbnail size-thumbnail\" alt=\"\" \/><\/a>\n\t\t\t<\/dt><\/dl><dl class='gallery-item'>\n\t\t\t<dt class='gallery-icon landscape'>\n\t\t\t\t<a href='https:\/\/www.ambienteyenergia.gob.ec\/ambiente\/alrededor-de-1-000-voluntarios-participaron-en-la-jornada-de-limpieza-de-playas-en-esmeraldas\/15-4\/'><img loading=\"lazy\" decoding=\"async\" width=\"150\" height=\"150\" src=\"https:\/\/www.ambienteyenergia.gob.ec\/ambiente\/wp-content\/uploads\/sites\/2\/2013\/09\/151-150x150.jpg\" class=\"attachment-thumbnail size-thumbnail\" alt=\"\" \/><\/a>\n\t\t\t<\/dt><\/dl><dl class='gallery-item'>\n\t\t\t<dt class='gallery-icon landscape'>\n\t\t\t\t<a href='https:\/\/www.ambienteyenergia.gob.ec\/ambiente\/alrededor-de-1-000-voluntarios-participaron-en-la-jornada-de-limpieza-de-playas-en-esmeraldas\/16-3\/'><img loading=\"lazy\" decoding=\"async\" width=\"150\" height=\"150\" src=\"https:\/\/www.ambienteyenergia.gob.ec\/ambiente\/wp-content\/uploads\/sites\/2\/2013\/09\/16-150x150.jpg\" class=\"attachment-thumbnail size-thumbnail\" alt=\"\" \/><\/a>\n\t\t\t<\/dt><\/dl><br style=\"clear: both\" \/><dl class='gallery-item'>\n\t\t\t<dt class='gallery-icon landscape'>\n\t\t\t\t<a href='https:\/\/www.ambienteyenergia.gob.ec\/ambiente\/alrededor-de-1-000-voluntarios-participaron-en-la-jornada-de-limpieza-de-playas-en-esmeraldas\/17-2\/'><img loading=\"lazy\" decoding=\"async\" width=\"150\" height=\"150\" src=\"https:\/\/www.ambienteyenergia.gob.ec\/ambiente\/wp-content\/uploads\/sites\/2\/2013\/09\/17-150x150.jpg\" class=\"attachment-thumbnail size-thumbnail\" alt=\"\" \/><\/a>\n\t\t\t<\/dt><\/dl><dl class='gallery-item'>\n\t\t\t<dt class='gallery-icon landscape'>\n\t\t\t\t<a href='https:\/\/www.ambienteyenergia.gob.ec\/ambiente\/alrededor-de-1-000-voluntarios-participaron-en-la-jornada-de-limpieza-de-playas-en-esmeraldas\/19-2\/'><img loading=\"lazy\" decoding=\"async\" width=\"150\" height=\"150\" src=\"https:\/\/www.ambienteyenergia.gob.ec\/ambiente\/wp-content\/uploads\/sites\/2\/2013\/09\/19-150x150.jpg\" class=\"attachment-thumbnail size-thumbnail\" alt=\"\" \/><\/a>\n\t\t\t<\/dt><\/dl><dl class='gallery-item'>\n\t\t\t<dt class='gallery-icon landscape'>\n\t\t\t\t<a href='https:\/\/www.ambienteyenergia.gob.ec\/ambiente\/alrededor-de-1-000-voluntarios-participaron-en-la-jornada-de-limpieza-de-playas-en-esmeraldas\/2-46\/'><img loading=\"lazy\" decoding=\"async\" width=\"150\" height=\"150\" src=\"https:\/\/www.ambienteyenergia.gob.ec\/ambiente\/wp-content\/uploads\/sites\/2\/2013\/09\/24-150x150.jpg\" class=\"attachment-thumbnail size-thumbnail\" alt=\"\" \/><\/a>\n\t\t\t<\/dt><\/dl><dl class='gallery-item'>\n\t\t\t<dt class='gallery-icon landscape'>\n\t\t\t\t<a href='https:\/\/www.ambienteyenergia.gob.ec\/ambiente\/alrededor-de-1-000-voluntarios-participaron-en-la-jornada-de-limpieza-de-playas-en-esmeraldas\/3-31\/'><img loading=\"lazy\" decoding=\"async\" width=\"150\" height=\"150\" src=\"https:\/\/www.ambienteyenergia.gob.ec\/ambiente\/wp-content\/uploads\/sites\/2\/2013\/09\/33-150x150.jpg\" class=\"attachment-thumbnail size-thumbnail\" alt=\"\" \/><\/a>\n\t\t\t<\/dt><\/dl><br style=\"clear: both\" \/><dl class='gallery-item'>\n\t\t\t<dt class='gallery-icon landscape'>\n\t\t\t\t<a href='https:\/\/www.ambienteyenergia.gob.ec\/ambiente\/alrededor-de-1-000-voluntarios-participaron-en-la-jornada-de-limpieza-de-playas-en-esmeraldas\/4-24\/'><img loading=\"lazy\" decoding=\"async\" width=\"150\" height=\"150\" src=\"https:\/\/www.ambienteyenergia.gob.ec\/ambiente\/wp-content\/uploads\/sites\/2\/2013\/09\/42-150x150.jpg\" class=\"attachment-thumbnail size-thumbnail\" alt=\"\" \/><\/a>\n\t\t\t<\/dt><\/dl><dl class='gallery-item'>\n\t\t\t<dt class='gallery-icon landscape'>\n\t\t\t\t<a href='https:\/\/www.ambienteyenergia.gob.ec\/ambiente\/alrededor-de-1-000-voluntarios-participaron-en-la-jornada-de-limpieza-de-playas-en-esmeraldas\/5-18\/'><img loading=\"lazy\" decoding=\"async\" width=\"150\" height=\"150\" src=\"https:\/\/www.ambienteyenergia.gob.ec\/ambiente\/wp-content\/uploads\/sites\/2\/2013\/09\/5-150x150.jpg\" class=\"attachment-thumbnail size-thumbnail\" alt=\"\" \/><\/a>\n\t\t\t<\/dt><\/dl><dl class='gallery-item'>\n\t\t\t<dt class='gallery-icon portrait'>\n\t\t\t\t<a href='https:\/\/www.ambienteyenergia.gob.ec\/ambiente\/alrededor-de-1-000-voluntarios-participaron-en-la-jornada-de-limpieza-de-playas-en-esmeraldas\/6-18\/'><img loading=\"lazy\" decoding=\"async\" width=\"150\" height=\"150\" src=\"https:\/\/www.ambienteyenergia.gob.ec\/ambiente\/wp-content\/uploads\/sites\/2\/2013\/09\/61-150x150.jpg\" class=\"attachment-thumbnail size-thumbnail\" alt=\"\" \/><\/a>\n\t\t\t<\/dt><\/dl><dl class='gallery-item'>\n\t\t\t<dt class='gallery-icon landscape'>\n\t\t\t\t<a href='https:\/\/www.ambienteyenergia.gob.ec\/ambiente\/alrededor-de-1-000-voluntarios-participaron-en-la-jornada-de-limpieza-de-playas-en-esmeraldas\/7-11\/'><img loading=\"lazy\" decoding=\"async\" width=\"150\" height=\"150\" src=\"https:\/\/www.ambienteyenergia.gob.ec\/ambiente\/wp-content\/uploads\/sites\/2\/2013\/09\/7-150x150.jpg\" class=\"attachment-thumbnail size-thumbnail\" alt=\"\" \/><\/a>\n\t\t\t<\/dt><\/dl><br style=\"clear: both\" \/><dl class='gallery-item'>\n\t\t\t<dt class='gallery-icon landscape'>\n\t\t\t\t<a href='https:\/\/www.ambienteyenergia.gob.ec\/ambiente\/alrededor-de-1-000-voluntarios-participaron-en-la-jornada-de-limpieza-de-playas-en-esmeraldas\/8-13\/'><img loading=\"lazy\" decoding=\"async\" width=\"150\" height=\"150\" src=\"https:\/\/www.ambienteyenergia.gob.ec\/ambiente\/wp-content\/uploads\/sites\/2\/2013\/09\/82-150x150.jpg\" class=\"attachment-thumbnail size-thumbnail\" alt=\"\" \/><\/a>\n\t\t\t<\/dt><\/dl><dl class='gallery-item'>\n\t\t\t<dt class='gallery-icon landscape'>\n\t\t\t\t<a href='https:\/\/www.ambienteyenergia.gob.ec\/ambiente\/alrededor-de-1-000-voluntarios-participaron-en-la-jornada-de-limpieza-de-playas-en-esmeraldas\/9-12\/'><img loading=\"lazy\" decoding=\"async\" width=\"150\" height=\"150\" src=\"https:\/\/www.ambienteyenergia.gob.ec\/ambiente\/wp-content\/uploads\/sites\/2\/2013\/09\/92-150x150.jpg\" class=\"attachment-thumbnail size-thumbnail\" alt=\"\" \/><\/a>\n\t\t\t<\/dt><\/dl>\n\t\t\t<br style='clear: both' \/>\n\t\t<\/div>\n\n","protected":false},"excerpt":{"rendered":"<p class=\"excerpt\">Alrededor de 1 000 voluntarios se reunieron hoy en Las Palmas, ubicada a 10 minutos de la ciudad de Esmeraldas, para celebrar el D\u00eda Internacional de Limpieza de Playas, con una jornada de recolecci\u00f3n de basura, labor encabezada por el Ministerio del Ambiente (MAE) y que se replicar\u00e1 a lo largo de toda costa ecuatoriana, en 125 playas del pa\u00eds.&hellip; <a href=\"https:\/\/www.ambienteyenergia.gob.ec\/ambiente\/alrededor-de-1-000-voluntarios-participaron-en-la-jornada-de-limpieza-de-playas-en-esmeraldas\/\">Read more &rarr;<\/a><\/p>\n","protected":false},"author":13,"featured_media":15356,"comment_status":"open","ping_status":"open","sticky":false,"template":"","format":"standard","meta":{"footnotes":""},"categories":[16,4],"tags":[],"class_list":["post-15353","post","type-post","status-publish","format-standard","has-post-thumbnail","hentry","category-comunicamos","category-noticias","xfolkentry"],"_links":{"self":[{"href":"https:\/\/www.ambienteyenergia.gob.ec\/ambiente\/wp-json\/wp\/v2\/posts\/15353","targetHints":{"allow":["GET"]}}],"collection":[{"href":"https:\/\/www.ambienteyenergia.gob.ec\/ambiente\/wp-json\/wp\/v2\/posts"}],"about":[{"href":"https:\/\/www.ambienteyenergia.gob.ec\/ambiente\/wp-json\/wp\/v2\/types\/post"}],"author":[{"embeddable":true,"href":"https:\/\/www.ambienteyenergia.gob.ec\/ambiente\/wp-json\/wp\/v2\/users\/13"}],"replies":[{"embeddable":true,"href":"https:\/\/www.ambienteyenergia.gob.ec\/ambiente\/wp-json\/wp\/v2\/comments?post=15353"}],"version-history":[{"count":0,"href":"https:\/\/www.ambienteyenergia.gob.ec\/ambiente\/wp-json\/wp\/v2\/posts\/15353\/revisions"}],"wp:featuredmedia":[{"embeddable":true,"href":"https:\/\/www.ambienteyenergia.gob.ec\/ambiente\/wp-json\/wp\/v2\/media\/15356"}],"wp:attachment":[{"href":"https:\/\/www.ambienteyenergia.gob.ec\/ambiente\/wp-json\/wp\/v2\/media?parent=15353"}],"wp:term":[{"taxonomy":"category","embeddable":true,"href":"https:\/\/www.ambienteyenergia.gob.ec\/ambiente\/wp-json\/wp\/v2\/categories?post=15353"},{"taxonomy":"post_tag","embeddable":true,"href":"https:\/\/www.ambienteyenergia.gob.ec\/ambiente\/wp-json\/wp\/v2\/tags?post=15353"}],"curies":[{"name":"wp","href":"https:\/\/api.w.org\/{rel}","templated":true}]}}