{"id":15332,"date":"2013-09-21T14:46:10","date_gmt":"2013-09-21T19:46:10","guid":{"rendered":"http:\/\/www.ambiente.gob.ec\/?p=15332"},"modified":"2013-09-21T16:24:56","modified_gmt":"2013-09-21T21:24:56","slug":"200-voluntarios-participaron-en-la-jornada-de-limpieza-de-playas-en-el-oro","status":"publish","type":"post","link":"https:\/\/www.ambienteyenergia.gob.ec\/ambiente\/200-voluntarios-participaron-en-la-jornada-de-limpieza-de-playas-en-el-oro\/","title":{"rendered":"300 voluntarios participaron en la jornada de Limpieza de Playas en El Oro"},"content":{"rendered":"<p style=\"text-align: justify;\">Hoy, 21 de septiembre, el Ministerio del Ambiente (MAE) junto con el Ministerio de Turismo, el Ministerio de Salud P\u00fablica, el Ministerio de Deporte, la Marina y gobiernos seccionales, conmemoraron el D\u00eda Internacional de Limpieza de Playas en Bajo Alto, provincia de El Oro.<\/p>\n<p style=\"text-align: justify;\">La jornada se dio inicio con un desfile donde participaron aproximadamente 300 voluntarios entre j\u00f3venes y ni\u00f1os, que parti\u00f3 desde la Escuela de Educaci\u00f3n B\u00e1sica Jambel\u00ed hasta el malec\u00f3n de la playa de Bajo Alto, misma que fue encabezada por el Director Provincial del Ministerio del Ambiente y autoridades locales.<\/p>\n<p style=\"text-align: justify;\">Se cont\u00f3 con la participaci\u00f3n de las autoridades: Bol\u00edvar M\u00e1rquez Zagal Vicealcalde del Cant\u00f3n El Guabo, Carlos Zambrano Gobernador de El Oro, Roberto Marcos Director Provincial del Ambiente de El Oro, Eduardo Noboa Subsecretario de Cambio Clim\u00e1tico, Hugo A\u00f1asco Director de la Secretar\u00eda de Gesti\u00f3n Ambiental, Diego Cede\u00f1o Jarre Capit\u00e1n de Puerto y Jocelyn Medina Directora de Turismo.<\/p>\n<p style=\"text-align: justify;\">Roberto Marcos en su intervenci\u00f3n manifest\u00f3 \u201cAqu\u00ed existe uni\u00f3n para poder empezar a sacar adelante esta comuna y concienciar sobre la limpieza de playas que es cada vez m\u00e1s grande\u201d, tambi\u00e9n dijo que la capacitaci\u00f3n impartida fue un \u00e9xito ya que se logr\u00f3 sensibilizar a m\u00e1s de mil j\u00f3venes en el tema de limpieza de playas.<\/p>\n<p style=\"text-align: justify;\">Los j\u00f3venes de la localidad participaron con entusiasmo en la jornada de recolecci\u00f3n de desechos. Uno de ellos, mientras recolectaba los desechos, indic\u00f3: \u201cDebemos mantener limpias nuestras playas porque nosotros hacemos uso de ellas. Son nuestro h\u00e1bitat y no podemos permitir que se ensucien.\u201d<\/p>\n<p style=\"text-align: justify;\">Las playas son un recurso natural que se deben conservar. Manteng\u00e1moslas limpias por un Ecuador Limpio.<\/p>\n<div id='gallery-1' class='gallery galleryid-15332 gallery-columns-4 gallery-size-thumbnail'><dl class='gallery-item'>\n\t\t\t<dt class='gallery-icon landscape'>\n\t\t\t\t<a href='https:\/\/www.ambienteyenergia.gob.ec\/ambiente\/200-voluntarios-participaron-en-la-jornada-de-limpieza-de-playas-en-el-oro\/dsc05812\/'><img loading=\"lazy\" decoding=\"async\" width=\"150\" height=\"150\" src=\"https:\/\/www.ambienteyenergia.gob.ec\/ambiente\/wp-content\/uploads\/sites\/2\/2013\/09\/DSC05812-150x150.jpg\" class=\"attachment-thumbnail size-thumbnail\" alt=\"\" \/><\/a>\n\t\t\t<\/dt><\/dl><dl class='gallery-item'>\n\t\t\t<dt class='gallery-icon landscape'>\n\t\t\t\t<a href='https:\/\/www.ambienteyenergia.gob.ec\/ambiente\/200-voluntarios-participaron-en-la-jornada-de-limpieza-de-playas-en-el-oro\/dsc05725\/'><img loading=\"lazy\" decoding=\"async\" width=\"150\" height=\"150\" src=\"https:\/\/www.ambienteyenergia.gob.ec\/ambiente\/wp-content\/uploads\/sites\/2\/2013\/09\/DSC05725-150x150.jpg\" class=\"attachment-thumbnail size-thumbnail\" alt=\"\" \/><\/a>\n\t\t\t<\/dt><\/dl><dl class='gallery-item'>\n\t\t\t<dt class='gallery-icon landscape'>\n\t\t\t\t<a href='https:\/\/www.ambienteyenergia.gob.ec\/ambiente\/200-voluntarios-participaron-en-la-jornada-de-limpieza-de-playas-en-el-oro\/dsc05727\/'><img loading=\"lazy\" decoding=\"async\" width=\"150\" height=\"150\" src=\"https:\/\/www.ambienteyenergia.gob.ec\/ambiente\/wp-content\/uploads\/sites\/2\/2013\/09\/DSC05727-150x150.jpg\" class=\"attachment-thumbnail size-thumbnail\" alt=\"\" \/><\/a>\n\t\t\t<\/dt><\/dl><dl class='gallery-item'>\n\t\t\t<dt class='gallery-icon landscape'>\n\t\t\t\t<a href='https:\/\/www.ambienteyenergia.gob.ec\/ambiente\/200-voluntarios-participaron-en-la-jornada-de-limpieza-de-playas-en-el-oro\/dsc05730\/'><img loading=\"lazy\" decoding=\"async\" width=\"150\" height=\"150\" src=\"https:\/\/www.ambienteyenergia.gob.ec\/ambiente\/wp-content\/uploads\/sites\/2\/2013\/09\/DSC05730-150x150.jpg\" class=\"attachment-thumbnail size-thumbnail\" alt=\"\" \/><\/a>\n\t\t\t<\/dt><\/dl><br style=\"clear: both\" \/><dl class='gallery-item'>\n\t\t\t<dt class='gallery-icon landscape'>\n\t\t\t\t<a href='https:\/\/www.ambienteyenergia.gob.ec\/ambiente\/200-voluntarios-participaron-en-la-jornada-de-limpieza-de-playas-en-el-oro\/dsc05749\/'><img loading=\"lazy\" decoding=\"async\" width=\"150\" height=\"150\" src=\"https:\/\/www.ambienteyenergia.gob.ec\/ambiente\/wp-content\/uploads\/sites\/2\/2013\/09\/DSC05749-150x150.jpg\" class=\"attachment-thumbnail size-thumbnail\" alt=\"\" \/><\/a>\n\t\t\t<\/dt><\/dl><dl class='gallery-item'>\n\t\t\t<dt class='gallery-icon landscape'>\n\t\t\t\t<a href='https:\/\/www.ambienteyenergia.gob.ec\/ambiente\/200-voluntarios-participaron-en-la-jornada-de-limpieza-de-playas-en-el-oro\/dsc05751\/'><img loading=\"lazy\" decoding=\"async\" width=\"150\" height=\"150\" src=\"https:\/\/www.ambienteyenergia.gob.ec\/ambiente\/wp-content\/uploads\/sites\/2\/2013\/09\/DSC05751-150x150.jpg\" class=\"attachment-thumbnail size-thumbnail\" alt=\"\" \/><\/a>\n\t\t\t<\/dt><\/dl><dl class='gallery-item'>\n\t\t\t<dt class='gallery-icon landscape'>\n\t\t\t\t<a href='https:\/\/www.ambienteyenergia.gob.ec\/ambiente\/200-voluntarios-participaron-en-la-jornada-de-limpieza-de-playas-en-el-oro\/dsc05765\/'><img loading=\"lazy\" decoding=\"async\" width=\"150\" height=\"150\" src=\"https:\/\/www.ambienteyenergia.gob.ec\/ambiente\/wp-content\/uploads\/sites\/2\/2013\/09\/DSC05765-150x150.jpg\" class=\"attachment-thumbnail size-thumbnail\" alt=\"\" \/><\/a>\n\t\t\t<\/dt><\/dl><dl class='gallery-item'>\n\t\t\t<dt class='gallery-icon landscape'>\n\t\t\t\t<a href='https:\/\/www.ambienteyenergia.gob.ec\/ambiente\/200-voluntarios-participaron-en-la-jornada-de-limpieza-de-playas-en-el-oro\/dsc05769\/'><img loading=\"lazy\" decoding=\"async\" width=\"150\" height=\"150\" src=\"https:\/\/www.ambienteyenergia.gob.ec\/ambiente\/wp-content\/uploads\/sites\/2\/2013\/09\/DSC05769-150x150.jpg\" class=\"attachment-thumbnail size-thumbnail\" alt=\"\" \/><\/a>\n\t\t\t<\/dt><\/dl><br style=\"clear: both\" \/><dl class='gallery-item'>\n\t\t\t<dt class='gallery-icon landscape'>\n\t\t\t\t<a href='https:\/\/www.ambienteyenergia.gob.ec\/ambiente\/200-voluntarios-participaron-en-la-jornada-de-limpieza-de-playas-en-el-oro\/dsc05775\/'><img loading=\"lazy\" decoding=\"async\" width=\"150\" height=\"150\" src=\"https:\/\/www.ambienteyenergia.gob.ec\/ambiente\/wp-content\/uploads\/sites\/2\/2013\/09\/DSC05775-150x150.jpg\" class=\"attachment-thumbnail size-thumbnail\" alt=\"\" \/><\/a>\n\t\t\t<\/dt><\/dl><dl class='gallery-item'>\n\t\t\t<dt class='gallery-icon landscape'>\n\t\t\t\t<a href='https:\/\/www.ambienteyenergia.gob.ec\/ambiente\/200-voluntarios-participaron-en-la-jornada-de-limpieza-de-playas-en-el-oro\/dsc05796\/'><img loading=\"lazy\" decoding=\"async\" width=\"150\" height=\"150\" src=\"https:\/\/www.ambienteyenergia.gob.ec\/ambiente\/wp-content\/uploads\/sites\/2\/2013\/09\/DSC05796-150x150.jpg\" class=\"attachment-thumbnail size-thumbnail\" alt=\"\" \/><\/a>\n\t\t\t<\/dt><\/dl><dl class='gallery-item'>\n\t\t\t<dt class='gallery-icon landscape'>\n\t\t\t\t<a href='https:\/\/www.ambienteyenergia.gob.ec\/ambiente\/200-voluntarios-participaron-en-la-jornada-de-limpieza-de-playas-en-el-oro\/dsc05808\/'><img loading=\"lazy\" decoding=\"async\" width=\"150\" height=\"150\" src=\"https:\/\/www.ambienteyenergia.gob.ec\/ambiente\/wp-content\/uploads\/sites\/2\/2013\/09\/DSC05808-150x150.jpg\" class=\"attachment-thumbnail size-thumbnail\" alt=\"\" \/><\/a>\n\t\t\t<\/dt><\/dl><dl class='gallery-item'>\n\t\t\t<dt class='gallery-icon landscape'>\n\t\t\t\t<a href='https:\/\/www.ambienteyenergia.gob.ec\/ambiente\/200-voluntarios-participaron-en-la-jornada-de-limpieza-de-playas-en-el-oro\/dsc05810\/'><img loading=\"lazy\" decoding=\"async\" width=\"150\" height=\"150\" src=\"https:\/\/www.ambienteyenergia.gob.ec\/ambiente\/wp-content\/uploads\/sites\/2\/2013\/09\/DSC05810-150x150.jpg\" class=\"attachment-thumbnail size-thumbnail\" alt=\"\" \/><\/a>\n\t\t\t<\/dt><\/dl><br style=\"clear: both\" \/><dl class='gallery-item'>\n\t\t\t<dt class='gallery-icon landscape'>\n\t\t\t\t<a href='https:\/\/www.ambienteyenergia.gob.ec\/ambiente\/200-voluntarios-participaron-en-la-jornada-de-limpieza-de-playas-en-el-oro\/dsc05812-2\/'><img loading=\"lazy\" decoding=\"async\" width=\"150\" height=\"150\" src=\"https:\/\/www.ambienteyenergia.gob.ec\/ambiente\/wp-content\/uploads\/sites\/2\/2013\/09\/DSC058121-150x150.jpg\" class=\"attachment-thumbnail size-thumbnail\" alt=\"\" \/><\/a>\n\t\t\t<\/dt><\/dl><dl class='gallery-item'>\n\t\t\t<dt class='gallery-icon landscape'>\n\t\t\t\t<a href='https:\/\/www.ambienteyenergia.gob.ec\/ambiente\/200-voluntarios-participaron-en-la-jornada-de-limpieza-de-playas-en-el-oro\/dsc05814\/'><img loading=\"lazy\" decoding=\"async\" width=\"150\" height=\"150\" src=\"https:\/\/www.ambienteyenergia.gob.ec\/ambiente\/wp-content\/uploads\/sites\/2\/2013\/09\/DSC05814-150x150.jpg\" class=\"attachment-thumbnail size-thumbnail\" alt=\"\" \/><\/a>\n\t\t\t<\/dt><\/dl><dl class='gallery-item'>\n\t\t\t<dt class='gallery-icon portrait'>\n\t\t\t\t<a href='https:\/\/www.ambienteyenergia.gob.ec\/ambiente\/200-voluntarios-participaron-en-la-jornada-de-limpieza-de-playas-en-el-oro\/dsc05816\/'><img loading=\"lazy\" decoding=\"async\" width=\"150\" height=\"150\" src=\"https:\/\/www.ambienteyenergia.gob.ec\/ambiente\/wp-content\/uploads\/sites\/2\/2013\/09\/DSC05816-150x150.jpg\" class=\"attachment-thumbnail size-thumbnail\" alt=\"\" \/><\/a>\n\t\t\t<\/dt><\/dl><dl class='gallery-item'>\n\t\t\t<dt class='gallery-icon landscape'>\n\t\t\t\t<a href='https:\/\/www.ambienteyenergia.gob.ec\/ambiente\/200-voluntarios-participaron-en-la-jornada-de-limpieza-de-playas-en-el-oro\/dsc05819\/'><img loading=\"lazy\" decoding=\"async\" width=\"150\" height=\"150\" src=\"https:\/\/www.ambienteyenergia.gob.ec\/ambiente\/wp-content\/uploads\/sites\/2\/2013\/09\/DSC05819-150x150.jpg\" class=\"attachment-thumbnail size-thumbnail\" alt=\"\" \/><\/a>\n\t\t\t<\/dt><\/dl><br style=\"clear: both\" \/><dl class='gallery-item'>\n\t\t\t<dt class='gallery-icon landscape'>\n\t\t\t\t<a href='https:\/\/www.ambienteyenergia.gob.ec\/ambiente\/200-voluntarios-participaron-en-la-jornada-de-limpieza-de-playas-en-el-oro\/dsc05820\/'><img loading=\"lazy\" decoding=\"async\" width=\"150\" height=\"150\" src=\"https:\/\/www.ambienteyenergia.gob.ec\/ambiente\/wp-content\/uploads\/sites\/2\/2013\/09\/DSC05820-150x150.jpg\" class=\"attachment-thumbnail size-thumbnail\" alt=\"\" \/><\/a>\n\t\t\t<\/dt><\/dl><dl class='gallery-item'>\n\t\t\t<dt class='gallery-icon landscape'>\n\t\t\t\t<a href='https:\/\/www.ambienteyenergia.gob.ec\/ambiente\/200-voluntarios-participaron-en-la-jornada-de-limpieza-de-playas-en-el-oro\/dsc05824\/'><img loading=\"lazy\" decoding=\"async\" width=\"150\" height=\"150\" src=\"https:\/\/www.ambienteyenergia.gob.ec\/ambiente\/wp-content\/uploads\/sites\/2\/2013\/09\/DSC05824-150x150.jpg\" class=\"attachment-thumbnail size-thumbnail\" alt=\"\" \/><\/a>\n\t\t\t<\/dt><\/dl><dl class='gallery-item'>\n\t\t\t<dt class='gallery-icon landscape'>\n\t\t\t\t<a href='https:\/\/www.ambienteyenergia.gob.ec\/ambiente\/200-voluntarios-participaron-en-la-jornada-de-limpieza-de-playas-en-el-oro\/img_0769\/'><img loading=\"lazy\" decoding=\"async\" width=\"150\" height=\"150\" src=\"https:\/\/www.ambienteyenergia.gob.ec\/ambiente\/wp-content\/uploads\/sites\/2\/2013\/09\/IMG_0769-150x150.jpg\" class=\"attachment-thumbnail size-thumbnail\" alt=\"\" \/><\/a>\n\t\t\t<\/dt><\/dl>\n\t\t\t<br style='clear: both' \/>\n\t\t<\/div>\n\n","protected":false},"excerpt":{"rendered":"<p class=\"excerpt\">Hoy, 21 de septiembre, el Ministerio del Ambiente (MAE) junto con el Ministerio de Turismo, el Ministerio de Salud P\u00fablica, el Ministerio de Deporte, la Marina y gobiernos seccionales, conmemoraron el D\u00eda Internacional de Limpieza de Playas en Bajo Alto, provincia de El Oro. La jornada se dio inicio con un desfile donde participaron aproximadamente 300 voluntarios entre j\u00f3venes y&hellip; <a href=\"https:\/\/www.ambienteyenergia.gob.ec\/ambiente\/200-voluntarios-participaron-en-la-jornada-de-limpieza-de-playas-en-el-oro\/\">Read more &rarr;<\/a><\/p>\n","protected":false},"author":13,"featured_media":15333,"comment_status":"open","ping_status":"open","sticky":false,"template":"","format":"standard","meta":{"footnotes":""},"categories":[16,4],"tags":[],"class_list":["post-15332","post","type-post","status-publish","format-standard","has-post-thumbnail","hentry","category-comunicamos","category-noticias","xfolkentry"],"_links":{"self":[{"href":"https:\/\/www.ambienteyenergia.gob.ec\/ambiente\/wp-json\/wp\/v2\/posts\/15332","targetHints":{"allow":["GET"]}}],"collection":[{"href":"https:\/\/www.ambienteyenergia.gob.ec\/ambiente\/wp-json\/wp\/v2\/posts"}],"about":[{"href":"https:\/\/www.ambienteyenergia.gob.ec\/ambiente\/wp-json\/wp\/v2\/types\/post"}],"author":[{"embeddable":true,"href":"https:\/\/www.ambienteyenergia.gob.ec\/ambiente\/wp-json\/wp\/v2\/users\/13"}],"replies":[{"embeddable":true,"href":"https:\/\/www.ambienteyenergia.gob.ec\/ambiente\/wp-json\/wp\/v2\/comments?post=15332"}],"version-history":[{"count":0,"href":"https:\/\/www.ambienteyenergia.gob.ec\/ambiente\/wp-json\/wp\/v2\/posts\/15332\/revisions"}],"wp:featuredmedia":[{"embeddable":true,"href":"https:\/\/www.ambienteyenergia.gob.ec\/ambiente\/wp-json\/wp\/v2\/media\/15333"}],"wp:attachment":[{"href":"https:\/\/www.ambienteyenergia.gob.ec\/ambiente\/wp-json\/wp\/v2\/media?parent=15332"}],"wp:term":[{"taxonomy":"category","embeddable":true,"href":"https:\/\/www.ambienteyenergia.gob.ec\/ambiente\/wp-json\/wp\/v2\/categories?post=15332"},{"taxonomy":"post_tag","embeddable":true,"href":"https:\/\/www.ambienteyenergia.gob.ec\/ambiente\/wp-json\/wp\/v2\/tags?post=15332"}],"curies":[{"name":"wp","href":"https:\/\/api.w.org\/{rel}","templated":true}]}}