{"id":15321,"date":"2013-09-21T13:22:27","date_gmt":"2013-09-21T18:22:27","guid":{"rendered":"http:\/\/www.ambiente.gob.ec\/?p=15321"},"modified":"2013-09-21T13:39:05","modified_gmt":"2013-09-21T18:39:05","slug":"3-000-voluntarios-se-unieron-a-la-limpieza-de-44-playas-en-santa-elena","status":"publish","type":"post","link":"https:\/\/www.ambienteyenergia.gob.ec\/ambiente\/3-000-voluntarios-se-unieron-a-la-limpieza-de-44-playas-en-santa-elena\/","title":{"rendered":"3 000 voluntarios se unieron a la limpieza de 44 playas en Santa Elena"},"content":{"rendered":"<p style=\"text-align: justify;\">El evento principal de esta jornada se desarroll\u00f3 en la playa de Salinas con la intervenci\u00f3n de Daniel Castillo, Director Provincial de Santa Elena del Ministerio del Ambiente (MAE); Pa\u00fal Borbor, Alcalde de Salinas y el representante de la M\u00e1xima Autoridad Ambiental, Juan Carlos Soria, Subsecretario de Calidad Ambiental.<\/p>\n<p style=\"text-align: justify;\">Luego de ello, los voluntarios de diferentes instituciones educativas, Gobiernos Aut\u00f3nomos Descentralizados (GAD\u00b4s), comunidades y empresa privada, iniciaron las actividades de limpieza.<\/p>\n<p style=\"text-align: justify;\">Para Mar\u00eda Bel\u00e9n, estudiante de 14 a\u00f1os, las personas deben ser conscientes de sus acciones porque los da\u00f1os repercutir\u00e1n en ellos y en las generaciones futuras. \u00abMantener una playa limpia es sentirse orgulloso de conservar la vida en el Ecuador y el mundo\u00bb, manifest\u00f3.<\/p>\n<p style=\"text-align: justify;\">Este a\u00f1o, se han reunido a m\u00e1s de 90 organizaciones y 3 000 voluntarios para realizar esta actividad en 44 playas de la provincia. Hasta el mediod\u00eda, personal del MAE pes\u00f3 500 kilos de basura. La cifra final se tendr\u00e1 a las 17:00.<\/p>\n<div id='gallery-1' class='gallery galleryid-15321 gallery-columns-4 gallery-size-thumbnail'><dl class='gallery-item'>\n\t\t\t<dt class='gallery-icon landscape'>\n\t\t\t\t<a href='https:\/\/www.ambienteyenergia.gob.ec\/ambiente\/3-000-voluntarios-se-unieron-a-la-limpieza-de-44-playas-en-santa-elena\/euge\/'><img loading=\"lazy\" decoding=\"async\" width=\"150\" height=\"150\" src=\"https:\/\/www.ambienteyenergia.gob.ec\/ambiente\/wp-content\/uploads\/sites\/2\/2013\/09\/euge-150x150.jpg\" class=\"attachment-thumbnail size-thumbnail\" alt=\"\" \/><\/a>\n\t\t\t<\/dt><\/dl><dl class='gallery-item'>\n\t\t\t<dt class='gallery-icon landscape'>\n\t\t\t\t<a href='https:\/\/www.ambienteyenergia.gob.ec\/ambiente\/3-000-voluntarios-se-unieron-a-la-limpieza-de-44-playas-en-santa-elena\/euge-2\/'><img loading=\"lazy\" decoding=\"async\" width=\"150\" height=\"150\" src=\"https:\/\/www.ambienteyenergia.gob.ec\/ambiente\/wp-content\/uploads\/sites\/2\/2013\/09\/euge-2-150x150.jpg\" class=\"attachment-thumbnail size-thumbnail\" alt=\"\" \/><\/a>\n\t\t\t<\/dt><\/dl><dl class='gallery-item'>\n\t\t\t<dt class='gallery-icon landscape'>\n\t\t\t\t<a href='https:\/\/www.ambienteyenergia.gob.ec\/ambiente\/3-000-voluntarios-se-unieron-a-la-limpieza-de-44-playas-en-santa-elena\/euge-3\/'><img loading=\"lazy\" decoding=\"async\" width=\"150\" height=\"150\" src=\"https:\/\/www.ambienteyenergia.gob.ec\/ambiente\/wp-content\/uploads\/sites\/2\/2013\/09\/euge-3-150x150.jpg\" class=\"attachment-thumbnail size-thumbnail\" alt=\"\" \/><\/a>\n\t\t\t<\/dt><\/dl><dl class='gallery-item'>\n\t\t\t<dt class='gallery-icon landscape'>\n\t\t\t\t<a href='https:\/\/www.ambienteyenergia.gob.ec\/ambiente\/3-000-voluntarios-se-unieron-a-la-limpieza-de-44-playas-en-santa-elena\/euge-4\/'><img loading=\"lazy\" decoding=\"async\" width=\"150\" height=\"150\" src=\"https:\/\/www.ambienteyenergia.gob.ec\/ambiente\/wp-content\/uploads\/sites\/2\/2013\/09\/euge-4-150x150.jpg\" class=\"attachment-thumbnail size-thumbnail\" alt=\"\" \/><\/a>\n\t\t\t<\/dt><\/dl><br style=\"clear: both\" \/><dl class='gallery-item'>\n\t\t\t<dt class='gallery-icon landscape'>\n\t\t\t\t<a href='https:\/\/www.ambienteyenergia.gob.ec\/ambiente\/3-000-voluntarios-se-unieron-a-la-limpieza-de-44-playas-en-santa-elena\/euge-5\/'><img loading=\"lazy\" decoding=\"async\" width=\"150\" height=\"150\" src=\"https:\/\/www.ambienteyenergia.gob.ec\/ambiente\/wp-content\/uploads\/sites\/2\/2013\/09\/euge-5-150x150.jpg\" class=\"attachment-thumbnail size-thumbnail\" alt=\"\" \/><\/a>\n\t\t\t<\/dt><\/dl>\n\t\t\t<br style='clear: both' \/>\n\t\t<\/div>\n\n<p>&nbsp;<\/p>\n","protected":false},"excerpt":{"rendered":"<p class=\"excerpt\">El evento principal de esta jornada se desarroll\u00f3 en la playa de Salinas con la intervenci\u00f3n de Daniel Castillo, Director Provincial de Santa Elena del Ministerio del Ambiente (MAE); Pa\u00fal Borbor, Alcalde de Salinas y el representante de la M\u00e1xima Autoridad Ambiental, Juan Carlos Soria, Subsecretario de Calidad Ambiental. Luego de ello, los voluntarios de diferentes instituciones educativas, Gobiernos Aut\u00f3nomos&hellip; <a href=\"https:\/\/www.ambienteyenergia.gob.ec\/ambiente\/3-000-voluntarios-se-unieron-a-la-limpieza-de-44-playas-en-santa-elena\/\">Read more &rarr;<\/a><\/p>\n","protected":false},"author":13,"featured_media":15322,"comment_status":"open","ping_status":"open","sticky":false,"template":"","format":"standard","meta":{"footnotes":""},"categories":[16,4],"tags":[],"class_list":["post-15321","post","type-post","status-publish","format-standard","has-post-thumbnail","hentry","category-comunicamos","category-noticias","xfolkentry"],"_links":{"self":[{"href":"https:\/\/www.ambienteyenergia.gob.ec\/ambiente\/wp-json\/wp\/v2\/posts\/15321","targetHints":{"allow":["GET"]}}],"collection":[{"href":"https:\/\/www.ambienteyenergia.gob.ec\/ambiente\/wp-json\/wp\/v2\/posts"}],"about":[{"href":"https:\/\/www.ambienteyenergia.gob.ec\/ambiente\/wp-json\/wp\/v2\/types\/post"}],"author":[{"embeddable":true,"href":"https:\/\/www.ambienteyenergia.gob.ec\/ambiente\/wp-json\/wp\/v2\/users\/13"}],"replies":[{"embeddable":true,"href":"https:\/\/www.ambienteyenergia.gob.ec\/ambiente\/wp-json\/wp\/v2\/comments?post=15321"}],"version-history":[{"count":0,"href":"https:\/\/www.ambienteyenergia.gob.ec\/ambiente\/wp-json\/wp\/v2\/posts\/15321\/revisions"}],"wp:featuredmedia":[{"embeddable":true,"href":"https:\/\/www.ambienteyenergia.gob.ec\/ambiente\/wp-json\/wp\/v2\/media\/15322"}],"wp:attachment":[{"href":"https:\/\/www.ambienteyenergia.gob.ec\/ambiente\/wp-json\/wp\/v2\/media?parent=15321"}],"wp:term":[{"taxonomy":"category","embeddable":true,"href":"https:\/\/www.ambienteyenergia.gob.ec\/ambiente\/wp-json\/wp\/v2\/categories?post=15321"},{"taxonomy":"post_tag","embeddable":true,"href":"https:\/\/www.ambienteyenergia.gob.ec\/ambiente\/wp-json\/wp\/v2\/tags?post=15321"}],"curies":[{"name":"wp","href":"https:\/\/api.w.org\/{rel}","templated":true}]}}