{"id":15317,"date":"2013-09-21T13:01:38","date_gmt":"2013-09-21T18:01:38","guid":{"rendered":"http:\/\/www.ambiente.gob.ec\/?p=15317"},"modified":"2013-09-23T11:49:51","modified_gmt":"2013-09-23T16:49:51","slug":"15-mil-voluntarios-limpiaron-125-playas-del-perfil-costanero-y-la-region-insular-del-ecuador","status":"publish","type":"post","link":"https:\/\/www.ambienteyenergia.gob.ec\/ambiente\/15-mil-voluntarios-limpiaron-125-playas-del-perfil-costanero-y-la-region-insular-del-ecuador\/","title":{"rendered":"15 mil voluntarios limpiaron 125 playas del perfil costanero y la regi\u00f3n Insular del Ecuador"},"content":{"rendered":"<p style=\"text-align: justify;\">Hoy, en 125 playas de Esmeraldas, Manab\u00ed, Guayas, Santa Elena, El Oro y Gal\u00e1pagos, alrededor de 15 000 voluntarios (43 por kil\u00f3metro cuadro), participaron en la jornada de recolecci\u00f3n de residuos en conmemoraci\u00f3n del D\u00eda Internacional de Limpieza de Playas.<\/p>\n<p style=\"text-align: justify;\">Esta iniciativa liderada por el Ministerio del Ambiente (MAE), desde 2010, tiene como objetivo acopiar los residuos que se encuentran en las playas, concienciar a la poblaci\u00f3n sobre la importancia de no contaminar estos espacios naturales y registrar el mayor n\u00famero de voluntarios. Asimismo, se busca promover cambios positivos en el comportamiento de quienes causan la contaminaci\u00f3n.<\/p>\n<p style=\"text-align: justify;\">El evento principal, en el que particip\u00f3 la Ministra del Ambiente, Lorena Tapia, y otras autoridades locales, se desarroll\u00f3 en la playa El Murci\u00e9lago, de la ciudad de Manta (Manab\u00ed) como reconocimiento a la labor realizada el a\u00f1o pasado, cuando registr\u00f3 el mayor n\u00famero de voluntarios (5 200) y de residuos recolectados (20 mil Kg.).<\/p>\n<p style=\"text-align: justify;\">A las 9:00, la Titular de la Cartera de Ambiente dio la bienvenida y agradeci\u00f3 la participaci\u00f3n de los voluntarios. \u00abHoy es un d\u00eda muy importante, a\u00f1o tras a\u00f1o, hemos trabajado junto con ustedes para tomar conciencia de la importancia del cuidado del ambiente. Como Gobierno Nacional hacemos un llamado a la poblaci\u00f3n para ser m\u00e1s conscientes de las consecuencias negativas causadas por los residuos que cada uno genera. Recordemos que el lugar m\u00e1s hermoso no es el que m\u00e1s limpia, sino el que menos ensucia\u00bb.<\/p>\n<p style=\"text-align: justify;\">Asimismo, la M\u00e1xima Autoridad Ambiental invit\u00f3 a la ciudadan\u00eda a continuar con esta iniciativa en pro de un ambiente sano para todos los seres vivos. \u00abSum\u00e9monos todos al cuidado de las playas, no esperemos encontrar un lugar destruido para actuar, prevengamos la destrucci\u00f3n de nuestro patrimonio natural, mantengamos nuestro Ecuador Limpio\u00bb.<\/p>\n<p style=\"text-align: justify;\">Tras la intervenci\u00f3n de la Ministra Tapia, se efectuaron varias actividades l\u00fadicas y recreativas enfocadas en acciones de conservaci\u00f3n ambiental. Luego de ello, los voluntarios, estudiantes de la Unidad Educativa Manta, Colegio 4 de Noviembre, Colegio 5 de Junio y conscriptos de la Fuerza Naval, entre otras instituciones, recorrieron la playa, recolectando los desechos en saquillos. Para esta actividad, estuvieron equipados con guantes y una ficha para registrar el tipo y la cantidad de basura que luego ser\u00e1 pesada y separada.<\/p>\n<p style=\"text-align: justify;\">Para Gema Verduga, estudiante de 16 a\u00f1os, esta acci\u00f3n es importante porque, adem\u00e1s de limpiar el entorno y evitar la contaminaci\u00f3n de ecosistema marino, es una oportunidad para tomar conciencia y aplicar las buenas pr\u00e1cticas ambientales que el MAE ha fomentado a trav\u00e9s de los programas de educaci\u00f3n ambiental que desarrolla de manera constante.<\/p>\n<p style=\"text-align: justify;\">Con ello coincidi\u00f3 Pamela V\u00e9lez, de 17 a\u00f1os, para quien esta campa\u00f1a deber\u00eda reflejarse en todas acciones de los seres humanos. \u00abInvito a los ni\u00f1os, j\u00f3venes y adultos a unirse a la limpieza de nuestra playa, porque de nosotros depende la vida de los animales y nuestra propia salud\u00bb, manifest\u00f3. La Ministra Tapia tambi\u00e9n particip\u00f3 de la limpieza junto a un grupo de voluntarios del Servicio Civil Ciudadano, en donde encontraron, entre otros desechos, varias colillas de cigarrillos, tapas pl\u00e1sticas, botellas. \u00abCada colilla de cigarrillo contamina 50 litros de agua\u00bb, coment\u00f3 la Ministra a los estudiantes con el fin de crear conciencia en ellos de la importancia de su labor.<\/p>\n<p style=\"text-align: justify;\"><strong>Una actividad emblem\u00e1tica en cinco provincias<\/strong><\/p>\n<p style=\"text-align: justify;\">Eventos similares se realizaron en Las Palmas (Esmeraldas), General Villamil (Guayas), Salinas (Santa Elena), Bajo Alto (El Oro) y Puerto Baquerizo Moreno (Gal\u00e1pagos).<\/p>\n<p style=\"text-align: justify;\">Esta importante fecha se celebra en m\u00e1s de 123 pa\u00edses del mundo. Actualmente, Ecuador ocupa el noveno puesto como pa\u00eds con mayor participaci\u00f3n de voluntarios para la limpieza de playas a nivel internacional, seg\u00fan Ocean Conservancy.<\/p>\n<p style=\"text-align: justify;\">Para este a\u00f1o, pese a que se cubri\u00f3 un mayor n\u00famero de playas, se espera que la cantidad de basura recolectada sea menor a la de 2012 (395 000 unidades de residuos aproximadamente, 43 828 kilos), tomando en cuenta que el MAE ha realizado campa\u00f1as de educaci\u00f3n, concienciaci\u00f3n e informaci\u00f3n sobre la importancia de no arrojar residuos en las playas y de c\u00f3mo el mal manejo de los mismos afecta el ecosistema marino.<\/p>\n<p style=\"text-align: justify;\">\n","protected":false},"excerpt":{"rendered":"<p class=\"excerpt\">Hoy, en 125 playas de Esmeraldas, Manab\u00ed, Guayas, Santa Elena, El Oro y Gal\u00e1pagos, alrededor de 15 000 voluntarios (43 por kil\u00f3metro cuadro), participaron en la jornada de recolecci\u00f3n de residuos en conmemoraci\u00f3n del D\u00eda Internacional de Limpieza de Playas. Esta iniciativa liderada por el Ministerio del Ambiente (MAE), desde 2010, tiene como objetivo acopiar los residuos que se encuentran&hellip; <a href=\"https:\/\/www.ambienteyenergia.gob.ec\/ambiente\/15-mil-voluntarios-limpiaron-125-playas-del-perfil-costanero-y-la-region-insular-del-ecuador\/\">Read more &rarr;<\/a><\/p>\n","protected":false},"author":13,"featured_media":15319,"comment_status":"open","ping_status":"open","sticky":false,"template":"","format":"standard","meta":{"footnotes":""},"categories":[16,4,10],"tags":[],"class_list":["post-15317","post","type-post","status-publish","format-standard","has-post-thumbnail","hentry","category-comunicamos","category-noticias","category-noticias-destacadas","xfolkentry"],"_links":{"self":[{"href":"https:\/\/www.ambienteyenergia.gob.ec\/ambiente\/wp-json\/wp\/v2\/posts\/15317","targetHints":{"allow":["GET"]}}],"collection":[{"href":"https:\/\/www.ambienteyenergia.gob.ec\/ambiente\/wp-json\/wp\/v2\/posts"}],"about":[{"href":"https:\/\/www.ambienteyenergia.gob.ec\/ambiente\/wp-json\/wp\/v2\/types\/post"}],"author":[{"embeddable":true,"href":"https:\/\/www.ambienteyenergia.gob.ec\/ambiente\/wp-json\/wp\/v2\/users\/13"}],"replies":[{"embeddable":true,"href":"https:\/\/www.ambienteyenergia.gob.ec\/ambiente\/wp-json\/wp\/v2\/comments?post=15317"}],"version-history":[{"count":0,"href":"https:\/\/www.ambienteyenergia.gob.ec\/ambiente\/wp-json\/wp\/v2\/posts\/15317\/revisions"}],"wp:featuredmedia":[{"embeddable":true,"href":"https:\/\/www.ambienteyenergia.gob.ec\/ambiente\/wp-json\/wp\/v2\/media\/15319"}],"wp:attachment":[{"href":"https:\/\/www.ambienteyenergia.gob.ec\/ambiente\/wp-json\/wp\/v2\/media?parent=15317"}],"wp:term":[{"taxonomy":"category","embeddable":true,"href":"https:\/\/www.ambienteyenergia.gob.ec\/ambiente\/wp-json\/wp\/v2\/categories?post=15317"},{"taxonomy":"post_tag","embeddable":true,"href":"https:\/\/www.ambienteyenergia.gob.ec\/ambiente\/wp-json\/wp\/v2\/tags?post=15317"}],"curies":[{"name":"wp","href":"https:\/\/api.w.org\/{rel}","templated":true}]}}