{"id":15314,"date":"2013-09-20T11:38:58","date_gmt":"2013-09-20T16:38:58","guid":{"rendered":"http:\/\/www.ambiente.gob.ec\/?p=15314"},"modified":"2013-09-20T11:38:58","modified_gmt":"2013-09-20T16:38:58","slug":"alrededor-de-120-personas-fueron-capacitados-en-temas-forestales-chimborazo","status":"publish","type":"post","link":"https:\/\/www.ambienteyenergia.gob.ec\/ambiente\/alrededor-de-120-personas-fueron-capacitados-en-temas-forestales-chimborazo\/","title":{"rendered":"Alrededor de 120 personas fueron capacitados en temas forestales (Chimborazo)"},"content":{"rendered":"<p style=\"text-align: justify;\">El Ministerio del Ambiente (MAE), a trav\u00e9s de la Direcci\u00f3n Provincial de Chimborazo, desarroll\u00f3 en Riobamba el taller \u201cNormas para el Aprovechamiento de Madera, en Bosques Cultivados y \u00c1rboles en Sistemas Agroforestales\u201d. \u00a0El objetivo de este taller es fortalecer el conocimiento de la normativa forestal, as\u00ed como informar los distintos procesos de registro en el Sistema de Administraci\u00f3n Forestal.<\/p>\n<p style=\"text-align: justify;\">El taller se desarroll\u00f3 con la presencia de alrededor de 120 ejecutores, comerciantes de madera y personas relacionadas a la industria forestal,<\/p>\n<p style=\"text-align: justify;\">Este evento estuvo dirigido por un t\u00e9cnico especializado, quien durante el desarrollo del taller despej\u00f3 las dudas e inform\u00f3 a los presentes sobre las funciones que vienen desempa\u00f1ando las oficinas t\u00e9cnicas y la regulaci\u00f3n en el manejo de los bosques y el aprovechamiento forestal en la provincia.<\/p>\n<p style=\"text-align: justify;\">Por otro lado, Crisologo Haro, representante de la industria Haro Maderas, agradeci\u00f3 al Ministerio del Ambiente por las constantes capacitaciones que imparten, con el fin de hacer cumplir la normativa forestal vigente. Las mismas que est\u00e1n orientadas hacia una mejor valoraci\u00f3n de los bosques y los servicios que estos proveen conduciendo al manejo forestal con criterios de sostenibilidad social, econ\u00f3mica y ecol\u00f3gica.<\/p>\n","protected":false},"excerpt":{"rendered":"<p class=\"excerpt\">El Ministerio del Ambiente (MAE), a trav\u00e9s de la Direcci\u00f3n Provincial de Chimborazo, desarroll\u00f3 en Riobamba el taller \u201cNormas para el Aprovechamiento de Madera, en Bosques Cultivados y \u00c1rboles en Sistemas Agroforestales\u201d. \u00a0El objetivo de este taller es fortalecer el conocimiento de la normativa forestal, as\u00ed como informar los distintos procesos de registro en el Sistema de Administraci\u00f3n Forestal. El&hellip; <a href=\"https:\/\/www.ambienteyenergia.gob.ec\/ambiente\/alrededor-de-120-personas-fueron-capacitados-en-temas-forestales-chimborazo\/\">Read more &rarr;<\/a><\/p>\n","protected":false},"author":13,"featured_media":15315,"comment_status":"open","ping_status":"open","sticky":false,"template":"","format":"standard","meta":{"footnotes":""},"categories":[16,4],"tags":[],"class_list":["post-15314","post","type-post","status-publish","format-standard","has-post-thumbnail","hentry","category-comunicamos","category-noticias","xfolkentry"],"_links":{"self":[{"href":"https:\/\/www.ambienteyenergia.gob.ec\/ambiente\/wp-json\/wp\/v2\/posts\/15314","targetHints":{"allow":["GET"]}}],"collection":[{"href":"https:\/\/www.ambienteyenergia.gob.ec\/ambiente\/wp-json\/wp\/v2\/posts"}],"about":[{"href":"https:\/\/www.ambienteyenergia.gob.ec\/ambiente\/wp-json\/wp\/v2\/types\/post"}],"author":[{"embeddable":true,"href":"https:\/\/www.ambienteyenergia.gob.ec\/ambiente\/wp-json\/wp\/v2\/users\/13"}],"replies":[{"embeddable":true,"href":"https:\/\/www.ambienteyenergia.gob.ec\/ambiente\/wp-json\/wp\/v2\/comments?post=15314"}],"version-history":[{"count":0,"href":"https:\/\/www.ambienteyenergia.gob.ec\/ambiente\/wp-json\/wp\/v2\/posts\/15314\/revisions"}],"wp:featuredmedia":[{"embeddable":true,"href":"https:\/\/www.ambienteyenergia.gob.ec\/ambiente\/wp-json\/wp\/v2\/media\/15315"}],"wp:attachment":[{"href":"https:\/\/www.ambienteyenergia.gob.ec\/ambiente\/wp-json\/wp\/v2\/media?parent=15314"}],"wp:term":[{"taxonomy":"category","embeddable":true,"href":"https:\/\/www.ambienteyenergia.gob.ec\/ambiente\/wp-json\/wp\/v2\/categories?post=15314"},{"taxonomy":"post_tag","embeddable":true,"href":"https:\/\/www.ambienteyenergia.gob.ec\/ambiente\/wp-json\/wp\/v2\/tags?post=15314"}],"curies":[{"name":"wp","href":"https:\/\/api.w.org\/{rel}","templated":true}]}}