{"id":15311,"date":"2013-09-20T10:27:58","date_gmt":"2013-09-20T15:27:58","guid":{"rendered":"http:\/\/www.ambiente.gob.ec\/?p=15311"},"modified":"2013-09-20T10:27:58","modified_gmt":"2013-09-20T15:27:58","slug":"mae-trabaja-en-medidas-de-adaptacion-al-cambio-climatico-con-enfoque-de-genero","status":"publish","type":"post","link":"https:\/\/www.ambienteyenergia.gob.ec\/ambiente\/mae-trabaja-en-medidas-de-adaptacion-al-cambio-climatico-con-enfoque-de-genero\/","title":{"rendered":"MAE trabaja en medidas de adaptaci\u00f3n al cambio clim\u00e1tico, con enfoque de g\u00e9nero"},"content":{"rendered":"<p align=\"JUSTIFY\">En la ciudad de Cuenca, se llev\u00f3 a cabo el Segundo Comit\u00e9 T\u00e9cnico del Proyecto \u201cFortalecimiento de la Resiliencia de las Comunidades ante los efectos adversos del Cambio Clim\u00e1tico con \u00e9nfasis en Seguridad Alimentaria y enfoque de g\u00e9nero\u201d (FORECCSA) del Ministerio del Ambiente (MAE), el pasado 19 de septiembre.<\/p>\n<p align=\"JUSTIFY\">Durante esta reuni\u00f3n, autoridades del MAE y representantes del Consorcio del R\u00edo Jubones, del Programa Mundial de Alimentos y del Gobierno Aut\u00f3nomo Descentralizado de Pichincha, trataron temas relacionados al avance del diagn\u00f3stico sobre seguridad alimentaria, el an\u00e1lisis de g\u00e9nero y la estrategia prevista para continuar con los planes e implementaci\u00f3n de medidas de adaptaci\u00f3n al cambio clim\u00e1tico.<\/p>\n<p align=\"JUSTIFY\">El equipo de consultores expuso los resultados preliminares de los estudios realizados sobre seguridad alimentaria y vulnerabilidad al cambio clim\u00e1tico.<\/p>\n<p align=\"JUSTIFY\">Finalmente, el Director Nacional de Adaptaci\u00f3n al Cambio Clim\u00e1tico, present\u00f3 a los participantes, las estrategias para alcanzar los productos del proyecto y los pasos a seguir en los GADs parroquiales que conforman la zona de intervenci\u00f3n del proyecto.<\/p>\n<p align=\"JUSTIFY\">El MAE en conjunto con el Programa Mundial de Alimentos (PMA) y socios locales, continuar\u00e1 realizando reuniones para la coordinaci\u00f3n respectiva de las consultor\u00edas, que iniciar\u00e1n en los meses subsiguientes, con el apoyo del equipo t\u00e9cnico del proyecto.<\/p>\n<p align=\"JUSTIFY\"><strong>El dato<\/strong><\/p>\n<p align=\"JUSTIFY\">El Comit\u00e9 T\u00e9cnico FORECCSA fue conformado con la finalidad de dialogar sobre los temas operativos del proyecto y analizarlos de manera conjunta con todas las entidades responsables del mismo.<\/p>\n","protected":false},"excerpt":{"rendered":"<p class=\"excerpt\">En la ciudad de Cuenca, se llev\u00f3 a cabo el Segundo Comit\u00e9 T\u00e9cnico del Proyecto \u201cFortalecimiento de la Resiliencia de las Comunidades ante los efectos adversos del Cambio Clim\u00e1tico con \u00e9nfasis en Seguridad Alimentaria y enfoque de g\u00e9nero\u201d (FORECCSA) del Ministerio del Ambiente (MAE), el pasado 19 de septiembre. Durante esta reuni\u00f3n, autoridades del MAE y representantes del Consorcio del&hellip; <a href=\"https:\/\/www.ambienteyenergia.gob.ec\/ambiente\/mae-trabaja-en-medidas-de-adaptacion-al-cambio-climatico-con-enfoque-de-genero\/\">Read more &rarr;<\/a><\/p>\n","protected":false},"author":13,"featured_media":15312,"comment_status":"open","ping_status":"open","sticky":false,"template":"","format":"standard","meta":{"footnotes":""},"categories":[16,4],"tags":[],"class_list":["post-15311","post","type-post","status-publish","format-standard","has-post-thumbnail","hentry","category-comunicamos","category-noticias","xfolkentry"],"_links":{"self":[{"href":"https:\/\/www.ambienteyenergia.gob.ec\/ambiente\/wp-json\/wp\/v2\/posts\/15311","targetHints":{"allow":["GET"]}}],"collection":[{"href":"https:\/\/www.ambienteyenergia.gob.ec\/ambiente\/wp-json\/wp\/v2\/posts"}],"about":[{"href":"https:\/\/www.ambienteyenergia.gob.ec\/ambiente\/wp-json\/wp\/v2\/types\/post"}],"author":[{"embeddable":true,"href":"https:\/\/www.ambienteyenergia.gob.ec\/ambiente\/wp-json\/wp\/v2\/users\/13"}],"replies":[{"embeddable":true,"href":"https:\/\/www.ambienteyenergia.gob.ec\/ambiente\/wp-json\/wp\/v2\/comments?post=15311"}],"version-history":[{"count":0,"href":"https:\/\/www.ambienteyenergia.gob.ec\/ambiente\/wp-json\/wp\/v2\/posts\/15311\/revisions"}],"wp:featuredmedia":[{"embeddable":true,"href":"https:\/\/www.ambienteyenergia.gob.ec\/ambiente\/wp-json\/wp\/v2\/media\/15312"}],"wp:attachment":[{"href":"https:\/\/www.ambienteyenergia.gob.ec\/ambiente\/wp-json\/wp\/v2\/media?parent=15311"}],"wp:term":[{"taxonomy":"category","embeddable":true,"href":"https:\/\/www.ambienteyenergia.gob.ec\/ambiente\/wp-json\/wp\/v2\/categories?post=15311"},{"taxonomy":"post_tag","embeddable":true,"href":"https:\/\/www.ambienteyenergia.gob.ec\/ambiente\/wp-json\/wp\/v2\/tags?post=15311"}],"curies":[{"name":"wp","href":"https:\/\/api.w.org\/{rel}","templated":true}]}}