{"id":15304,"date":"2013-09-19T13:04:06","date_gmt":"2013-09-19T18:04:06","guid":{"rendered":"http:\/\/www.ambiente.gob.ec\/?p=15304"},"modified":"2013-09-23T10:39:35","modified_gmt":"2013-09-23T15:39:35","slug":"ministra-lorena-tapia-enfatizo-en-la-necesidad-de-trabajar-en-medidas-de-adaptacion-y-mitigacion-al-cambio-climatico-con-la-empresa-privada","status":"publish","type":"post","link":"https:\/\/www.ambienteyenergia.gob.ec\/ambiente\/ministra-lorena-tapia-enfatizo-en-la-necesidad-de-trabajar-en-medidas-de-adaptacion-y-mitigacion-al-cambio-climatico-con-la-empresa-privada\/","title":{"rendered":"Ministra Lorena Tapia enfatiz\u00f3 en la necesidad de trabajar en medidas de adaptaci\u00f3n y mitigaci\u00f3n al cambio clim\u00e1tico con la empresa privada"},"content":{"rendered":"<p style=\"text-align: justify;\">\u201cEl cambio clim\u00e1tico es una de las m\u00e1s grandes amenazas que tiene el planeta. La frecuencia y la intensidad que existe en eventos clim\u00e1ticos nos indica que no se trata de algo te\u00f3rico, sino que es un tema que nos est\u00e1 afectando y que conlleva un trabajo de car\u00e1cter p\u00fablico y una toma de decisiones para poder enfrentarlo\u201d, afirm\u00f3 la Ministra del Ambiente, Lorena Tapia, durante su intervenci\u00f3n en el II Encuentro Ambiental Sector Productivo \u2013 CIP 2013, organizado por la C\u00e1mara de Industrias y Producci\u00f3n, hoy, 19 de septiembre.<\/p>\n<p style=\"text-align: justify;\">El objetivo del encuentro fue concienciar a las industrias y sectores productivos sobre la importancia de reducir los Gases de Efecto Invernadero (GEI), utilizando de manera eficiente la energ\u00eda. Adem\u00e1s, se busc\u00f3 intercambiar experiencias ambientales entre las distintas empresas asistentes.<\/p>\n<p style=\"text-align: justify;\">La presentaci\u00f3n de la Ministra del Ambiente se enfoc\u00f3 en las Pol\u00edticas encaminadas a la gesti\u00f3n del Cambio Clim\u00e1tico en el Ecuador. \u201cLa pol\u00edtica de Cambio Clim\u00e1tico en el Ecuador cuenta con algunos instrumentos de car\u00e1cter legal, entre ellos, la Constituci\u00f3n del 2008 que en su Art. 414 establece el compromiso del Estado ecuatoriano para adoptar medidas frente al cambio clim\u00e1tico. Por otra parte, el Plan Nacional del Buen Vivir 2013 \u2013 2017 garantiza los derechos de la naturaleza y promueve una sostenibilidad territorial y global. Finalmente, la Pol\u00edtica Ambiental establece como prioridad la necesidad de gestionar la adaptaci\u00f3n y mitigaci\u00f3n frente a este fen\u00f3meno, adem\u00e1s, de disminuir la vulnerabilidad social, econ\u00f3mica y ambiental\u201d, expuso la Titular de esta Cartera de Estado.<\/p>\n<p style=\"text-align: justify;\">La Estrategia Nacional de Cambio Clim\u00e1tico es una pol\u00edtica de Estado, que se define en algunos mecanismos para tratar estos temas, a trav\u00e9s de los distintos acuerdos ministeriales que se han construido en consenso con la sociedad civil y los diferentes GADs del pa\u00eds.<\/p>\n<p style=\"text-align: justify;\">Desde la Autoridad Ambiental se han aplicado estrategias para enfrentar el cambio clim\u00e1tico como son la adaptaci\u00f3n y la mitigaci\u00f3n. \u201cCon las medidas de adaptaci\u00f3n se busca implementar acciones encaminadas a reducir la vulnerabilidad y aumentar la resiliencia de la poblaci\u00f3n frente al cambio clim\u00e1tico; y con la mitigaci\u00f3n reducir la emisi\u00f3n de gases de efecto invernadero y aumentar las fuentes de captura de carbono (sumideros)\u201d, explic\u00f3 la Ministra Tapia.<\/p>\n<p style=\"text-align: justify;\"><strong>Iniciativa pionera del Ministerio del Ambiente: certificado de carbono neutral<\/strong><\/p>\n<p style=\"text-align: justify;\">La Ministra, adem\u00e1s, capt\u00f3 la atenci\u00f3n del sector empresarial al informar que el Ministerio del Ambiente est\u00e1 en proceso de desarrollo de un <strong>certificado de carbono neutral<\/strong> al cual podr\u00e1n acceder instituciones p\u00fablicas y privadas con el objetivo de neutralizar sus emisiones de Gases de Efecto Invernadero (GEI) y recibir beneficios m\u00faltiples. \u00a0Para alcanzar el sello \u201cCarbono Neutral\u201d el solicitante deber\u00e1 cumplir con requisitos m\u00ednimos como: licencia ambiental, no adeudar al Estado, estar al d\u00eda con impuestos, entre otros. Adem\u00e1s, se deber\u00e1 realizar una medici\u00f3n de GEI que implica realizar un inventario de gases de efecto invernadero e\u00a0 implementar medidas de reducci\u00f3n de emisiones, a partir de la optimizaci\u00f3n de procesos y recursos (ver presentaci\u00f3n).<\/p>\n<p style=\"text-align: justify;\">En ese sentido, el MAE controlar\u00e1 el cumplimiento exitoso de estos pasos y, de ser el caso, otorgar\u00e1 el sello \u00abCarbono Neutral\u00bb. Los beneficios ser\u00e1n fiscales, arancelarios,\u00a0 cr\u00e9ditos verdes, impuestos verdes, imagen corporativa, socio-ambientales.<\/p>\n<p style=\"text-align: justify;\">Una de las l\u00edneas transcendentales del Ministerio del Ambiente es trabajar de una manera mucho m\u00e1s r\u00e1pida, con un mayor impacto y en el menor tiempo en una estrategia nacional que permita controlar los impactos ambientales, especialmente, ocasionados por la deforestaci\u00f3n.<\/p>\n<p style=\"text-align: justify;\">Para culminar su exposici\u00f3n, la Ministra enfatiz\u00f3 en que el reto tanto del sector p\u00fablico como del privado, ser\u00e1 trabajar conjuntamente para impulsar un crecimiento econ\u00f3mico sostenible, enmarcado en buenas pr\u00e1cticas ambientales, que favorezca la generaci\u00f3n de empleos, la diversificaci\u00f3n energ\u00e9tica, el cambio de matriz productiva, y la gesti\u00f3n de recursos naturales de manera responsable.<\/p>\n<p style=\"text-align: justify;\">Pablo D\u00e1vila, presidente de la C\u00e1mara de Industrias y Producci\u00f3n, resalt\u00f3 el trabajo del Ministerio del Ambiente e invit\u00f3 a trabajar juntos a la empresa p\u00fablica y privada. \u201cEs fundamental una articulaci\u00f3n del trabajo privado y p\u00fablico para obtener mejores resultados, si las pol\u00edticas p\u00fablicas se implementan sin la participaci\u00f3n de la empresa privada o viceversa, lamentablemente los efectos no ser\u00e1n los m\u00e1s eficientes\u00bb, concluy\u00f3.<\/p>\n<p style=\"text-align: justify;\"><a href=\"http:\/\/www.ambienteyenergia.gob.ec\/ambiente\/wp-content\/uploads\/downloads\/2013\/09\/Pol\u00edticas-encaminadas-a-la-Gesti\u00f3n-del-Cambio-Clim\u00e1tico-en-el-Ecuador.pdf\"><em>Click aqu\u00ed para descargar la presentaci\u00f3n \u201cPol\u00edticas encaminadas a la Gesti\u00f3n del Cambio Clim\u00e1tico en el Ecuador\u201d<\/em><\/a><\/p>\n<p style=\"text-align: justify;\"><a href=\"http:\/\/www.ambienteyenergia.gob.ec\/ambiente\/wp-content\/uploads\/2013\/09\/MG_4760.jpg\"><img loading=\"lazy\" decoding=\"async\" class=\"aligncenter size-full wp-image-15306\" title=\"Ministra Lorena Tapia enfatiz\u00f3 en la necesidad de trabajar en medidas de adaptaci\u00f3n y mitigaci\u00f3n al cambio clim\u00e1tico con la empresa privada\" src=\"http:\/\/www.ambienteyenergia.gob.ec\/ambiente\/wp-content\/uploads\/2013\/09\/MG_4760.jpg\" alt=\"\" width=\"650\" height=\"433\" srcset=\"https:\/\/www.ambienteyenergia.gob.ec\/ambiente\/wp-content\/uploads\/sites\/2\/2013\/09\/MG_4760.jpg 650w, https:\/\/www.ambienteyenergia.gob.ec\/ambiente\/wp-content\/uploads\/sites\/2\/2013\/09\/MG_4760-300x199.jpg 300w, https:\/\/www.ambienteyenergia.gob.ec\/ambiente\/wp-content\/uploads\/sites\/2\/2013\/09\/MG_4760-450x300.jpg 450w\" sizes=\"auto, (max-width: 650px) 100vw, 650px\" \/><\/a><\/p>\n","protected":false},"excerpt":{"rendered":"<p class=\"excerpt\">\u201cEl cambio clim\u00e1tico es una de las m\u00e1s grandes amenazas que tiene el planeta. La frecuencia y la intensidad que existe en eventos clim\u00e1ticos nos indica que no se trata de algo te\u00f3rico, sino que es un tema que nos est\u00e1 afectando y que conlleva un trabajo de car\u00e1cter p\u00fablico y una toma de decisiones para poder enfrentarlo\u201d, afirm\u00f3 la&hellip; <a href=\"https:\/\/www.ambienteyenergia.gob.ec\/ambiente\/ministra-lorena-tapia-enfatizo-en-la-necesidad-de-trabajar-en-medidas-de-adaptacion-y-mitigacion-al-cambio-climatico-con-la-empresa-privada\/\">Read more &rarr;<\/a><\/p>\n","protected":false},"author":13,"featured_media":15305,"comment_status":"open","ping_status":"open","sticky":false,"template":"","format":"standard","meta":{"footnotes":""},"categories":[16,4],"tags":[],"class_list":["post-15304","post","type-post","status-publish","format-standard","has-post-thumbnail","hentry","category-comunicamos","category-noticias","xfolkentry"],"_links":{"self":[{"href":"https:\/\/www.ambienteyenergia.gob.ec\/ambiente\/wp-json\/wp\/v2\/posts\/15304","targetHints":{"allow":["GET"]}}],"collection":[{"href":"https:\/\/www.ambienteyenergia.gob.ec\/ambiente\/wp-json\/wp\/v2\/posts"}],"about":[{"href":"https:\/\/www.ambienteyenergia.gob.ec\/ambiente\/wp-json\/wp\/v2\/types\/post"}],"author":[{"embeddable":true,"href":"https:\/\/www.ambienteyenergia.gob.ec\/ambiente\/wp-json\/wp\/v2\/users\/13"}],"replies":[{"embeddable":true,"href":"https:\/\/www.ambienteyenergia.gob.ec\/ambiente\/wp-json\/wp\/v2\/comments?post=15304"}],"version-history":[{"count":0,"href":"https:\/\/www.ambienteyenergia.gob.ec\/ambiente\/wp-json\/wp\/v2\/posts\/15304\/revisions"}],"wp:featuredmedia":[{"embeddable":true,"href":"https:\/\/www.ambienteyenergia.gob.ec\/ambiente\/wp-json\/wp\/v2\/media\/15305"}],"wp:attachment":[{"href":"https:\/\/www.ambienteyenergia.gob.ec\/ambiente\/wp-json\/wp\/v2\/media?parent=15304"}],"wp:term":[{"taxonomy":"category","embeddable":true,"href":"https:\/\/www.ambienteyenergia.gob.ec\/ambiente\/wp-json\/wp\/v2\/categories?post=15304"},{"taxonomy":"post_tag","embeddable":true,"href":"https:\/\/www.ambienteyenergia.gob.ec\/ambiente\/wp-json\/wp\/v2\/tags?post=15304"}],"curies":[{"name":"wp","href":"https:\/\/api.w.org\/{rel}","templated":true}]}}