{"id":15296,"date":"2013-09-18T17:04:47","date_gmt":"2013-09-18T22:04:47","guid":{"rendered":"http:\/\/www.ambiente.gob.ec\/?p=15296"},"modified":"2013-09-19T08:24:16","modified_gmt":"2013-09-19T13:24:16","slug":"ministerio-del-ambiente-construye-plan-nacional-de-cambio-climatico","status":"publish","type":"post","link":"https:\/\/www.ambienteyenergia.gob.ec\/ambiente\/ministerio-del-ambiente-construye-plan-nacional-de-cambio-climatico\/","title":{"rendered":"Ministerio del Ambiente construye  Plan Nacional de Cambio Clim\u00e1tico"},"content":{"rendered":"<p style=\"text-align: justify;\">El Ministerio del Ambiente a trav\u00e9s de la Subsecretar\u00eda de Cambio Clim\u00e1tico, este 18 de septiembre, realiz\u00f3 el\u00a0 \u201cTaller para la presentaci\u00f3n del proyecto Plan Nacional de Cambio Clim\u00e1tico\u201d (PNCC), que estuvo dirigido al Comit\u00e9 Interinstitucional de Cambio Clim\u00e1tico (CICC), el cual est\u00e1 conformado por diferentes Carteras de Estado.<\/p>\n<p>\u201cEs necesario elaborar un Plan Nacional que \u00abaterrice\u00bb la gesti\u00f3n del cambio clim\u00e1tico y permita trabajar de manera conjunta con todos los actores. Este plan tendr\u00e1 como vigencia el mandato presidencial y estar\u00e1 articulado a la Estrategia Nacional de Cambio Clim\u00e1tico\u201d, con estas palabras, Andr\u00e9s Hubenthal, Director Nacional de Adaptaci\u00f3n, inci\u00f3 este encuentro que busca fomentar una gesti\u00f3n proactiva para la creaci\u00f3n del PNCC.<\/p>\n<p>El futuro Plan de Cambio Clim\u00e1tico se va a focalizar en cuatro sectores para el per\u00edodo 2013-2017: energ\u00eda, usos del suelo, ecosistemas y agua. Para ello, busca integrar\u00a0 toda la informaci\u00f3n generada como resultado de los procesos de trabajo interno con el equipo de direcci\u00f3n, as\u00ed como los aportes recibidos por los diferentes actores, en el marco de las actividades del proceso de participaci\u00f3n.<\/p>\n<p>En este contexto, las Carteras de Estado presentes, expusieron los diferentes proyectos que han trabajado en relaci\u00f3n a cambio clim\u00e1tico. Por ejemplo, el Instituto Espacial Ecuatoriano (IEE),\u00a0 actualmente ejecuta proyectos que analizan el impacto del cambio clim\u00e1tico en ciertas especies de cultivo agr\u00edcola y desarrolla un proyecto de generaci\u00f3n de geo-informaci\u00f3n para producir informaci\u00f3n cartogr\u00e1fica.<\/p>\n<p>Cabe indicar que este este taller se desarroll\u00f3 en dos d\u00edas; el primero, se enfoc\u00f3 en mantener entrevistas para levantar informaci\u00f3n sobre el trabajo ejecutado por las diferentes Carteras de Estado en temas relacionados a cambio clim\u00e1tico; y el segundo, present\u00f3 el alcance del proyecto a los miembros del Comit\u00e9 Interinstitucional de Cambio Clim\u00e1ltico, quienes ofrecieron lineamientos pol\u00edtico-estrat\u00e9gicos en un espacio de articulaci\u00f3n interinstitucional.<\/p>\n<p><strong>Datos de inter\u00e9s<\/strong><\/p>\n<p>El PNCC consolidar\u00e1 los planes de adaptaci\u00f3n, mitigaci\u00f3n, creaci\u00f3n y fomento de condiciones. \u00c9ste se desarrollar\u00e1 por la consultora Factor CO2, en alineaci\u00f3n a las pol\u00edticas y circunstancias nacionales, con miras a alcanzar las metas del Plan Nacional del Buen Vivir 2013-2017.<\/p>\n<p>El Comit\u00e9 Interinstitucional de Cambio Clim\u00e1tico, instancia gubernamental encargada para la articulaci\u00f3n de las pol\u00edticas a nivel interinstitucional, est\u00e1 conformado por los Ministerios de Relaciones Exteriores, Coordinador de Pol\u00edtica Econ\u00f3mica, Coordinaci\u00f3n de Sectores Estrat\u00e9gicos; las Secretar\u00edas Nacional del Agua (SENAGUA) y Nacional de Educaci\u00f3n Superior, Ciencia, Tecnolog\u00eda e Innovaci\u00f3n (SENESCYT), Secretar\u00eda Nacional de Planificaci\u00f3n y Desarrollo (SENPLADES), entre otras.<\/p>\n<p>&nbsp;<\/p>\n<p><a href=\"http:\/\/www.ambienteyenergia.gob.ec\/ambiente\/wp-content\/uploads\/2013\/09\/DSC00071.jpg\"><img loading=\"lazy\" decoding=\"async\" class=\"aligncenter size-full wp-image-15298\" title=\"DSC00071\" src=\"http:\/\/www.ambienteyenergia.gob.ec\/ambiente\/wp-content\/uploads\/2013\/09\/DSC00071.jpg\" alt=\"\" width=\"650\" height=\"435\" srcset=\"https:\/\/www.ambienteyenergia.gob.ec\/ambiente\/wp-content\/uploads\/sites\/2\/2013\/09\/DSC00071.jpg 650w, https:\/\/www.ambienteyenergia.gob.ec\/ambiente\/wp-content\/uploads\/sites\/2\/2013\/09\/DSC00071-300x200.jpg 300w, https:\/\/www.ambienteyenergia.gob.ec\/ambiente\/wp-content\/uploads\/sites\/2\/2013\/09\/DSC00071-448x300.jpg 448w\" sizes=\"auto, (max-width: 650px) 100vw, 650px\" \/><\/a><\/p>\n","protected":false},"excerpt":{"rendered":"<p class=\"excerpt\">El Ministerio del Ambiente a trav\u00e9s de la Subsecretar\u00eda de Cambio Clim\u00e1tico, este 18 de septiembre, realiz\u00f3 el\u00a0 \u201cTaller para la presentaci\u00f3n del proyecto Plan Nacional de Cambio Clim\u00e1tico\u201d (PNCC), que estuvo dirigido al Comit\u00e9 Interinstitucional de Cambio Clim\u00e1tico (CICC), el cual est\u00e1 conformado por diferentes Carteras de Estado. \u201cEs necesario elaborar un Plan Nacional que \u00abaterrice\u00bb la gesti\u00f3n del&hellip; <a href=\"https:\/\/www.ambienteyenergia.gob.ec\/ambiente\/ministerio-del-ambiente-construye-plan-nacional-de-cambio-climatico\/\">Read more &rarr;<\/a><\/p>\n","protected":false},"author":13,"featured_media":15297,"comment_status":"open","ping_status":"open","sticky":false,"template":"","format":"standard","meta":{"footnotes":""},"categories":[16,4],"tags":[],"class_list":["post-15296","post","type-post","status-publish","format-standard","has-post-thumbnail","hentry","category-comunicamos","category-noticias","xfolkentry"],"_links":{"self":[{"href":"https:\/\/www.ambienteyenergia.gob.ec\/ambiente\/wp-json\/wp\/v2\/posts\/15296","targetHints":{"allow":["GET"]}}],"collection":[{"href":"https:\/\/www.ambienteyenergia.gob.ec\/ambiente\/wp-json\/wp\/v2\/posts"}],"about":[{"href":"https:\/\/www.ambienteyenergia.gob.ec\/ambiente\/wp-json\/wp\/v2\/types\/post"}],"author":[{"embeddable":true,"href":"https:\/\/www.ambienteyenergia.gob.ec\/ambiente\/wp-json\/wp\/v2\/users\/13"}],"replies":[{"embeddable":true,"href":"https:\/\/www.ambienteyenergia.gob.ec\/ambiente\/wp-json\/wp\/v2\/comments?post=15296"}],"version-history":[{"count":0,"href":"https:\/\/www.ambienteyenergia.gob.ec\/ambiente\/wp-json\/wp\/v2\/posts\/15296\/revisions"}],"wp:featuredmedia":[{"embeddable":true,"href":"https:\/\/www.ambienteyenergia.gob.ec\/ambiente\/wp-json\/wp\/v2\/media\/15297"}],"wp:attachment":[{"href":"https:\/\/www.ambienteyenergia.gob.ec\/ambiente\/wp-json\/wp\/v2\/media?parent=15296"}],"wp:term":[{"taxonomy":"category","embeddable":true,"href":"https:\/\/www.ambienteyenergia.gob.ec\/ambiente\/wp-json\/wp\/v2\/categories?post=15296"},{"taxonomy":"post_tag","embeddable":true,"href":"https:\/\/www.ambienteyenergia.gob.ec\/ambiente\/wp-json\/wp\/v2\/tags?post=15296"}],"curies":[{"name":"wp","href":"https:\/\/api.w.org\/{rel}","templated":true}]}}