{"id":15288,"date":"2013-09-18T16:45:44","date_gmt":"2013-09-18T21:45:44","guid":{"rendered":"http:\/\/www.ambiente.gob.ec\/?p=15288"},"modified":"2013-09-18T16:45:44","modified_gmt":"2013-09-18T21:45:44","slug":"el-proyecto-guardianes-del-planeta-capacito-a-212-ninos-en-tungurahua","status":"publish","type":"post","link":"https:\/\/www.ambienteyenergia.gob.ec\/ambiente\/el-proyecto-guardianes-del-planeta-capacito-a-212-ninos-en-tungurahua\/","title":{"rendered":"El proyecto Guardianes del Planeta capacit\u00f3 a 212 ni\u00f1os en Tungurahua"},"content":{"rendered":"<p style=\"text-align: justify;\">El proyecto \u201cRed Infantil Guardianes del Planeta\u201d del Ministerio del Ambiente (MAE) inici\u00f3 esta semana en la provincia de Tungurahua, con el objetivo de capacitar a ni\u00f1os y ni\u00f1as de cuarto, quinto y sexto a\u00f1o de educaci\u00f3n b\u00e1sica, sobre buenas pr\u00e1cticas ambientales y la importancia de conservar el ambiente. 212 estudiantes del Centro de Educaci\u00f3n B\u00e1sica Patate y de la Escuela de Educaci\u00f3n B\u00e1sica Calicuchima de la Parroquia Sucre fueron los primeros en participar de este proceso de educaci\u00f3n ambiental.<\/p>\n<p style=\"text-align: justify;\">A trav\u00e9s de los talleres impartidos por el MAE, los alumnos obtendr\u00e1n mayores conocimientos, que les permitir\u00e1 adquirir aptitudes, actitudes, motivaciones y pasi\u00f3n para trabajar individual y colectivamente en la b\u00fasqueda de soluciones a los problemas ambientales actuales.<\/p>\n<p style=\"text-align: justify;\">El Parque Nacional Llanganates ejecuta este programa emblem\u00e1tico de educaci\u00f3n ambiental, a trav\u00e9s de actividades l\u00fadicas-pedag\u00f3gicas de conservaci\u00f3n y protecci\u00f3n, que fortalecen las ense\u00f1anzas de la educaci\u00f3n formal.<\/p>\n<p style=\"text-align: justify;\">Los alumnos y docentes participaron activamente con preguntas y reflexiones. Por su parte, los facilitadores del MAE Tungurahua expusieron la importancia del patrimonio natural, conservaci\u00f3n de la biodiversidad y pr\u00e1cticas amigables con el ambiente. Estos conocimientos buscar concienciar a la poblaci\u00f3n sobre la importancia de tomar acciones en pro del ambiente como disminuir la contaminaci\u00f3n por generaci\u00f3n de basura, optimizar el uso del agua y sembrar \u00e1rboles, as\u00ed como poner en pr\u00e1ctica a las 3R (reducir, reciclar y reusar).<\/p>\n<p style=\"text-align: justify;\">Al finalizar las tres horas de capacitaci\u00f3n en cada uno de los centros educativos, se entreg\u00f3 un certificado de reconocimiento por su participaci\u00f3n en el \u201cTaller ecocreativo y sensibilizaci\u00f3n de la Red Infantil Guardianes del Planeta\u201d.<\/p>\n<p style=\"text-align: justify;\">MAE Tungurahua en este nuevo a\u00f1o lectivo ha priorizado realizar los talleres en aquellos centros educativos parroquiales que se encuentran cerca del Parque Nacional Llanganates, en las cuatro provincias, Tungurahua, Cotopaxi, Pastaza y Napo.<\/p>\n<div id='gallery-1' class='gallery galleryid-15288 gallery-columns-4 gallery-size-thumbnail'><dl class='gallery-item'>\n\t\t\t<dt class='gallery-icon landscape'>\n\t\t\t\t<a href='https:\/\/www.ambienteyenergia.gob.ec\/ambiente\/el-proyecto-guardianes-del-planeta-capacito-a-212-ninos-en-tungurahua\/dsc01362\/'><img loading=\"lazy\" decoding=\"async\" width=\"150\" height=\"150\" src=\"https:\/\/www.ambienteyenergia.gob.ec\/ambiente\/wp-content\/uploads\/sites\/2\/2013\/09\/DSC01362-150x150.jpg\" class=\"attachment-thumbnail size-thumbnail\" alt=\"\" \/><\/a>\n\t\t\t<\/dt><\/dl><dl class='gallery-item'>\n\t\t\t<dt class='gallery-icon landscape'>\n\t\t\t\t<a href='https:\/\/www.ambienteyenergia.gob.ec\/ambiente\/el-proyecto-guardianes-del-planeta-capacito-a-212-ninos-en-tungurahua\/dsc01365\/'><img loading=\"lazy\" decoding=\"async\" width=\"150\" height=\"150\" src=\"https:\/\/www.ambienteyenergia.gob.ec\/ambiente\/wp-content\/uploads\/sites\/2\/2013\/09\/DSC01365-150x150.jpg\" class=\"attachment-thumbnail size-thumbnail\" alt=\"\" \/><\/a>\n\t\t\t<\/dt><\/dl><dl class='gallery-item'>\n\t\t\t<dt class='gallery-icon landscape'>\n\t\t\t\t<a href='https:\/\/www.ambienteyenergia.gob.ec\/ambiente\/el-proyecto-guardianes-del-planeta-capacito-a-212-ninos-en-tungurahua\/sony-dsc-72\/'><img loading=\"lazy\" decoding=\"async\" width=\"150\" height=\"150\" src=\"https:\/\/www.ambienteyenergia.gob.ec\/ambiente\/wp-content\/uploads\/sites\/2\/2013\/09\/DSC06062-150x150.jpg\" class=\"attachment-thumbnail size-thumbnail\" alt=\"\" \/><\/a>\n\t\t\t<\/dt><\/dl><dl class='gallery-item'>\n\t\t\t<dt class='gallery-icon landscape'>\n\t\t\t\t<a href='https:\/\/www.ambienteyenergia.gob.ec\/ambiente\/el-proyecto-guardianes-del-planeta-capacito-a-212-ninos-en-tungurahua\/sony-dsc-73\/'><img loading=\"lazy\" decoding=\"async\" width=\"150\" height=\"150\" src=\"https:\/\/www.ambienteyenergia.gob.ec\/ambiente\/wp-content\/uploads\/sites\/2\/2013\/09\/DSC06076-150x150.jpg\" class=\"attachment-thumbnail size-thumbnail\" alt=\"\" \/><\/a>\n\t\t\t<\/dt><\/dl><br style=\"clear: both\" \/><dl class='gallery-item'>\n\t\t\t<dt class='gallery-icon landscape'>\n\t\t\t\t<a href='https:\/\/www.ambienteyenergia.gob.ec\/ambiente\/el-proyecto-guardianes-del-planeta-capacito-a-212-ninos-en-tungurahua\/sony-dsc-74\/'><img loading=\"lazy\" decoding=\"async\" width=\"150\" height=\"150\" src=\"https:\/\/www.ambienteyenergia.gob.ec\/ambiente\/wp-content\/uploads\/sites\/2\/2013\/09\/DSC06082-150x150.jpg\" class=\"attachment-thumbnail size-thumbnail\" alt=\"\" \/><\/a>\n\t\t\t<\/dt><\/dl><dl class='gallery-item'>\n\t\t\t<dt class='gallery-icon landscape'>\n\t\t\t\t<a href='https:\/\/www.ambienteyenergia.gob.ec\/ambiente\/el-proyecto-guardianes-del-planeta-capacito-a-212-ninos-en-tungurahua\/dsc01355\/'><img loading=\"lazy\" decoding=\"async\" width=\"150\" height=\"150\" src=\"https:\/\/www.ambienteyenergia.gob.ec\/ambiente\/wp-content\/uploads\/sites\/2\/2013\/09\/DSC01355-150x150.jpg\" class=\"attachment-thumbnail size-thumbnail\" alt=\"\" \/><\/a>\n\t\t\t<\/dt><\/dl>\n\t\t\t<br style='clear: both' \/>\n\t\t<\/div>\n\n","protected":false},"excerpt":{"rendered":"<p class=\"excerpt\">El proyecto \u201cRed Infantil Guardianes del Planeta\u201d del Ministerio del Ambiente (MAE) inici\u00f3 esta semana en la provincia de Tungurahua, con el objetivo de capacitar a ni\u00f1os y ni\u00f1as de cuarto, quinto y sexto a\u00f1o de educaci\u00f3n b\u00e1sica, sobre buenas pr\u00e1cticas ambientales y la importancia de conservar el ambiente. 212 estudiantes del Centro de Educaci\u00f3n B\u00e1sica Patate y de la&hellip; <a href=\"https:\/\/www.ambienteyenergia.gob.ec\/ambiente\/el-proyecto-guardianes-del-planeta-capacito-a-212-ninos-en-tungurahua\/\">Read more &rarr;<\/a><\/p>\n","protected":false},"author":13,"featured_media":15294,"comment_status":"open","ping_status":"open","sticky":false,"template":"","format":"standard","meta":{"footnotes":""},"categories":[16,4],"tags":[],"class_list":["post-15288","post","type-post","status-publish","format-standard","has-post-thumbnail","hentry","category-comunicamos","category-noticias","xfolkentry"],"_links":{"self":[{"href":"https:\/\/www.ambienteyenergia.gob.ec\/ambiente\/wp-json\/wp\/v2\/posts\/15288","targetHints":{"allow":["GET"]}}],"collection":[{"href":"https:\/\/www.ambienteyenergia.gob.ec\/ambiente\/wp-json\/wp\/v2\/posts"}],"about":[{"href":"https:\/\/www.ambienteyenergia.gob.ec\/ambiente\/wp-json\/wp\/v2\/types\/post"}],"author":[{"embeddable":true,"href":"https:\/\/www.ambienteyenergia.gob.ec\/ambiente\/wp-json\/wp\/v2\/users\/13"}],"replies":[{"embeddable":true,"href":"https:\/\/www.ambienteyenergia.gob.ec\/ambiente\/wp-json\/wp\/v2\/comments?post=15288"}],"version-history":[{"count":0,"href":"https:\/\/www.ambienteyenergia.gob.ec\/ambiente\/wp-json\/wp\/v2\/posts\/15288\/revisions"}],"wp:featuredmedia":[{"embeddable":true,"href":"https:\/\/www.ambienteyenergia.gob.ec\/ambiente\/wp-json\/wp\/v2\/media\/15294"}],"wp:attachment":[{"href":"https:\/\/www.ambienteyenergia.gob.ec\/ambiente\/wp-json\/wp\/v2\/media?parent=15288"}],"wp:term":[{"taxonomy":"category","embeddable":true,"href":"https:\/\/www.ambienteyenergia.gob.ec\/ambiente\/wp-json\/wp\/v2\/categories?post=15288"},{"taxonomy":"post_tag","embeddable":true,"href":"https:\/\/www.ambienteyenergia.gob.ec\/ambiente\/wp-json\/wp\/v2\/tags?post=15288"}],"curies":[{"name":"wp","href":"https:\/\/api.w.org\/{rel}","templated":true}]}}