{"id":15275,"date":"2013-09-18T15:04:27","date_gmt":"2013-09-18T20:04:27","guid":{"rendered":"http:\/\/www.ambiente.gob.ec\/?p=15275"},"modified":"2013-09-18T15:04:27","modified_gmt":"2013-09-18T20:04:27","slug":"mae-participo-en-la-premiacion-de-la-decima-convocatoria-del-encuentro-juvenil-ambiental-2013","status":"publish","type":"post","link":"https:\/\/www.ambienteyenergia.gob.ec\/ambiente\/mae-participo-en-la-premiacion-de-la-decima-convocatoria-del-encuentro-juvenil-ambiental-2013\/","title":{"rendered":"MAE particip\u00f3 en la premiaci\u00f3n de la d\u00e9cima convocatoria del Encuentro Juvenil Ambiental 2013"},"content":{"rendered":"<p style=\"text-align: justify;\">La Viceministra del Ambiente, M\u00f3nica Hidalgo, particip\u00f3 hoy, en la premiaci\u00f3n de la d\u00e9cima convocatoria del Encuentro Juvenil Ambiental 2013, organizado por Bayer. En el evento se presentaron a los cinco finalistas de los proyectos ambientales m\u00e1s creativos, de los cuales se eligieron a los dos mejores, quienes representar\u00e1n al Ecuador en el Encuentro Juvenil Ambiental Mundial, que se desarrollar\u00e1 en Alemania.<\/p>\n<p style=\"text-align: justify;\">Cada a\u00f1o, Bayer con el aval del Programa de las Naciones Unidas para el Medio Ambiente (PNUMA) y el apoyo del Ministerio del Ambiente del Ecuador (MAE), realiza este concurso en el que j\u00f3venes universitarios presentan proyectos innovadores en beneficio del planeta. El tema de este a\u00f1o estuvo relacionado con el tema del agua, como fuente de vida.<\/p>\n<p style=\"text-align: justify;\">La Viceministra Hidalgo, en su discurso agradeci\u00f3 la invitaci\u00f3n a este importante acto en el que se fomenta el desarrollo de proyectos que motivan, reconocen y engrandecen las ideas de los j\u00f3venes ecuatorianos para promover la conciencia ambiental.<\/p>\n<p style=\"text-align: justify;\">\u201cEste Encuentro Juvenil Ambiental es un espacio importante para la generaci\u00f3n de nuevas ideas, estrategias y conceptos que crear\u00e1n nuevos h\u00e1bitos para la conservaci\u00f3n del Medio Ambiente\u201d, afirm\u00f3 Hidalgo.<\/p>\n<p style=\"text-align: justify;\">Los ganadores del primer y segundo lugar \u00a0fueron Alejandro Altamirano, de la Universidad Central del Ecuador y Bruno Carlo, de la Universidad Polit\u00e9cnica del Litoral. Esta iniciativa les brinda la oportunidad de viajar, intercambiar experiencias y aprender m\u00e1s sobre medidas y pol\u00edticas de protecci\u00f3n ambiental.<\/p>\n<p style=\"text-align: justify;\">Por su parte, el Gobierno Nacional, a trav\u00e9s de esta cartera de Estado, realiza una ardua labor para prevenir y controlar la contaminaci\u00f3n a trav\u00e9s de proyectos, muchos de los cuales tienen colaboraci\u00f3n de otras entidades p\u00fablicas. \u201cSin embargo el tema del agua, requiere de un compromiso a todo nivel. Debemos decidir hoy que nos uniremos en contra de la crisis h\u00eddrica a trav\u00e9s de la implementaci\u00f3n de medidas simples y muy conocidas de ahorro de agua\u201d, asegur\u00f3 la Viceministra de Ambiente\u201d, afirm\u00f3 Hidalgo.<\/p>\n<div id='gallery-1' class='gallery galleryid-15275 gallery-columns-4 gallery-size-thumbnail'><dl class='gallery-item'>\n\t\t\t<dt class='gallery-icon landscape'>\n\t\t\t\t<a href='https:\/\/www.ambienteyenergia.gob.ec\/ambiente\/mae-participo-en-la-premiacion-de-la-decima-convocatoria-del-encuentro-juvenil-ambiental-2013\/img_4536\/'><img loading=\"lazy\" decoding=\"async\" width=\"150\" height=\"150\" src=\"https:\/\/www.ambienteyenergia.gob.ec\/ambiente\/wp-content\/uploads\/sites\/2\/2013\/09\/IMG_4536-150x150.jpg\" class=\"attachment-thumbnail size-thumbnail\" alt=\"\" \/><\/a>\n\t\t\t<\/dt><\/dl><dl class='gallery-item'>\n\t\t\t<dt class='gallery-icon landscape'>\n\t\t\t\t<a href='https:\/\/www.ambienteyenergia.gob.ec\/ambiente\/mae-participo-en-la-premiacion-de-la-decima-convocatoria-del-encuentro-juvenil-ambiental-2013\/img_4630\/'><img loading=\"lazy\" decoding=\"async\" width=\"150\" height=\"150\" src=\"https:\/\/www.ambienteyenergia.gob.ec\/ambiente\/wp-content\/uploads\/sites\/2\/2013\/09\/IMG_4630-150x150.jpg\" class=\"attachment-thumbnail size-thumbnail\" alt=\"\" \/><\/a>\n\t\t\t<\/dt><\/dl><dl class='gallery-item'>\n\t\t\t<dt class='gallery-icon landscape'>\n\t\t\t\t<a href='https:\/\/www.ambienteyenergia.gob.ec\/ambiente\/mae-participo-en-la-premiacion-de-la-decima-convocatoria-del-encuentro-juvenil-ambiental-2013\/img_4502\/'><img loading=\"lazy\" decoding=\"async\" width=\"150\" height=\"150\" src=\"https:\/\/www.ambienteyenergia.gob.ec\/ambiente\/wp-content\/uploads\/sites\/2\/2013\/09\/IMG_4502-150x150.jpg\" class=\"attachment-thumbnail size-thumbnail\" alt=\"\" \/><\/a>\n\t\t\t<\/dt><\/dl><dl class='gallery-item'>\n\t\t\t<dt class='gallery-icon landscape'>\n\t\t\t\t<a href='https:\/\/www.ambienteyenergia.gob.ec\/ambiente\/mae-participo-en-la-premiacion-de-la-decima-convocatoria-del-encuentro-juvenil-ambiental-2013\/img_4579\/'><img loading=\"lazy\" decoding=\"async\" width=\"150\" height=\"150\" src=\"https:\/\/www.ambienteyenergia.gob.ec\/ambiente\/wp-content\/uploads\/sites\/2\/2013\/09\/IMG_4579-150x150.jpg\" class=\"attachment-thumbnail size-thumbnail\" alt=\"\" \/><\/a>\n\t\t\t<\/dt><\/dl><br style=\"clear: both\" \/><dl class='gallery-item'>\n\t\t\t<dt class='gallery-icon landscape'>\n\t\t\t\t<a href='https:\/\/www.ambienteyenergia.gob.ec\/ambiente\/mae-participo-en-la-premiacion-de-la-decima-convocatoria-del-encuentro-juvenil-ambiental-2013\/img_4584\/'><img loading=\"lazy\" decoding=\"async\" width=\"150\" height=\"150\" src=\"https:\/\/www.ambienteyenergia.gob.ec\/ambiente\/wp-content\/uploads\/sites\/2\/2013\/09\/IMG_4584-150x150.jpg\" class=\"attachment-thumbnail size-thumbnail\" alt=\"\" \/><\/a>\n\t\t\t<\/dt><\/dl><dl class='gallery-item'>\n\t\t\t<dt class='gallery-icon landscape'>\n\t\t\t\t<a href='https:\/\/www.ambienteyenergia.gob.ec\/ambiente\/mae-participo-en-la-premiacion-de-la-decima-convocatoria-del-encuentro-juvenil-ambiental-2013\/img_4589\/'><img loading=\"lazy\" decoding=\"async\" width=\"150\" height=\"150\" src=\"https:\/\/www.ambienteyenergia.gob.ec\/ambiente\/wp-content\/uploads\/sites\/2\/2013\/09\/IMG_4589-150x150.jpg\" class=\"attachment-thumbnail size-thumbnail\" alt=\"\" \/><\/a>\n\t\t\t<\/dt><\/dl><dl class='gallery-item'>\n\t\t\t<dt class='gallery-icon landscape'>\n\t\t\t\t<a href='https:\/\/www.ambienteyenergia.gob.ec\/ambiente\/mae-participo-en-la-premiacion-de-la-decima-convocatoria-del-encuentro-juvenil-ambiental-2013\/img_4604\/'><img loading=\"lazy\" decoding=\"async\" width=\"150\" height=\"150\" src=\"https:\/\/www.ambienteyenergia.gob.ec\/ambiente\/wp-content\/uploads\/sites\/2\/2013\/09\/IMG_4604-150x150.jpg\" class=\"attachment-thumbnail size-thumbnail\" alt=\"\" \/><\/a>\n\t\t\t<\/dt><\/dl><dl class='gallery-item'>\n\t\t\t<dt class='gallery-icon landscape'>\n\t\t\t\t<a href='https:\/\/www.ambienteyenergia.gob.ec\/ambiente\/mae-participo-en-la-premiacion-de-la-decima-convocatoria-del-encuentro-juvenil-ambiental-2013\/img_4616\/'><img loading=\"lazy\" decoding=\"async\" width=\"150\" height=\"150\" src=\"https:\/\/www.ambienteyenergia.gob.ec\/ambiente\/wp-content\/uploads\/sites\/2\/2013\/09\/IMG_4616-150x150.jpg\" class=\"attachment-thumbnail size-thumbnail\" alt=\"\" \/><\/a>\n\t\t\t<\/dt><\/dl><br style=\"clear: both\" \/><dl class='gallery-item'>\n\t\t\t<dt class='gallery-icon landscape'>\n\t\t\t\t<a href='https:\/\/www.ambienteyenergia.gob.ec\/ambiente\/mae-participo-en-la-premiacion-de-la-decima-convocatoria-del-encuentro-juvenil-ambiental-2013\/img_4658\/'><img loading=\"lazy\" decoding=\"async\" width=\"150\" height=\"150\" src=\"https:\/\/www.ambienteyenergia.gob.ec\/ambiente\/wp-content\/uploads\/sites\/2\/2013\/09\/IMG_4658-150x150.jpg\" class=\"attachment-thumbnail size-thumbnail\" alt=\"\" \/><\/a>\n\t\t\t<\/dt><\/dl><dl class='gallery-item'>\n\t\t\t<dt class='gallery-icon landscape'>\n\t\t\t\t<a href='https:\/\/www.ambienteyenergia.gob.ec\/ambiente\/mae-participo-en-la-premiacion-de-la-decima-convocatoria-del-encuentro-juvenil-ambiental-2013\/img_4670\/'><img loading=\"lazy\" decoding=\"async\" width=\"150\" height=\"150\" src=\"https:\/\/www.ambienteyenergia.gob.ec\/ambiente\/wp-content\/uploads\/sites\/2\/2013\/09\/IMG_4670-150x150.jpg\" class=\"attachment-thumbnail size-thumbnail\" alt=\"\" \/><\/a>\n\t\t\t<\/dt><\/dl><dl class='gallery-item'>\n\t\t\t<dt class='gallery-icon landscape'>\n\t\t\t\t<a href='https:\/\/www.ambienteyenergia.gob.ec\/ambiente\/mae-participo-en-la-premiacion-de-la-decima-convocatoria-del-encuentro-juvenil-ambiental-2013\/img_4672\/'><img loading=\"lazy\" decoding=\"async\" width=\"150\" height=\"150\" src=\"https:\/\/www.ambienteyenergia.gob.ec\/ambiente\/wp-content\/uploads\/sites\/2\/2013\/09\/IMG_4672-150x150.jpg\" class=\"attachment-thumbnail size-thumbnail\" alt=\"\" \/><\/a>\n\t\t\t<\/dt><\/dl>\n\t\t\t<br style='clear: both' \/>\n\t\t<\/div>\n\n","protected":false},"excerpt":{"rendered":"<p class=\"excerpt\">La Viceministra del Ambiente, M\u00f3nica Hidalgo, particip\u00f3 hoy, en la premiaci\u00f3n de la d\u00e9cima convocatoria del Encuentro Juvenil Ambiental 2013, organizado por Bayer. En el evento se presentaron a los cinco finalistas de los proyectos ambientales m\u00e1s creativos, de los cuales se eligieron a los dos mejores, quienes representar\u00e1n al Ecuador en el Encuentro Juvenil Ambiental Mundial, que se desarrollar\u00e1&hellip; <a href=\"https:\/\/www.ambienteyenergia.gob.ec\/ambiente\/mae-participo-en-la-premiacion-de-la-decima-convocatoria-del-encuentro-juvenil-ambiental-2013\/\">Read more &rarr;<\/a><\/p>\n","protected":false},"author":13,"featured_media":15286,"comment_status":"open","ping_status":"open","sticky":false,"template":"","format":"standard","meta":{"footnotes":""},"categories":[16,4],"tags":[],"class_list":["post-15275","post","type-post","status-publish","format-standard","has-post-thumbnail","hentry","category-comunicamos","category-noticias","xfolkentry"],"_links":{"self":[{"href":"https:\/\/www.ambienteyenergia.gob.ec\/ambiente\/wp-json\/wp\/v2\/posts\/15275","targetHints":{"allow":["GET"]}}],"collection":[{"href":"https:\/\/www.ambienteyenergia.gob.ec\/ambiente\/wp-json\/wp\/v2\/posts"}],"about":[{"href":"https:\/\/www.ambienteyenergia.gob.ec\/ambiente\/wp-json\/wp\/v2\/types\/post"}],"author":[{"embeddable":true,"href":"https:\/\/www.ambienteyenergia.gob.ec\/ambiente\/wp-json\/wp\/v2\/users\/13"}],"replies":[{"embeddable":true,"href":"https:\/\/www.ambienteyenergia.gob.ec\/ambiente\/wp-json\/wp\/v2\/comments?post=15275"}],"version-history":[{"count":0,"href":"https:\/\/www.ambienteyenergia.gob.ec\/ambiente\/wp-json\/wp\/v2\/posts\/15275\/revisions"}],"wp:featuredmedia":[{"embeddable":true,"href":"https:\/\/www.ambienteyenergia.gob.ec\/ambiente\/wp-json\/wp\/v2\/media\/15286"}],"wp:attachment":[{"href":"https:\/\/www.ambienteyenergia.gob.ec\/ambiente\/wp-json\/wp\/v2\/media?parent=15275"}],"wp:term":[{"taxonomy":"category","embeddable":true,"href":"https:\/\/www.ambienteyenergia.gob.ec\/ambiente\/wp-json\/wp\/v2\/categories?post=15275"},{"taxonomy":"post_tag","embeddable":true,"href":"https:\/\/www.ambienteyenergia.gob.ec\/ambiente\/wp-json\/wp\/v2\/tags?post=15275"}],"curies":[{"name":"wp","href":"https:\/\/api.w.org\/{rel}","templated":true}]}}