{"id":15270,"date":"2013-09-18T10:41:14","date_gmt":"2013-09-18T15:41:14","guid":{"rendered":"http:\/\/www.ambiente.gob.ec\/?p=15270"},"modified":"2013-09-18T10:41:14","modified_gmt":"2013-09-18T15:41:14","slug":"mae-rescato-un-huron-en-el-oro","status":"publish","type":"post","link":"https:\/\/www.ambienteyenergia.gob.ec\/ambiente\/mae-rescato-un-huron-en-el-oro\/","title":{"rendered":"MAE rescat\u00f3 un hur\u00f3n en El Oro"},"content":{"rendered":"<p style=\"text-align: justify;\">La Unidad de Vida Silvestre de la Direcci\u00f3n Provincial del Ambiente de El Oro recuper\u00f3 a un hur\u00f3n (Galictis vittata), conocido tambi\u00e9n como perro de agua, en el Barrio Buenos Aires, de la parroquia Machala (cant\u00f3n Machala). Gracias al apoyo de la comunidad, el animal se encontraba en buenas condiciones de salud, y fue trasladado al Zool\u00f3gico Arenillas.<\/p>\n<p style=\"text-align: justify;\">En ese centro de manejo de vida silvestre permanecer\u00e1 en custodia temporal. Adem\u00e1s, ser\u00e1 evaluado por el m\u00e9dico veterinario especializado, y luego de una cuarentena se decidir\u00e1 si est\u00e1 apto para la reintroducci\u00f3n en su h\u00e1bitat natural.<\/p>\n<p style=\"text-align: justify;\">\n<p style=\"text-align: justify;\">Estos operativos est\u00e1n se realizan de manera constante a nivel provincial y nacional. El Ministerio del Ambiente (MAE), solicita a la poblaci\u00f3n que tenga animales de vida silvestre en cautiverio, que los entreguen de forma voluntaria. Asimismo, pide su colaboraci\u00f3n, denunciando lugares o personas que mantengan retenidos animales silvestres a la Direcci\u00f3n Provincial del Ambiente de El Oro, ubicado en las calles, Vela entre 25 de Junio y Sucre (Ex-Edificio de Predesur) 5to piso o al tel: 2934596 ext. 15<\/p>\n<p style=\"text-align: justify;\"><strong>El Dato<\/strong><\/p>\n<p style=\"text-align: justify;\">El hur\u00f3n (Galictis vittata) es una especie registrada en el Ap\u00e9ndice III de Convenci\u00f3n sobre el Comercio Internacional de Especies Amenazadas de Fauna y Flora Silvestres (CITES).<\/p>\n<p style=\"text-align: justify;\">\n<p>&nbsp;<\/p>\n","protected":false},"excerpt":{"rendered":"<p class=\"excerpt\">La Unidad de Vida Silvestre de la Direcci\u00f3n Provincial del Ambiente de El Oro recuper\u00f3 a un hur\u00f3n (Galictis vittata), conocido tambi\u00e9n como perro de agua, en el Barrio Buenos Aires, de la parroquia Machala (cant\u00f3n Machala). Gracias al apoyo de la comunidad, el animal se encontraba en buenas condiciones de salud, y fue trasladado al Zool\u00f3gico Arenillas. En ese&hellip; <a href=\"https:\/\/www.ambienteyenergia.gob.ec\/ambiente\/mae-rescato-un-huron-en-el-oro\/\">Read more &rarr;<\/a><\/p>\n","protected":false},"author":13,"featured_media":15271,"comment_status":"open","ping_status":"open","sticky":false,"template":"","format":"standard","meta":{"footnotes":""},"categories":[16,4],"tags":[],"class_list":["post-15270","post","type-post","status-publish","format-standard","has-post-thumbnail","hentry","category-comunicamos","category-noticias","xfolkentry"],"_links":{"self":[{"href":"https:\/\/www.ambienteyenergia.gob.ec\/ambiente\/wp-json\/wp\/v2\/posts\/15270","targetHints":{"allow":["GET"]}}],"collection":[{"href":"https:\/\/www.ambienteyenergia.gob.ec\/ambiente\/wp-json\/wp\/v2\/posts"}],"about":[{"href":"https:\/\/www.ambienteyenergia.gob.ec\/ambiente\/wp-json\/wp\/v2\/types\/post"}],"author":[{"embeddable":true,"href":"https:\/\/www.ambienteyenergia.gob.ec\/ambiente\/wp-json\/wp\/v2\/users\/13"}],"replies":[{"embeddable":true,"href":"https:\/\/www.ambienteyenergia.gob.ec\/ambiente\/wp-json\/wp\/v2\/comments?post=15270"}],"version-history":[{"count":0,"href":"https:\/\/www.ambienteyenergia.gob.ec\/ambiente\/wp-json\/wp\/v2\/posts\/15270\/revisions"}],"wp:featuredmedia":[{"embeddable":true,"href":"https:\/\/www.ambienteyenergia.gob.ec\/ambiente\/wp-json\/wp\/v2\/media\/15271"}],"wp:attachment":[{"href":"https:\/\/www.ambienteyenergia.gob.ec\/ambiente\/wp-json\/wp\/v2\/media?parent=15270"}],"wp:term":[{"taxonomy":"category","embeddable":true,"href":"https:\/\/www.ambienteyenergia.gob.ec\/ambiente\/wp-json\/wp\/v2\/categories?post=15270"},{"taxonomy":"post_tag","embeddable":true,"href":"https:\/\/www.ambienteyenergia.gob.ec\/ambiente\/wp-json\/wp\/v2\/tags?post=15270"}],"curies":[{"name":"wp","href":"https:\/\/api.w.org\/{rel}","templated":true}]}}