{"id":15264,"date":"2013-09-18T08:59:03","date_gmt":"2013-09-18T13:59:03","guid":{"rendered":"http:\/\/www.ambiente.gob.ec\/?p=15264"},"modified":"2013-09-18T08:59:03","modified_gmt":"2013-09-18T13:59:03","slug":"dpng-brinda-capacitacion-para-fortalecer-red-nacional-de-areas-protegidas-marino-costeras","status":"publish","type":"post","link":"https:\/\/www.ambienteyenergia.gob.ec\/ambiente\/dpng-brinda-capacitacion-para-fortalecer-red-nacional-de-areas-protegidas-marino-costeras\/","title":{"rendered":"DPNG brinda capacitaci\u00f3n para fortalecer Red Nacional de \u00c1reas Protegidas Marino Costeras"},"content":{"rendered":"<p style=\"text-align: justify;\"><strong>Guardaparques del Ecuador continental reciben capacitaci\u00f3n en talleres relacionados con el monitoreo de tortugas marinas, rescate de especies en zonas costeras, entre otros temas.\u00a0 \u00a0\u00a0\u00a0\u00a0\u00a0\u00a0\u00a0 \u00a0<\/strong><\/p>\n<p style=\"text-align: justify;\">El Ministerio del Ambiente (MAE), a trav\u00e9s de la Direcci\u00f3n del Parque Nacional Gal\u00e1pagos (DPNG) inici\u00f3 el Programa que apoya el Fortalecimiento de la Red de \u00c1reas Marino Costeras del Ecuador Continental, a partir de una serie de talleres impartidos por t\u00e9cnicos de la instituci\u00f3n, para replicar las experiencias y metodolog\u00edas aplicadas exitosamente en la conservaci\u00f3n y manejo que la DPNG desarrolla en el archipi\u00e9lago.<\/p>\n<p style=\"text-align: justify;\">Previo al inicio del programa, la Subsecretar\u00eda de Gesti\u00f3n Marino Costera con el apoyo de la DPNG coordin\u00f3 cuatro talleres que incluyen: el monitoreo de tortugas marinas, rescate de vida silvestre marino costera, control y vigilancia marino costera, y manejo de visitantes y operadoras de turismo.<\/p>\n<p style=\"text-align: justify;\">Un grupo de 19 guardaparques de nueve \u00e1reas marinas protegidas: Galera San Francisco, R\u00edo Muisne, Parque Nacional Machalilla, Playas El Morro, Churute, Remacopse, Isla Coraz\u00f3n, Pacoche y El Pelado asistieron al primer taller de entrenamiento y planificaci\u00f3n para monitoreo de sitios de anidaci\u00f3n de las tortugas marinas, que se desarroll\u00f3 en la Isla de la Plata y San Lorenzo, Pacoche.<\/p>\n<p style=\"text-align: justify;\">Durante este entrenamiento, los guardaparques fueron capacitados en los sitios de anidaci\u00f3n, donde tambi\u00e9n pudieron practicar la implementaci\u00f3n de medidas de mitigaci\u00f3n para evitar los efectos antr\u00f3picos, relacionados con las especies protegidas en el pa\u00eds.<\/p>\n<p style=\"text-align: justify;\">Eduardo Espinoza, responsable (e) del Subproceso Monitoreo de Ecosistemas Marinos, de la DPNG, coment\u00f3 que siendo el Archipi\u00e9lago de Gal\u00e1pagos uno de los principales sitios de anidaci\u00f3n de la tortuga verde (Chelonia mydas), se ha mantenido durante los \u00faltimos de 10 a\u00f1os un monitoreo constante de la poblaci\u00f3n de esta especie amenazada, de acuerdo a la Uni\u00f3n Internacional para la Conservaci\u00f3n de la Naturaleza (UICN).<\/p>\n<p style=\"text-align: justify;\">\u201cLos resultados de estos estudios han servido para establecer medidas de manejo como l\u00edmites de acceso a sitios de anidaci\u00f3n, control de embarcaciones, pol\u00edticas nacionales e internacionales para la conservaci\u00f3n de estas especies en peligro\u201d, precis\u00f3 Espinoza.<\/p>\n<p style=\"text-align: justify;\">El MAE continuar\u00e1 con este tipo de iniciativas con el objetivo de fortalecer la Red Nacional de \u00c1reas Protegidas y estandarizar de manera sistem\u00e1tica las medidas de monitoreo manejo y control a cargo de la Autoridad Ambiental.<\/p>\n","protected":false},"excerpt":{"rendered":"<p class=\"excerpt\">Guardaparques del Ecuador continental reciben capacitaci\u00f3n en talleres relacionados con el monitoreo de tortugas marinas, rescate de especies en zonas costeras, entre otros temas.\u00a0 \u00a0\u00a0\u00a0\u00a0\u00a0\u00a0\u00a0 \u00a0 El Ministerio del Ambiente (MAE), a trav\u00e9s de la Direcci\u00f3n del Parque Nacional Gal\u00e1pagos (DPNG) inici\u00f3 el Programa que apoya el Fortalecimiento de la Red de \u00c1reas Marino Costeras del Ecuador Continental, a partir&hellip; <a href=\"https:\/\/www.ambienteyenergia.gob.ec\/ambiente\/dpng-brinda-capacitacion-para-fortalecer-red-nacional-de-areas-protegidas-marino-costeras\/\">Read more &rarr;<\/a><\/p>\n","protected":false},"author":13,"featured_media":15265,"comment_status":"open","ping_status":"open","sticky":false,"template":"","format":"standard","meta":{"footnotes":""},"categories":[16,4],"tags":[],"class_list":["post-15264","post","type-post","status-publish","format-standard","has-post-thumbnail","hentry","category-comunicamos","category-noticias","xfolkentry"],"_links":{"self":[{"href":"https:\/\/www.ambienteyenergia.gob.ec\/ambiente\/wp-json\/wp\/v2\/posts\/15264","targetHints":{"allow":["GET"]}}],"collection":[{"href":"https:\/\/www.ambienteyenergia.gob.ec\/ambiente\/wp-json\/wp\/v2\/posts"}],"about":[{"href":"https:\/\/www.ambienteyenergia.gob.ec\/ambiente\/wp-json\/wp\/v2\/types\/post"}],"author":[{"embeddable":true,"href":"https:\/\/www.ambienteyenergia.gob.ec\/ambiente\/wp-json\/wp\/v2\/users\/13"}],"replies":[{"embeddable":true,"href":"https:\/\/www.ambienteyenergia.gob.ec\/ambiente\/wp-json\/wp\/v2\/comments?post=15264"}],"version-history":[{"count":0,"href":"https:\/\/www.ambienteyenergia.gob.ec\/ambiente\/wp-json\/wp\/v2\/posts\/15264\/revisions"}],"wp:featuredmedia":[{"embeddable":true,"href":"https:\/\/www.ambienteyenergia.gob.ec\/ambiente\/wp-json\/wp\/v2\/media\/15265"}],"wp:attachment":[{"href":"https:\/\/www.ambienteyenergia.gob.ec\/ambiente\/wp-json\/wp\/v2\/media?parent=15264"}],"wp:term":[{"taxonomy":"category","embeddable":true,"href":"https:\/\/www.ambienteyenergia.gob.ec\/ambiente\/wp-json\/wp\/v2\/categories?post=15264"},{"taxonomy":"post_tag","embeddable":true,"href":"https:\/\/www.ambienteyenergia.gob.ec\/ambiente\/wp-json\/wp\/v2\/tags?post=15264"}],"curies":[{"name":"wp","href":"https:\/\/api.w.org\/{rel}","templated":true}]}}