{"id":15254,"date":"2013-09-17T16:11:45","date_gmt":"2013-09-17T21:11:45","guid":{"rendered":"http:\/\/www.ambiente.gob.ec\/?p=15254"},"modified":"2013-09-17T16:11:45","modified_gmt":"2013-09-17T21:11:45","slug":"ministerio-del-ambiente-inicia-socializacion-para-la-construccion-del-plan-nacional-de-cambio-climatico","status":"publish","type":"post","link":"https:\/\/www.ambienteyenergia.gob.ec\/ambiente\/ministerio-del-ambiente-inicia-socializacion-para-la-construccion-del-plan-nacional-de-cambio-climatico\/","title":{"rendered":"Ministerio del Ambiente inicia socializaci\u00f3n para la construcci\u00f3n del Plan Nacional de Cambio Clim\u00e1tico"},"content":{"rendered":"<p align=\"JUSTIFY\"><span style=\"font-family: FreeSans, sans-serif;\">Este 17 de septiembre, el Ministerio del Ambiente (MAE), a trav\u00e9s de la Subsecretar\u00eda de Cambio Clim\u00e1tico, en su objetivo de continuar con la implementaci\u00f3n del Plan Nacional de Cambio Clim\u00e1tico (PNCC), desarroll\u00f3 el \u201cTaller para la presentaci\u00f3n del proyecto PNCC\u201d, en el que participaron diferentes Carteras de Estado.<\/span><\/p>\n<p align=\"JUSTIFY\"><span style=\"font-family: FreeSans, sans-serif;\">La finalidad del encuentro fue fomentar la participaci\u00f3n de los sectores socioecon\u00f3micos prioritarios para enriquecer la selecci\u00f3n de medidas e integrarlas en el Plan; adem\u00e1s de recoger las percepciones y comentarios de los diferentes representantes de los sectores contemplados en el mismo.<\/span><\/p>\n<p align=\"JUSTIFY\"><span style=\"font-family: FreeSans, sans-serif;\">En este evento particip\u00f3 el Ministerio Coordinador de Sectores Estr\u00e1tegicos, Ministerio de Recursos Naturales no Renovable, <\/span><em>Ministerio de Agricultura, Ganader\u00eda, Acuacultura y Pesca, Ministerio de Finanzas, <\/em><span style=\"font-family: FreeSans, sans-serif;\"> Secretar\u00eda Nacional del Agua, Instituto Espacial Ecuatoriano, entre otras instituciones estatales.<\/span><\/p>\n<p align=\"JUSTIFY\"><span style=\"font-family: FreeSans, sans-serif;\">Andr\u00e9s Hubenthal, Director Nacional de Adaptaci\u00f3n al Cambio Clim\u00e1tico, dio la apertura a este di\u00e1logo, en el que expuso el cambio clim\u00e1tico en Ecuador y la gesti\u00f3n de esta Cartera de Estado a trav\u00e9s de la Subsecretar\u00eda de Cambio Clim\u00e1tico. Adem\u00e1s, indic\u00f3 que es fundamental realizar este proceso de socializaci\u00f3n para poder recopilar y disponer de informaci\u00f3n que posteriormente ser\u00e1 utilizada para desarrollar pol\u00edticas y normativas.<\/span><\/p>\n<p align=\"JUSTIFY\"><span style=\"font-family: FreeSans, sans-serif;\">Este taller se desarrollar\u00e1 en dos d\u00edas. El primero, se enfocar\u00e1 en mantener entrevistas para levantar informaci\u00f3n sobre el trabajo ejecutado por las diferentes Carteras de Estado en temas relacionados a cambio clim\u00e1tico y el segundo est\u00e1 dirigido a presentar el alcance del proyecto a los miembros del Comit\u00e9 Interinstitucional de Cambio Clim\u00e1tico, quienes podr\u00e1n ofrecer lineamientos pol\u00edtico-estrat\u00e9gicos en un espacio de articulaci\u00f3n interinstitucional.<\/span><\/p>\n<p align=\"JUSTIFY\"><strong><span style=\"font-family: FreeSans, sans-serif;\">Datos de inter\u00e9s<\/span><\/strong><\/p>\n<p align=\"JUSTIFY\"><span style=\"font-family: FreeSans, sans-serif;\">El PNCC consolidar\u00e1 los planes de adaptaci\u00f3n, mitigaci\u00f3n, creaci\u00f3n y fomento de condiciones. \u00c9ste ser\u00e1 desarrollado por la organizaci\u00f3n Factor CO2 en alineaci\u00f3n a las pol\u00edticas y circunstancias nacionales, con miras a alcanzar las metas del Plan Nacional del Buen Vivir 2013-2017.<\/span><\/p>\n<p align=\"JUSTIFY\"><span style=\"font-family: FreeSans, sans-serif;\">El PNCC para el per\u00edodo 2013-2017, busca integrar toda la informaci\u00f3n generada como resultado de los procesos de trabajo interno con el equipo de direcci\u00f3n, as\u00ed como los aportes recibidos por los diferentes agentes, en el marco de las actividades del proceso de participaci\u00f3n.<\/span><\/p>\n<p align=\"JUSTIFY\">\n<div id='gallery-1' class='gallery galleryid-15254 gallery-columns-4 gallery-size-thumbnail'><dl class='gallery-item'>\n\t\t\t<dt class='gallery-icon landscape'>\n\t\t\t\t<a href='https:\/\/www.ambienteyenergia.gob.ec\/ambiente\/ministerio-del-ambiente-inicia-socializacion-para-la-construccion-del-plan-nacional-de-cambio-climatico\/1-58\/'><img loading=\"lazy\" decoding=\"async\" width=\"150\" height=\"150\" src=\"https:\/\/www.ambienteyenergia.gob.ec\/ambiente\/wp-content\/uploads\/sites\/2\/2013\/09\/14-150x150.jpg\" class=\"attachment-thumbnail size-thumbnail\" alt=\"\" \/><\/a>\n\t\t\t<\/dt><\/dl><dl class='gallery-item'>\n\t\t\t<dt class='gallery-icon landscape'>\n\t\t\t\t<a href='https:\/\/www.ambienteyenergia.gob.ec\/ambiente\/ministerio-del-ambiente-inicia-socializacion-para-la-construccion-del-plan-nacional-de-cambio-climatico\/2-45\/'><img loading=\"lazy\" decoding=\"async\" width=\"150\" height=\"150\" src=\"https:\/\/www.ambienteyenergia.gob.ec\/ambiente\/wp-content\/uploads\/sites\/2\/2013\/09\/23-150x150.jpg\" class=\"attachment-thumbnail size-thumbnail\" alt=\"\" \/><\/a>\n\t\t\t<\/dt><\/dl><dl class='gallery-item'>\n\t\t\t<dt class='gallery-icon landscape'>\n\t\t\t\t<a href='https:\/\/www.ambienteyenergia.gob.ec\/ambiente\/ministerio-del-ambiente-inicia-socializacion-para-la-construccion-del-plan-nacional-de-cambio-climatico\/3-30\/'><img loading=\"lazy\" decoding=\"async\" width=\"150\" height=\"150\" src=\"https:\/\/www.ambienteyenergia.gob.ec\/ambiente\/wp-content\/uploads\/sites\/2\/2013\/09\/32-150x150.jpg\" class=\"attachment-thumbnail size-thumbnail\" alt=\"\" \/><\/a>\n\t\t\t<\/dt><\/dl>\n\t\t\t<br style='clear: both' \/>\n\t\t<\/div>\n\n","protected":false},"excerpt":{"rendered":"<p class=\"excerpt\">Este 17 de septiembre, el Ministerio del Ambiente (MAE), a trav\u00e9s de la Subsecretar\u00eda de Cambio Clim\u00e1tico, en su objetivo de continuar con la implementaci\u00f3n del Plan Nacional de Cambio Clim\u00e1tico (PNCC), desarroll\u00f3 el \u201cTaller para la presentaci\u00f3n del proyecto PNCC\u201d, en el que participaron diferentes Carteras de Estado. La finalidad del encuentro fue fomentar la participaci\u00f3n de los sectores&hellip; <a href=\"https:\/\/www.ambienteyenergia.gob.ec\/ambiente\/ministerio-del-ambiente-inicia-socializacion-para-la-construccion-del-plan-nacional-de-cambio-climatico\/\">Read more &rarr;<\/a><\/p>\n","protected":false},"author":13,"featured_media":15256,"comment_status":"open","ping_status":"open","sticky":false,"template":"","format":"standard","meta":{"footnotes":""},"categories":[16,4],"tags":[],"class_list":["post-15254","post","type-post","status-publish","format-standard","has-post-thumbnail","hentry","category-comunicamos","category-noticias","xfolkentry"],"_links":{"self":[{"href":"https:\/\/www.ambienteyenergia.gob.ec\/ambiente\/wp-json\/wp\/v2\/posts\/15254","targetHints":{"allow":["GET"]}}],"collection":[{"href":"https:\/\/www.ambienteyenergia.gob.ec\/ambiente\/wp-json\/wp\/v2\/posts"}],"about":[{"href":"https:\/\/www.ambienteyenergia.gob.ec\/ambiente\/wp-json\/wp\/v2\/types\/post"}],"author":[{"embeddable":true,"href":"https:\/\/www.ambienteyenergia.gob.ec\/ambiente\/wp-json\/wp\/v2\/users\/13"}],"replies":[{"embeddable":true,"href":"https:\/\/www.ambienteyenergia.gob.ec\/ambiente\/wp-json\/wp\/v2\/comments?post=15254"}],"version-history":[{"count":0,"href":"https:\/\/www.ambienteyenergia.gob.ec\/ambiente\/wp-json\/wp\/v2\/posts\/15254\/revisions"}],"wp:featuredmedia":[{"embeddable":true,"href":"https:\/\/www.ambienteyenergia.gob.ec\/ambiente\/wp-json\/wp\/v2\/media\/15256"}],"wp:attachment":[{"href":"https:\/\/www.ambienteyenergia.gob.ec\/ambiente\/wp-json\/wp\/v2\/media?parent=15254"}],"wp:term":[{"taxonomy":"category","embeddable":true,"href":"https:\/\/www.ambienteyenergia.gob.ec\/ambiente\/wp-json\/wp\/v2\/categories?post=15254"},{"taxonomy":"post_tag","embeddable":true,"href":"https:\/\/www.ambienteyenergia.gob.ec\/ambiente\/wp-json\/wp\/v2\/tags?post=15254"}],"curies":[{"name":"wp","href":"https:\/\/api.w.org\/{rel}","templated":true}]}}