{"id":15237,"date":"2013-09-17T14:21:24","date_gmt":"2013-09-17T19:21:24","guid":{"rendered":"http:\/\/www.ambiente.gob.ec\/?p=15237"},"modified":"2013-09-18T11:33:12","modified_gmt":"2013-09-18T16:33:12","slug":"ecuador-mostro-al-mundo-la-mano-sucia-de-chevron","status":"publish","type":"post","link":"https:\/\/www.ambienteyenergia.gob.ec\/ambiente\/ecuador-mostro-al-mundo-la-mano-sucia-de-chevron\/","title":{"rendered":"Ecuador mostr\u00f3 al mundo la \u00abmano sucia\u00bb de Chevron"},"content":{"rendered":"<p style=\"text-align: justify;\"><strong>\u00abSe han identificado m\u00e1s de 1 000 piscinas contaminantes en la Amazon\u00eda ecuatoriana. <\/strong>Lo que caus\u00f3 Chevron en nuestra selva<strong> es <\/strong>85 veces peor que lo que hizo la British Petroleum, en el Golfo de M\u00e9xico, y 18 veces m\u00e1s grave que el derrame de Exxon Valdez en Alaska\u00bb, asegur\u00f3 el Presidente Rafael Correa hoy tras un recorrido junto a la Ministra del Ambiente, Lorena Tapia, en el sector de Aguarico 4, cant\u00f3n Shushufindi, provincia de Sucumb\u00edos. Juntos mostraron, a trav\u00e9s de cadena nacional, el nivel de contaminaci\u00f3n ambiental causado por la presencia de piscinas adyacentes a pozos petroleros operados por la compa\u00f1\u00eda norteamericana Chevron -Texaco, sin responsabilidad, \u00a0hace m\u00e1s de 30 a\u00f1os.<\/p>\n<p style=\"text-align: justify;\">La Ministra Tapia gui\u00f3 al Primer Mandatario alrededor de una piscina de 25 por 14 metros \u00a0con una profundidad de 5 metros, aproximadamente, para evidenciar los da\u00f1os ocasionados por la explotaci\u00f3n. \u00abEstas piscinas son caducas, incluso para la \u00e9poca. Chevron contamin\u00f3, cuando pod\u00eda evitarlo, y luego no repar\u00f3 las zonas afectadas\u00bb, indic\u00f3 la Titular de la Cartera Ambiente.<\/p>\n<p style=\"text-align: justify;\">Paola Carrera, Gerente General del Programa de Reparaci\u00f3n Ambiental y Social (PRAS) del Ministerio del Ambiente (MAE), explic\u00f3 que las t\u00e9cnicas que se usaban para este tipo actividades en los a\u00f1os ochenta, inclu\u00edan, como b\u00e1sico, la aplicaci\u00f3n de una geomembrana para que el hidrocarburo no se filtre a las fuentes de agua. Sin embargo, esas lagunas de petr\u00f3leo trabajaban con los llamados \u00abcuellos de ganzo\u00bb. Estos sistemas de tuber\u00eda serv\u00edan para evitar que el crudo se desborde por las lluvias, desfog\u00e1ndolo hacia pantanos, riachuelos y r\u00edos.<\/p>\n<p style=\"text-align: justify;\">\u00abAs\u00ed se derrumba la mentira de Chevron. Esta contaminaci\u00f3n se pod\u00eda evitar porque ya exist\u00edan mejores t\u00e9cnicas, pero, por ahorrar dinero, esta compa\u00f1\u00eda us\u00f3 las t\u00e9cnicas primitivas, contaminando nuestra Amazon\u00eda\u00bb, manifest\u00f3 el presidente Correa, mientras mostraba al pa\u00eds y al mundo su mano manchada de petr\u00f3leo, tras haberla sumergido en la piscina, generado de pasivos ambientales en esa zona de Sucumb\u00edos.<\/p>\n<p style=\"text-align: justify;\">Luego del recorrido, se realiz\u00f3 una rueda de prensa con medios nacionales e internacionales. El Jefe de Estado inform\u00f3 que, por primera vez en la historia, los pasivos ambientales est\u00e1n disminuyendo. Pero, no se ha podido iniciar la reparaci\u00f3n ambiental de las m\u00e1s de 1 000 piscinas similares, ubicadas en distintas zonas donde intervino la petrolera estadounidense, porque \u00e9stas son pruebas contundentes en el juicio interpuesto a la compa\u00f1\u00eda por las comunidades afectadas.<\/p>\n<p style=\"text-align: justify;\">En ese sentido, la M\u00e1xima Autoridad Ambiental aclar\u00f3 que pese a que el MAE no ha podido intervenir de manera directa en esos focos de contaminaci\u00f3n por tratarse de un problema legal, ha emprendido acciones de reparaci\u00f3n social. \u00abHemos reubicado a las familias de Orellana y Sucumb\u00edos que viv\u00edan en la zona del da\u00f1o, hemos ofrecido alternativas seguras para acceder a agua de calidad, levantamos informaci\u00f3n y actuamos de manera puntual\u00bb, recalc\u00f3 la Ministra Lorena Tapia.<\/p>\n<p style=\"text-align: justify;\">Sobre el apoyo nacional e internacional que ha recibido Ecuador en este caso, el Presidente inform\u00f3 que existen varios grupos que se han adherido a esta lucha. Sin embargo, se espera que a nivel de Unasur, por ejemplo, las acciones sean m\u00e1s contundentes, porque \u00ablos centros del arbitraje internacionales son uno de los principales problemas. Estas instancias han mostrado estar a favor del capital sobre el ser humano\u00bb, dijo Correa.<\/p>\n<p style=\"text-align: justify;\">Adem\u00e1s, aclar\u00f3 que pese a que Chevron est\u00e1 invirtiendo m\u00e1s de $400 millones en una campa\u00f1a en contra de Ecuador, y que tiene m\u00e1s de 900 abogados para el juicio, el Gobierno no entorpecer\u00e1 el debido proceso. Sin embargo, el Estado defender\u00e1 a la comunidades amaz\u00f3nicas para que este delito ambiental no quede impune.<\/p>\n<p style=\"text-align: justify;\">Finalmente, la Ministra Tapia manifest\u00f3 que el Aguarico era un ejemplo de lo que causa una actividad petrolera irresponsable. \u00abComo Autoridad Ambiental velaremos para que esto no se repita jam\u00e1s, exigiremos los mejores est\u00e1ndares como ya lo hacemos porque la Autoridad Ambiental del Ecuador, est\u00e1 fortalecida, m\u00e1s que nunca\u00bb.<\/p>\n<div id='gallery-1' class='gallery galleryid-15237 gallery-columns-4 gallery-size-thumbnail'><dl class='gallery-item'>\n\t\t\t<dt class='gallery-icon landscape'>\n\t\t\t\t<a href='https:\/\/www.ambienteyenergia.gob.ec\/ambiente\/ecuador-mostro-al-mundo-la-mano-sucia-de-chevron\/_dsc7598\/'><img loading=\"lazy\" decoding=\"async\" width=\"150\" height=\"150\" src=\"https:\/\/www.ambienteyenergia.gob.ec\/ambiente\/wp-content\/uploads\/sites\/2\/2013\/09\/DSC7598-150x150.jpg\" class=\"attachment-thumbnail size-thumbnail\" alt=\"\" \/><\/a>\n\t\t\t<\/dt><\/dl><dl class='gallery-item'>\n\t\t\t<dt class='gallery-icon landscape'>\n\t\t\t\t<a href='https:\/\/www.ambienteyenergia.gob.ec\/ambiente\/ecuador-mostro-al-mundo-la-mano-sucia-de-chevron\/_mg_40071\/'><img loading=\"lazy\" decoding=\"async\" width=\"150\" height=\"150\" src=\"https:\/\/www.ambienteyenergia.gob.ec\/ambiente\/wp-content\/uploads\/sites\/2\/2013\/09\/MG_40071-150x150.jpg\" class=\"attachment-thumbnail size-thumbnail\" alt=\"\" \/><\/a>\n\t\t\t<\/dt><\/dl><dl class='gallery-item'>\n\t\t\t<dt class='gallery-icon landscape'>\n\t\t\t\t<a href='https:\/\/www.ambienteyenergia.gob.ec\/ambiente\/ecuador-mostro-al-mundo-la-mano-sucia-de-chevron\/_mg_42051\/'><img loading=\"lazy\" decoding=\"async\" width=\"150\" height=\"150\" src=\"https:\/\/www.ambienteyenergia.gob.ec\/ambiente\/wp-content\/uploads\/sites\/2\/2013\/09\/MG_42051-150x150.jpg\" class=\"attachment-thumbnail size-thumbnail\" alt=\"\" \/><\/a>\n\t\t\t<\/dt><\/dl><dl class='gallery-item'>\n\t\t\t<dt class='gallery-icon landscape'>\n\t\t\t\t<a href='https:\/\/www.ambienteyenergia.gob.ec\/ambiente\/ecuador-mostro-al-mundo-la-mano-sucia-de-chevron\/foto-6\/'><img loading=\"lazy\" decoding=\"async\" width=\"150\" height=\"150\" src=\"https:\/\/www.ambienteyenergia.gob.ec\/ambiente\/wp-content\/uploads\/sites\/2\/2013\/09\/FOTO-150x150.png\" class=\"attachment-thumbnail size-thumbnail\" alt=\"\" \/><\/a>\n\t\t\t<\/dt><\/dl><br style=\"clear: both\" \/>\n\t\t<\/div>\n\n","protected":false},"excerpt":{"rendered":"<p class=\"excerpt\">\u00abSe han identificado m\u00e1s de 1 000 piscinas contaminantes en la Amazon\u00eda ecuatoriana. Lo que caus\u00f3 Chevron en nuestra selva es 85 veces peor que lo que hizo la British Petroleum, en el Golfo de M\u00e9xico, y 18 veces m\u00e1s grave que el derrame de Exxon Valdez en Alaska\u00bb, asegur\u00f3 el Presidente Rafael Correa hoy tras un recorrido junto a&hellip; <a href=\"https:\/\/www.ambienteyenergia.gob.ec\/ambiente\/ecuador-mostro-al-mundo-la-mano-sucia-de-chevron\/\">Read more &rarr;<\/a><\/p>\n","protected":false},"author":13,"featured_media":15240,"comment_status":"open","ping_status":"open","sticky":false,"template":"","format":"standard","meta":{"footnotes":""},"categories":[16,4,10],"tags":[],"class_list":["post-15237","post","type-post","status-publish","format-standard","has-post-thumbnail","hentry","category-comunicamos","category-noticias","category-noticias-destacadas","xfolkentry"],"_links":{"self":[{"href":"https:\/\/www.ambienteyenergia.gob.ec\/ambiente\/wp-json\/wp\/v2\/posts\/15237","targetHints":{"allow":["GET"]}}],"collection":[{"href":"https:\/\/www.ambienteyenergia.gob.ec\/ambiente\/wp-json\/wp\/v2\/posts"}],"about":[{"href":"https:\/\/www.ambienteyenergia.gob.ec\/ambiente\/wp-json\/wp\/v2\/types\/post"}],"author":[{"embeddable":true,"href":"https:\/\/www.ambienteyenergia.gob.ec\/ambiente\/wp-json\/wp\/v2\/users\/13"}],"replies":[{"embeddable":true,"href":"https:\/\/www.ambienteyenergia.gob.ec\/ambiente\/wp-json\/wp\/v2\/comments?post=15237"}],"version-history":[{"count":0,"href":"https:\/\/www.ambienteyenergia.gob.ec\/ambiente\/wp-json\/wp\/v2\/posts\/15237\/revisions"}],"wp:featuredmedia":[{"embeddable":true,"href":"https:\/\/www.ambienteyenergia.gob.ec\/ambiente\/wp-json\/wp\/v2\/media\/15240"}],"wp:attachment":[{"href":"https:\/\/www.ambienteyenergia.gob.ec\/ambiente\/wp-json\/wp\/v2\/media?parent=15237"}],"wp:term":[{"taxonomy":"category","embeddable":true,"href":"https:\/\/www.ambienteyenergia.gob.ec\/ambiente\/wp-json\/wp\/v2\/categories?post=15237"},{"taxonomy":"post_tag","embeddable":true,"href":"https:\/\/www.ambienteyenergia.gob.ec\/ambiente\/wp-json\/wp\/v2\/tags?post=15237"}],"curies":[{"name":"wp","href":"https:\/\/api.w.org\/{rel}","templated":true}]}}