{"id":15199,"date":"2013-09-17T11:08:25","date_gmt":"2013-09-17T16:08:25","guid":{"rendered":"http:\/\/www.ambiente.gob.ec\/?p=15199"},"modified":"2013-09-17T11:49:18","modified_gmt":"2013-09-17T16:49:18","slug":"dpng-y-armada-nacional-capturan-fibra-de-pesca-de-anconcito-dentro-de-la-reserva-marina-de-galapagos","status":"publish","type":"post","link":"https:\/\/www.ambienteyenergia.gob.ec\/ambiente\/dpng-y-armada-nacional-capturan-fibra-de-pesca-de-anconcito-dentro-de-la-reserva-marina-de-galapagos\/","title":{"rendered":"DPNG y Armada Nacional capturan fibra de pesca de Anconcito dentro de la Reserva Marina de Gal\u00e1pagos"},"content":{"rendered":"<p style=\"text-align: justify;\"><strong>En el operativo la autoridad mar\u00edtima detuvo a tres pescadores que recog\u00edan un palangre del mar.\u00a0 \u00a0\u00a0\u00a0 \u00a0<\/strong><\/p>\n<p style=\"text-align: justify;\">En un patrullaje de rutina, la embarcaci\u00f3n Sierra Negra, de la Direcci\u00f3n del Parque Nacional Gal\u00e1pagos (DPNG), con la colaboraci\u00f3n de la Armada del Ecuador, captur\u00f3 la fibra pesquera Hno. Jos\u00e9 Gregorio, de Anconcito, que se encontraba realizando faenas de pesca,\u00a0 al suroeste de Fernandina, a 11 millas dentro de la Reserva Marina de Gal\u00e1pagos (RMG).<\/p>\n<p style=\"text-align: justify;\">En el operativo tambi\u00e9n se detuvo a tres pescadores, quienes al momento de la captura estaban recogiendo el palangre calado en el agua, arte prohibido de utilizaci\u00f3n dentro del \u00e1rea protegida. En la fibra hab\u00eda un tibur\u00f3n muerto, con un anzuelo en la boca.<\/p>\n<p style=\"text-align: justify;\">Por versiones de los pescadores, registradas en el informe de novedades de la DPNG, se conoce que esta embarcaci\u00f3n menor es parte de un grupo de siete fibras, que son la dotaci\u00f3n del bote pesquero Voluntad de Dios, el cual se observ\u00f3 a 5 millas fuera de la RMG, por el Sistema de Monitoreo Satelital VMS, en el centro de operaciones de la autoridad ambiental en Puerto Ayora, Santa Cruz. Al ser interrogados sobre si ten\u00edan conocimiento del sitio en el que se encontraban, los pescadores mencionaron que s\u00ed, pues adem\u00e1s pose\u00edan un GPS.<\/p>\n<p style=\"text-align: justify;\">La lancha Sierra Negra, continu\u00f3 el patrullaje por la zona en b\u00fasqueda de las dem\u00e1s fibras, sin tener resultado, por lo que se procedi\u00f3 a retornar a Puerto Ayora, en donde la fibra, el arte de pesca y la tripulaci\u00f3n, qued\u00f3 a \u00f3rdenes de la Armada Nacional para el procedimiento de rutina.<\/p>\n<p style=\"text-align: justify;\">El Ministerio del ambiente (MAE), a trav\u00e9s de la Direcci\u00f3n de Parque Nacional Gal\u00e1pagos inici\u00f3 las acciones legales correspondientes para sancionar este posible delito ambiental y se mantendr\u00e1 vigilante en este proceso.<\/p>\n","protected":false},"excerpt":{"rendered":"<p class=\"excerpt\">En el operativo la autoridad mar\u00edtima detuvo a tres pescadores que recog\u00edan un palangre del mar.\u00a0 \u00a0\u00a0\u00a0 \u00a0 En un patrullaje de rutina, la embarcaci\u00f3n Sierra Negra, de la Direcci\u00f3n del Parque Nacional Gal\u00e1pagos (DPNG), con la colaboraci\u00f3n de la Armada del Ecuador, captur\u00f3 la fibra pesquera Hno. Jos\u00e9 Gregorio, de Anconcito, que se encontraba realizando faenas de pesca,\u00a0 al&hellip; <a href=\"https:\/\/www.ambienteyenergia.gob.ec\/ambiente\/dpng-y-armada-nacional-capturan-fibra-de-pesca-de-anconcito-dentro-de-la-reserva-marina-de-galapagos\/\">Read more &rarr;<\/a><\/p>\n","protected":false},"author":13,"featured_media":15200,"comment_status":"open","ping_status":"open","sticky":false,"template":"","format":"standard","meta":{"footnotes":""},"categories":[16,4],"tags":[],"class_list":["post-15199","post","type-post","status-publish","format-standard","has-post-thumbnail","hentry","category-comunicamos","category-noticias","xfolkentry"],"_links":{"self":[{"href":"https:\/\/www.ambienteyenergia.gob.ec\/ambiente\/wp-json\/wp\/v2\/posts\/15199","targetHints":{"allow":["GET"]}}],"collection":[{"href":"https:\/\/www.ambienteyenergia.gob.ec\/ambiente\/wp-json\/wp\/v2\/posts"}],"about":[{"href":"https:\/\/www.ambienteyenergia.gob.ec\/ambiente\/wp-json\/wp\/v2\/types\/post"}],"author":[{"embeddable":true,"href":"https:\/\/www.ambienteyenergia.gob.ec\/ambiente\/wp-json\/wp\/v2\/users\/13"}],"replies":[{"embeddable":true,"href":"https:\/\/www.ambienteyenergia.gob.ec\/ambiente\/wp-json\/wp\/v2\/comments?post=15199"}],"version-history":[{"count":0,"href":"https:\/\/www.ambienteyenergia.gob.ec\/ambiente\/wp-json\/wp\/v2\/posts\/15199\/revisions"}],"wp:featuredmedia":[{"embeddable":true,"href":"https:\/\/www.ambienteyenergia.gob.ec\/ambiente\/wp-json\/wp\/v2\/media\/15200"}],"wp:attachment":[{"href":"https:\/\/www.ambienteyenergia.gob.ec\/ambiente\/wp-json\/wp\/v2\/media?parent=15199"}],"wp:term":[{"taxonomy":"category","embeddable":true,"href":"https:\/\/www.ambienteyenergia.gob.ec\/ambiente\/wp-json\/wp\/v2\/categories?post=15199"},{"taxonomy":"post_tag","embeddable":true,"href":"https:\/\/www.ambienteyenergia.gob.ec\/ambiente\/wp-json\/wp\/v2\/tags?post=15199"}],"curies":[{"name":"wp","href":"https:\/\/api.w.org\/{rel}","templated":true}]}}