{"id":15171,"date":"2013-09-17T09:51:04","date_gmt":"2013-09-17T14:51:04","guid":{"rendered":"http:\/\/www.ambiente.gob.ec\/?p=15171"},"modified":"2013-09-21T19:50:24","modified_gmt":"2013-09-22T00:50:24","slug":"dia-internacional-de-limpieza-de-playas","status":"publish","type":"post","link":"https:\/\/www.ambienteyenergia.gob.ec\/ambiente\/dia-internacional-de-limpieza-de-playas\/","title":{"rendered":"D\u00eda Internacional de Limpieza de Playas"},"content":{"rendered":"<p style=\"text-align: justify;\">El pr\u00f3ximo 21 de septiembre se conmemora el D\u00eda Internacional de Limpieza de Playas, iniciativa en la que participa el Ecuador, a trav\u00e9s del Ministerio del Ambiente (MAE), instituci\u00f3n que lidera este proceso a nivel nacional, desde el 2010. El objetivo del evento es recoger los residuos que se encuentran en las playas, alcanzar la mayor cantidad de voluntarios y concienciar a la poblaci\u00f3n sobre la importancia de no contaminar estos espacios naturales. Asimismo, se busca promover cambios positivos en el comportamiento de quienes causan la contaminaci\u00f3n.<\/p>\n<p style=\"text-align: justify;\">\u00c9sta importante fecha se celebra en m\u00e1s de 123 pa\u00edses de todo el mundo. Actualmente, Ecuador ocupa el noveno puesto como pa\u00eds con mayor participaci\u00f3n de voluntarios para la limpieza de playas a nivel internacional, seg\u00fan Ocean Conservancy.<\/p>\n<p style=\"text-align: justify;\">Este a\u00f1o, se tiene previsto intervenir 114 playas, ubicadas en las provincias de Esmeraldas, Manab\u00ed, Guayas, Santa Elena,El Oro y Gal\u00e1pagos ; en las que participar\u00e1n alrededor de 15 000 voluntarios (aproximadamente 43 por km\u00b2), quienes retirar\u00e1n manualmente los residuos a lo largo de la costa ecuatoriana.<\/p>\n<p style=\"text-align: justify;\">El evento principal se desarrollar\u00e1 el s\u00e1bado 21 de septiembre en la playa El Murci\u00e9lago, en Manta. La apertura de las jornadas de limpieza iniciar\u00e1 a las 8:00 y contar\u00e1 con la participaci\u00f3n de autoridades locales. Adem\u00e1s, habr\u00e1 actividades l\u00fadicas y recreativas que incentiven la conservaci\u00f3n ambiental. En las playas de Las Palmas, Playas Villamil, Salinas, Bajo Alto y Puerto Baquerizo Moreno, tambi\u00e9n se realizar\u00e1n eventos para que la comunidad se informe, participe y se motive en el cuidado del ambiente.<\/p>\n<p style=\"text-align: justify;\">Como preparaci\u00f3n previa a este d\u00eda, el MAE ha realizado campa\u00f1as de educaci\u00f3n, concienciaci\u00f3n e informaci\u00f3n sobre la importancia de no arrojar residuos en las playas y de c\u00f3mo el mal manejo de los mismos afecta el ecosistema marino.<\/p>\n<p style=\"text-align: justify;\">Las playas son un recurso natural muy valioso que se debe conservar. Por esta raz\u00f3n, el MAE invita a la ciudadan\u00eda a participar en cada uno de los eventos que se desarrollar\u00e1n el s\u00e1bado 21 de septiembre en las diferentes playas del Ecuador.<\/p>\n<p style=\"text-align: center;\"><strong><em>\u00a1\u00danete a nuestra campa\u00f1a y s\u00e9 un guardi\u00e1n del planeta!<\/em><\/strong><\/p>\n<p style=\"text-align: center;\">&#8212;&#8212;&#8212;&#8212;&#8212;&#8212;&#8212;&#8212;&#8212;&#8212;&#8212;&#8212;&#8212;&#8212;&#8212;&#8212;&#8212;&#8212;&#8212;&#8212;&#8212;&#8212;&#8212;&#8212;&#8212;&#8212;&#8212;&#8212;&#8212;&#8212;&#8212;&#8212;&#8212;&#8212;&#8212;<\/p>\n<p style=\"text-align: center;\"><strong>15 mil voluntarios limpiaron 125 playas del perfil costanero y la regi\u00f3n Insular del Ecuador<\/strong><\/p>\n<p style=\"text-align: justify;\">Hoy, en 125 playas de Esmeraldas, Manab\u00ed, Guayas, Santa Elena, El Oro y Gal\u00e1pagos, alrededor de 15 000 voluntarios (43 por kil\u00f3metro cuadro), participaron en la jornada de recolecci\u00f3n de residuos en conmemoraci\u00f3n del D\u00eda Internacional de Limpieza de Playas.<\/p>\n<p style=\"text-align: justify;\">Esta iniciativa liderada por el Ministerio del Ambiente (MAE), desde el 2010, tiene como objetivo acopiar los residuos que se encuentran en las playas, concienciar a la poblaci\u00f3n sobre la importancia de no contaminar estos espacios naturales y registrar el mayor n\u00famero de voluntarios. Asimismo, se busca promover cambios positivos en el comportamiento de quienes causan la contaminaci\u00f3n.<\/p>\n<p style=\"text-align: justify;\">El evento principal, en el que particip\u00f3 la Ministra del Ambiente, Lorena Tapia, y otras autoridades locales, se desarroll\u00f3 en la playa El Murci\u00e9lago, de la ciudad de Manta (Manab\u00ed) como reconocimiento a la labor realizada el a\u00f1o pasado, cuando registr\u00f3 el mayor n\u00famero de voluntarios (5 200) y de residuos recolectados (20 mil Kg.).<\/p>\n<p style=\"text-align: justify;\">A las 9:00, la Titular de la Cartera de Ambiente dio la bienvenida y agradeci\u00f3 la participaci\u00f3n de los voluntarios. \u00abHoy es un d\u00eda muy importante, a\u00f1o tras a\u00f1o, hemos trabajado junto con ustedes para tomar conciencia de la importancia del cuidado del ambiente. Como Gobierno Nacional hacemos un llamado a la poblaci\u00f3n para ser m\u00e1s conscientes de las consecuencias negativas causadas por los residuos que cada uno genera. Recordemos que el lugar m\u00e1s hermoso no es el que m\u00e1s limpia, sino el que menos ensucia\u00bb.<\/p>\n<p style=\"text-align: justify;\">Asimismo, la M\u00e1xima Autoridad Ambiental invit\u00f3 a la ciudadan\u00eda a continuar con esta iniciativa en pro de un ambiente sano para todos los seres vivos. \u00abSum\u00e9monos todos al cuidado de las playas, no esperemos encontrar un lugar destruido para actuar, prevengamos la destrucci\u00f3n de nuestro patrimonio natural, mantengamos nuestro Ecuador Limpio\u00bb.<\/p>\n<p style=\"text-align: justify;\">Tras la intervenci\u00f3n de la Ministra Tapia, se efectuaron varias actividades l\u00fadicas y recreativas enfocadas en acciones de conservaci\u00f3n ambiental. Luego de ello, los voluntarios, estudiantes de la Unidad Educativa Manta, Colegio 4 de Noviembre, Colegio 5 de Junio y conscriptos de la Fuerza Naval, entre otras instituciones, recorrieron la playa, recolectando los desechos en saquillos. Para esta actividad, estuvieron equipados con guantes y una ficha para registrar el tipo y la cantidad de basura que luego ser\u00e1 pesada y separada.<\/p>\n<p style=\"text-align: justify;\">Para Gema Verduga, estudiante de 16 a\u00f1os, esta acci\u00f3n es importante porque, adem\u00e1s de limpiar el entorno y evitar la contaminaci\u00f3n de ecosistema marino, es una oportunidad para tomar conciencia y aplicar las buenas pr\u00e1cticas ambientales que el MAE ha fomentado a trav\u00e9s de los programas de educaci\u00f3n ambiental que desarrolla de manera constante.<\/p>\n<p style=\"text-align: justify;\">Con ello coincidi\u00f3 Pamela V\u00e9lez, de 17 a\u00f1os, para quien esta campa\u00f1a deber\u00eda reflejarse en todas acciones de los seres humanos. \u00abInvito a los ni\u00f1os, j\u00f3venes y adultos a unirse a la limpieza de nuestra playa, porque de nosotros depende la vida de los animales y nuestra propia salud\u00bb, manifest\u00f3. La Ministra Tapia tambi\u00e9n particip\u00f3 de la limpieza junto a un grupo de voluntarios del Servicio Civil Ciudadano, en donde encontraron, entre otros desechos, varias colillas de cigarrillos, tapas pl\u00e1sticas, botellas. \u00abCada colilla de cigarrillo contamina 50 litros de agua\u00bb, coment\u00f3 la Ministra a los estudiantes con el fin de crear conciencia en ellos de la importancia de su labor.<\/p>\n<p style=\"text-align: justify;\"><strong>Una actividad emblem\u00e1tica en cinco provincias<\/strong><\/p>\n<p style=\"text-align: justify;\">Eventos similares se realizaron en Las Palmas (Esmeraldas), General Villamil (Guayas), Salinas (Santa Elena), Bajo Alto (El Oro) y Puerto Baquerizo Moreno (Gal\u00e1pagos).<\/p>\n<p style=\"text-align: justify;\">Esta importante fecha se celebra en m\u00e1s de 123 pa\u00edses del mundo. Actualmente, Ecuador ocupa el noveno puesto como pa\u00eds con mayor participaci\u00f3n de voluntarios para la limpieza de playas a nivel internacional, seg\u00fan Ocean Conservancy.<\/p>\n<p style=\"text-align: justify;\">Para este a\u00f1o, pese a que se cubri\u00f3 un mayor n\u00famero de playas, se espera que la cantidad de basura recolectada sea menor a la de 2012 (395 000 unidades de residuos aproximadamente, 43 828 kilos), tomando en cuenta que el MAE ha realizado campa\u00f1as de educaci\u00f3n, concienciaci\u00f3n e informaci\u00f3n sobre la importancia de no arrojar residuos en las playas y de c\u00f3mo el mal manejo de los mismos afecta el ecosistema marino.<\/p>\n<p>&nbsp;<\/p>\n<p style=\"text-align: center;\">&#8212;&#8212;&#8212;&#8212;&#8212;&#8212;&#8212;&#8212;&#8212;&#8212;&#8212;&#8212;&#8212;&#8212;&#8212;&#8212;&#8212;&#8212;&#8212;&#8212;&#8212;&#8212;&#8212;&#8212;&#8212;&#8212;&#8212;&#8212;&#8212;&#8212;&#8212;&#8212;&#8212;&#8212;&#8212;<\/p>\n<p style=\"text-align: center;\"><strong>3 000 voluntarios se unieron a la limpieza de 44 playas en Santa Elena<\/strong><\/p>\n<p style=\"text-align: justify;\">El evento principal de esta jornada se desarroll\u00f3 en la playa de Salinas con la intervenci\u00f3n de Daniel Castillo, Director Provincial de Santa Elena del Ministerio del Ambiente (MAE); Pa\u00fal Borbor, Alcalde de Salinas y el representante de la M\u00e1xima Autoridad Ambiental, Juan Carlos Soria, Subsecretario de Calidad Ambiental.<\/p>\n<p style=\"text-align: justify;\">Luego de ello, los voluntarios de diferentes instituciones educativas, Gobiernos Aut\u00f3nomos Descentralizados (GAD\u00b4s), comunidades y empresa privada, iniciaron las actividades de limpieza.<\/p>\n<p style=\"text-align: justify;\">Para Mar\u00eda Bel\u00e9n, estudiante de 14 a\u00f1os, las personas deben ser conscientes de sus acciones porque los da\u00f1os repercutir\u00e1n en ellos y en las generaciones futuras. \u00abMantener una playa limpia es sentirse orgulloso de conservar la vida en el Ecuador y el mundo\u00bb, manifest\u00f3.<\/p>\n<p style=\"text-align: justify;\">Este a\u00f1o, se han reunido a m\u00e1s de 90 organizaciones y 3 000 voluntarios para realizar esta actividad en 44 playas de la provincia. Hasta el mediod\u00eda, personal del MAE pes\u00f3 500 kilos de basura. La cifra final se tendr\u00e1 a las 17:00.<\/p>\n<p style=\"text-align: center;\">&#8212;&#8212;&#8212;&#8212;&#8212;&#8212;&#8212;&#8212;&#8212;&#8212;&#8212;&#8212;&#8212;&#8212;&#8212;&#8212;&#8212;&#8212;&#8212;&#8212;&#8212;&#8212;&#8212;&#8212;&#8212;&#8212;&#8212;&#8212;&#8212;&#8212;&#8212;&#8212;&#8212;&#8212;&#8212;<\/p>\n<p align=\"center\"><strong>Alrededor de 1 000 voluntarios participaron en la jornada de Limpieza de Playas en Esmeraldas<\/strong><\/p>\n<p style=\"text-align: justify;\">Alrededor de 1 000 voluntarios se reunieron hoy en Las Palmas, ubicada a 10 minutos de la ciudad de Esmeraldas, para celebrar el D\u00eda Internacional de Limpieza de Playas con una jornada de recolecci\u00f3n de basura, labor encabezada por el Ministerio del Ambiente (MAE) y que se replicar\u00e1 a lo largo de toda costa ecuatoriana, en 125 playas del pa\u00eds.<\/p>\n<p style=\"text-align: justify;\">Recoger gran parte de los residuos que se encuentran en las playas y concienciar a la poblaci\u00f3n sobre la importancia de no contaminar estos espacios naturales fueron los objetivos de esta iniciativa, que convoc\u00f3 a m\u00e1s de 3 028 voluntarios en toda la provincia.<\/p>\n<p style=\"text-align: justify;\">En el evento participaron Rafael Lemos, Gobernador de Esmeraldas; Narcisa C\u00e1rdenas, Directora del Ambiente de Esmeraldas y Christian Ter\u00e1n, Subsecretario de Patrimonio Natural del Ministerio del Ambiente (MAE). Adem\u00e1s, asistieron estudiantes de por lo menos 12 unidades educativas de la provincia y varios voluntarios del Servicio Civil Ciudadano.<\/p>\n<p style=\"text-align: justify;\">\u201cLes agradezco en nombre de la Ministra del Ambiente, Lorena Tapia, el venir aqu\u00ed y formar parte de esta excelente labor, que los convierte en Guardianes del Planeta\u201d, expres\u00f3 C\u00e1rdenas, en su discurso de bienvenida, a los estudiantes congregados en el Malec\u00f3n de Las Palmas.<\/p>\n<p style=\"text-align: justify;\">Asimismo, C\u00e1rdenas reconoci\u00f3 el apoyo y la colaboraci\u00f3n de instituciones p\u00fablicas como los Ministerios de Educaci\u00f3n, Turismo, Salud; la Secretar\u00eda Nacional del Agua (Senagua); la Armada Nacional del Ecuador, a trav\u00e9s de la Capitan\u00eda de Puerto; la Polic\u00eda Nacional; Municipios de Esmeraldas y a la Gobernaci\u00f3n de la provincia; por ser parte de esta actividad ambiental.<\/p>\n<p style=\"text-align: justify;\">Los voluntarios, luego del acto inaugural, en el que se realizaron concursos y din\u00e1micas dirigidas a concienciar sobre la contaminaci\u00f3n y el da\u00f1o ambiental que provoca el botar basura en las playas, iniciaron el recorrido de limpieza. Se distribuyeron en grupos y empezaron la jornada de recolecci\u00f3n de desechos, utilizando para ello, guantes y una ficha en la que se registraban los desechos encontrados. Entre los principales se hallaron botellas, vasos, tillos, colillas de cigarrillo y pedazos de redes, entre otros.<\/p>\n<p style=\"text-align: justify;\">\u201cLa gente debe saber que botar basura no solo afecta a los animales, sino a todas las personas que vivimos aqu\u00ed\u201d, afirm\u00f3 Bryan Solis, estudiante del Colegio San Rafael.<\/p>\n<p style=\"text-align: justify;\">Las playas son un recurso natural muy valioso que se debe conservar. Por esta raz\u00f3n, el MAE realiza constantemente campa\u00f1as de educaci\u00f3n, concienciaci\u00f3n e informaci\u00f3n sobre la importancia de no arrojar residuos en las playas y de c\u00f3mo el mal manejo de los mismos ha afectado el ecosistema marino y al ornato de la ciudad.<\/p>\n<p style=\"text-align: justify;\">\u201cEsperamos que hoy, se recoja una menor cantidad de desechos que el a\u00f1o pasado, gracias al trabajo articulado\u201d, asever\u00f3 C\u00e1rdenas.<\/p>\n<p style=\"text-align: justify;\">\u00a0Finalmente, la Titular del Ambiente en Esmeraldas felicit\u00f3 la participaci\u00f3n concurrida de los voluntarios este a\u00f1o. \u201cCada uno de ustedes es parte fundamental de esta labor, que emprende a\u00f1o a a\u00f1o el MAE por un Ecuador Limpio, pero que sin su ayuda no ser\u00eda posible\u201d, mencion\u00f3 la Directora del Ambiente.<\/p>\n<p style=\"text-align: center;\">\u00a0&#8212;&#8212;&#8212;&#8212;&#8212;&#8212;&#8212;&#8212;&#8212;&#8212;&#8212;&#8212;&#8212;&#8212;&#8212;&#8212;&#8212;&#8212;&#8212;&#8212;&#8212;&#8212;&#8212;&#8212;&#8212;&#8212;&#8212;&#8212;&#8212;&#8212;&#8212;&#8212;&#8212;&#8212;&#8212;<\/p>\n<p align=\"center\"><strong>200 voluntarios participaron en la jornada de Limpieza de Playas en El Oro<\/strong><\/p>\n<p style=\"text-align: justify;\">Hoy, 21 de septiembre, el Ministerio del Ambiente (MAE) junto con el Ministerio de Turismo, el Ministerio de Salud P\u00fablica, el Ministerio de Deporte, la Marina y gobiernos seccionales, conmemoraron el D\u00eda Internacional de Limpieza de Playas en Bajo Alto, provincia de El Oro.<\/p>\n<p style=\"text-align: justify;\">La jornada se dio inicio con un desfile donde participaron aproximadamente 200 voluntarios entre j\u00f3venes y ni\u00f1os, que parti\u00f3 desde la Escuela de Educaci\u00f3n B\u00e1sica Jambel\u00ed hasta el malec\u00f3n de la playa de Bajo Alto, misma que fue encabezada por el Director Provincial del Ministerio del Ambiente y autoridades locales.<\/p>\n<p style=\"text-align: justify;\">Se cont\u00f3 con la participaci\u00f3n de las autoridades: Bol\u00edvar M\u00e1rquez Zagal Vicealcalde del Cant\u00f3n El Guabo, Carlos Zambrano Gobernador de El Oro, Roberto Marcos Director Provincial del Ambiente de El Oro, Eduardo Noboa Subsecretario de Cambio Clim\u00e1tico, Hugo A\u00f1asco Director de la Secretar\u00eda de Gesti\u00f3n Ambiental, Diego Cede\u00f1o Jarre Capit\u00e1n de Puerto y Jocelyn Medina Directora de Turismo.<\/p>\n<p style=\"text-align: justify;\">Roberto Marcos en su intervenci\u00f3n manifest\u00f3 \u201cAqu\u00ed existe uni\u00f3n para poder empezar a sacar adelante esta comuna y concienciar sobre la limpieza de playas que es cada vez m\u00e1s grande\u201d, tambi\u00e9n dijo que la capacitaci\u00f3n impartida fue un \u00e9xito ya que se logr\u00f3 sensibilizar a m\u00e1s de mil j\u00f3venes en el tema de limpieza de playas.<\/p>\n<p style=\"text-align: justify;\">Los j\u00f3venes de la localidad participaron con entusiasmo en la jornada de recolecci\u00f3n de desechos. Uno de ellos, mientras recolectaba los desechos, indic\u00f3: \u201cDebemos mantener limpias nuestras playas porque nosotros hacemos uso de ellas. Son nuestro h\u00e1bitat y no podemos permitir que se ensucien.\u201d<\/p>\n<p style=\"text-align: justify;\">Las playas son un recurso natural que se deben conservar. Manteng\u00e1moslas limpias por un Ecuador Limpio.<\/p>\n<p style=\"text-align: center;\">&#8212;&#8212;&#8212;&#8212;&#8212;&#8212;&#8212;&#8212;&#8212;&#8212;&#8212;&#8212;&#8212;&#8212;&#8212;&#8212;&#8212;&#8212;&#8212;&#8212;&#8212;&#8212;&#8212;&#8212;&#8212;&#8212;&#8212;&#8212;&#8212;&#8212;&#8212;&#8212;&#8212;&#8212;&#8212;&#8212;&#8212;&#8212;-<\/p>\n<p style=\"text-align: center;\"><strong>40 mil kilos de residuos se recolectaron en la costa y regi\u00f3n insular del Ecuador, seg\u00fan cifras preliminares<\/strong><\/p>\n<p style=\"text-align: justify;\">Seg\u00fan cifras preliminares, alrededor de 40 mil kilos de residuos fueron recogidas hoy, en 125 playas de Esmeraldas, Manab\u00ed, Guayas, Santa Elena, El Oro y Gal\u00e1pagos, como parte de la jornada de recolecci\u00f3n en conmemoraci\u00f3n del D\u00eda Internacional de Limpieza de Playas, liderada por el Ministerio del Ambiente del Ecuador (MAE). A lo largo de la semana, se contabilizar\u00e1 el total de los residuos acopiados.<\/p>\n<p style=\"text-align: justify;\">Este a\u00f1o se cubri\u00f3 una distancia de 173 km de playas. As\u00ed, en la provincia de Santa Elena, se acopiaron 14 667 Kg de residuos; en Guayas, 7 484 Kg; en Manab\u00ed, 4 430; en El Oro, 1727 Kg; en Esmeraldas, 6 212 Kg; y Gal\u00e1pagos, 5 502 Kg.<\/p>\n<p style=\"text-align: justify;\">Adem\u00e1s, se logr\u00f3 la participaci\u00f3n de 54 voluntarios por kil\u00f3metro cuadrado. Es decir, 26% m\u00e1s que el \u00edndice del 2012. Estos datos son significativos porque la participaci\u00f3n de la comunidad refleja una mayor conciencia y compromiso con la limpieza y protecci\u00f3n de la naturaleza. Es decir, es un resultado positivo de las labores realizadas en los diferentes programas y acciones del MAE a trav\u00e9s de sus Direcciones Provinciales.<\/p>\n<p style=\"text-align: justify;\">En Manab\u00ed, en la playa de El Murci\u00e9lago (Manta), se efectu\u00f3 el evento principal, en el que particip\u00f3 la Ministra del Ambiente, Lorena Tapia, y otras autoridades locales. A las 9:00, la Titular de la Cartera de Ambiente dio la bienvenida y agradeci\u00f3 la participaci\u00f3n de los voluntarios. \u201cHoy es un d\u00eda muy importante, a\u00f1o tras a\u00f1o, hemos trabajado junto con ustedes para tomar conciencia de la importancia del cuidado del ambiente. Como Gobierno Nacional hacemos un llamado a la poblaci\u00f3n para ser m\u00e1s conscientes de las consecuencias negativas causadas por los residuos que cada uno genera. Recordemos que el lugar m\u00e1s hermoso no es el que m\u00e1s limpia, sino el que menos ensucia\u201d.<\/p>\n<p style=\"text-align: justify;\">El MAE aprovech\u00f3 la jornada de limpieza para difundir, a la poblaci\u00f3n y a los turistas, mensajes de concienciaci\u00f3n en cuanto a la separaci\u00f3n de desechos antes de su disposici\u00f3n final. Esto, con la finalidad de disminuir los niveles de desechos que se convierten en contaminaci\u00f3n.<\/p>\n<p style=\"text-align: justify;\">Esta importante fecha se celebra en m\u00e1s de 123 pa\u00edses del mundo. Actualmente, Ecuador ocupa el noveno puesto como pa\u00eds con mayor participaci\u00f3n de voluntarios para la limpieza de playas a nivel internacional, seg\u00fan Ocean Conservancy.<\/p>\n","protected":false},"excerpt":{"rendered":"<p class=\"excerpt\">El pr\u00f3ximo 21 de septiembre se conmemora el D\u00eda Internacional de Limpieza de Playas, iniciativa en la que participa el Ecuador, a trav\u00e9s del Ministerio del Ambiente (MAE), instituci\u00f3n que lidera este proceso a nivel nacional, desde el 2010. El objetivo del evento es recoger los residuos que se encuentran en las playas, alcanzar la mayor cantidad de voluntarios y&hellip; <a href=\"https:\/\/www.ambienteyenergia.gob.ec\/ambiente\/dia-internacional-de-limpieza-de-playas\/\">Read more &rarr;<\/a><\/p>\n","protected":false},"author":13,"featured_media":15172,"comment_status":"open","ping_status":"open","sticky":false,"template":"","format":"standard","meta":{"footnotes":""},"categories":[16,4],"tags":[],"class_list":["post-15171","post","type-post","status-publish","format-standard","has-post-thumbnail","hentry","category-comunicamos","category-noticias","xfolkentry"],"_links":{"self":[{"href":"https:\/\/www.ambienteyenergia.gob.ec\/ambiente\/wp-json\/wp\/v2\/posts\/15171","targetHints":{"allow":["GET"]}}],"collection":[{"href":"https:\/\/www.ambienteyenergia.gob.ec\/ambiente\/wp-json\/wp\/v2\/posts"}],"about":[{"href":"https:\/\/www.ambienteyenergia.gob.ec\/ambiente\/wp-json\/wp\/v2\/types\/post"}],"author":[{"embeddable":true,"href":"https:\/\/www.ambienteyenergia.gob.ec\/ambiente\/wp-json\/wp\/v2\/users\/13"}],"replies":[{"embeddable":true,"href":"https:\/\/www.ambienteyenergia.gob.ec\/ambiente\/wp-json\/wp\/v2\/comments?post=15171"}],"version-history":[{"count":0,"href":"https:\/\/www.ambienteyenergia.gob.ec\/ambiente\/wp-json\/wp\/v2\/posts\/15171\/revisions"}],"wp:featuredmedia":[{"embeddable":true,"href":"https:\/\/www.ambienteyenergia.gob.ec\/ambiente\/wp-json\/wp\/v2\/media\/15172"}],"wp:attachment":[{"href":"https:\/\/www.ambienteyenergia.gob.ec\/ambiente\/wp-json\/wp\/v2\/media?parent=15171"}],"wp:term":[{"taxonomy":"category","embeddable":true,"href":"https:\/\/www.ambienteyenergia.gob.ec\/ambiente\/wp-json\/wp\/v2\/categories?post=15171"},{"taxonomy":"post_tag","embeddable":true,"href":"https:\/\/www.ambienteyenergia.gob.ec\/ambiente\/wp-json\/wp\/v2\/tags?post=15171"}],"curies":[{"name":"wp","href":"https:\/\/api.w.org\/{rel}","templated":true}]}}