{"id":15166,"date":"2013-09-17T09:18:54","date_gmt":"2013-09-17T14:18:54","guid":{"rendered":"http:\/\/www.ambiente.gob.ec\/?p=15166"},"modified":"2013-09-17T09:18:54","modified_gmt":"2013-09-17T14:18:54","slug":"la-dpng-y-el-pnsng-intercambiaron-experiencias-en-manejo-de-areas-protegidas","status":"publish","type":"post","link":"https:\/\/www.ambienteyenergia.gob.ec\/ambiente\/la-dpng-y-el-pnsng-intercambiaron-experiencias-en-manejo-de-areas-protegidas\/","title":{"rendered":"La DPNG y el PNSNG intercambiaron experiencias en manejo de \u00e1reas protegidas"},"content":{"rendered":"<p style=\"text-align: justify;\"><strong>A trav\u00e9s de talleres y visitas de campo los guardaparques analizaron temas como zonificaci\u00f3n, uso p\u00fablico y educaci\u00f3n ambiental en Reservas de Bi\u00f3sfera. \u00a0 \u00a0 \u00a0 \u00a0 \u00a0 \u00a0 \u00a0 \u00a0 \u00a0 \u00a0<\/strong><\/p>\n<p style=\"text-align: justify;\"><strong><\/strong>La Direcci\u00f3n del Parque Nacional Gal\u00e1pagos (DPNG) y el Parque Nacional Sumaco Napo Galeras (PNSNG) realizaron un intercambio de experiencias, relacionadas con el manejo de las \u00e1reas protegidas declaradas Reservas de la Bi\u00f3sfera, reconocimiento con el que cuentan ambas \u00e1reas naturales.<\/p>\n<p style=\"text-align: justify;\">Un grupo de 21 guardaparques del PNSNG visit\u00f3 el archipi\u00e9lago, como parte de los programas de intercambio de experiencias entre diferentes \u00e1reas protegidas, que son financiados por el Fondo Ambiental Nacional (FAN).<\/p>\n<p style=\"text-align: justify;\">La delegaci\u00f3n del PNSNG estuvo liderada por su Director Juan Pablo Cede\u00f1o que, entre las actividades, recibi\u00f3 la bienvenida del Director del PNG, Arturo Izurieta Valery, con quien comparti\u00f3 detalles de este intercambio.<\/p>\n<p style=\"text-align: justify;\">Durante tres d\u00edas, el personal de las dos \u00e1reas protegidas analiz\u00f3 las experiencias de manejo en ambos parques nacionales, a trav\u00e9s de un taller en el que se abordaron temas como la zonificaci\u00f3n, uso p\u00fablico y comunicaci\u00f3n, educaci\u00f3n y participaci\u00f3n ambiental.<\/p>\n<p style=\"text-align: justify;\">Los guardaparques del PNSNG tambi\u00e9n realizaron visitas de campo, tanto en el \u00e1rea terrestre como la Reserva Marina de Gal\u00e1pagos, donde observaron demostraciones de los controles de especies de flora y fauna invasoras.<\/p>\n<p style=\"text-align: justify;\">Estas actividades permiten analizar y compartir las acciones de manejo, tanto en materia de control de especies invasoras como de conservaci\u00f3n de especies nativas y end\u00e9micas presentes en estas \u00e1reas que son Reservas de la Bi\u00f3sfera.<\/p>\n<p style=\"text-align: justify;\">\u00a0\u00a0<a href=\"http:\/\/www.ambienteyenergia.gob.ec\/ambiente\/wp-content\/uploads\/2013\/09\/Boletin-1.jpg\"><img loading=\"lazy\" decoding=\"async\" class=\"aligncenter size-full wp-image-15168\" title=\"\tLa DPNG y el PNSNG intercambiaron experiencias en manejo de \u00e1reas protegidas\" src=\"http:\/\/www.ambienteyenergia.gob.ec\/ambiente\/wp-content\/uploads\/2013\/09\/Boletin-1.jpg\" alt=\"\" width=\"650\" height=\"321\" srcset=\"https:\/\/www.ambienteyenergia.gob.ec\/ambiente\/wp-content\/uploads\/sites\/2\/2013\/09\/Boletin-1.jpg 650w, https:\/\/www.ambienteyenergia.gob.ec\/ambiente\/wp-content\/uploads\/sites\/2\/2013\/09\/Boletin-1-300x148.jpg 300w, https:\/\/www.ambienteyenergia.gob.ec\/ambiente\/wp-content\/uploads\/sites\/2\/2013\/09\/Boletin-1-500x246.jpg 500w\" sizes=\"auto, (max-width: 650px) 100vw, 650px\" \/><\/a><\/p>\n","protected":false},"excerpt":{"rendered":"<p class=\"excerpt\">A trav\u00e9s de talleres y visitas de campo los guardaparques analizaron temas como zonificaci\u00f3n, uso p\u00fablico y educaci\u00f3n ambiental en Reservas de Bi\u00f3sfera. \u00a0 \u00a0 \u00a0 \u00a0 \u00a0 \u00a0 \u00a0 \u00a0 \u00a0 \u00a0 La Direcci\u00f3n del Parque Nacional Gal\u00e1pagos (DPNG) y el Parque Nacional Sumaco Napo Galeras (PNSNG) realizaron un intercambio de experiencias, relacionadas con el manejo de las \u00e1reas&hellip; <a href=\"https:\/\/www.ambienteyenergia.gob.ec\/ambiente\/la-dpng-y-el-pnsng-intercambiaron-experiencias-en-manejo-de-areas-protegidas\/\">Read more &rarr;<\/a><\/p>\n","protected":false},"author":13,"featured_media":15167,"comment_status":"open","ping_status":"open","sticky":false,"template":"","format":"standard","meta":{"footnotes":""},"categories":[16,4],"tags":[],"class_list":["post-15166","post","type-post","status-publish","format-standard","has-post-thumbnail","hentry","category-comunicamos","category-noticias","xfolkentry"],"_links":{"self":[{"href":"https:\/\/www.ambienteyenergia.gob.ec\/ambiente\/wp-json\/wp\/v2\/posts\/15166","targetHints":{"allow":["GET"]}}],"collection":[{"href":"https:\/\/www.ambienteyenergia.gob.ec\/ambiente\/wp-json\/wp\/v2\/posts"}],"about":[{"href":"https:\/\/www.ambienteyenergia.gob.ec\/ambiente\/wp-json\/wp\/v2\/types\/post"}],"author":[{"embeddable":true,"href":"https:\/\/www.ambienteyenergia.gob.ec\/ambiente\/wp-json\/wp\/v2\/users\/13"}],"replies":[{"embeddable":true,"href":"https:\/\/www.ambienteyenergia.gob.ec\/ambiente\/wp-json\/wp\/v2\/comments?post=15166"}],"version-history":[{"count":0,"href":"https:\/\/www.ambienteyenergia.gob.ec\/ambiente\/wp-json\/wp\/v2\/posts\/15166\/revisions"}],"wp:featuredmedia":[{"embeddable":true,"href":"https:\/\/www.ambienteyenergia.gob.ec\/ambiente\/wp-json\/wp\/v2\/media\/15167"}],"wp:attachment":[{"href":"https:\/\/www.ambienteyenergia.gob.ec\/ambiente\/wp-json\/wp\/v2\/media?parent=15166"}],"wp:term":[{"taxonomy":"category","embeddable":true,"href":"https:\/\/www.ambienteyenergia.gob.ec\/ambiente\/wp-json\/wp\/v2\/categories?post=15166"},{"taxonomy":"post_tag","embeddable":true,"href":"https:\/\/www.ambienteyenergia.gob.ec\/ambiente\/wp-json\/wp\/v2\/tags?post=15166"}],"curies":[{"name":"wp","href":"https:\/\/api.w.org\/{rel}","templated":true}]}}