{"id":15163,"date":"2013-09-16T16:46:23","date_gmt":"2013-09-16T21:46:23","guid":{"rendered":"http:\/\/www.ambiente.gob.ec\/?p=15163"},"modified":"2013-09-16T16:46:23","modified_gmt":"2013-09-16T21:46:23","slug":"mae-participo-en-ii-expo-feria-productiva-nuestra-tierra-nuestra-gente-chimborazo","status":"publish","type":"post","link":"https:\/\/www.ambienteyenergia.gob.ec\/ambiente\/mae-participo-en-ii-expo-feria-productiva-nuestra-tierra-nuestra-gente-chimborazo\/","title":{"rendered":"MAE particip\u00f3 en II Expo-Feria Productiva \u201cNuestra Tierra- Nuestra Gente\u201d (Chimborazo)"},"content":{"rendered":"<p style=\"text-align: justify;\">El Ministerio del Ambiente (MAE), a trav\u00e9s de su Direcci\u00f3n Provincial en Chimborazo, particip\u00f3 en la II Expo-Feria Productiva \u201cNuestra Tierra- Nuestra Gente\u201d realizada en el cant\u00f3n Cumand\u00e1, del 13 al 15 de septiembre, con motivo de celebrar sus fiestas patronales.<\/p>\n<p style=\"text-align: justify;\">Alrededor de 100 stands dieron a conocer su cultura, tradiciones, artesan\u00edas, actividades tur\u00edsticas, sin dejar de lado el tema ambiental, parte fundamental para el crecimiento productivo de los pueblos.<\/p>\n<p style=\"text-align: justify;\">La Direcci\u00f3n Provincial del Ambiente de Chimborazo en su stand socializ\u00f3 temas relacionados con la gesti\u00f3n en las \u00e1reas protegidas, informado sobre las normas de visita y las diferentes actividades permitidas en estas zonas.<\/p>\n<p style=\"text-align: justify;\">Socio Bosque, uno de los programas emblem\u00e1ticos del MAE, fue uno de los puntos de inter\u00e9s de quienes acud\u00edan al stand del MAE. Luego de la exposici\u00f3n, se obsequi\u00f3 material promocional e informativo, as\u00ed como tambi\u00e9n, plantas nativas adaptables a la zona con el objetivo de crear conciencia de conservaci\u00f3n con la siembra de estas especies.<\/p>\n<p style=\"text-align: justify;\">Hern\u00e1n Vique, Alcalde del GAD de Cumand\u00e1 agradeci\u00f3 la participaci\u00f3n del Ministerio del Ambiente y se comprometi\u00f3 a seguir trabajando en actividades de cuidado y protecci\u00f3n ambiental en este importante cant\u00f3n del subtr\u00f3pico ecuatoriano.<\/p>\n<p style=\"text-align: justify;\">\n","protected":false},"excerpt":{"rendered":"<p class=\"excerpt\">El Ministerio del Ambiente (MAE), a trav\u00e9s de su Direcci\u00f3n Provincial en Chimborazo, particip\u00f3 en la II Expo-Feria Productiva \u201cNuestra Tierra- Nuestra Gente\u201d realizada en el cant\u00f3n Cumand\u00e1, del 13 al 15 de septiembre, con motivo de celebrar sus fiestas patronales. Alrededor de 100 stands dieron a conocer su cultura, tradiciones, artesan\u00edas, actividades tur\u00edsticas, sin dejar de lado el tema&hellip; <a href=\"https:\/\/www.ambienteyenergia.gob.ec\/ambiente\/mae-participo-en-ii-expo-feria-productiva-nuestra-tierra-nuestra-gente-chimborazo\/\">Read more &rarr;<\/a><\/p>\n","protected":false},"author":13,"featured_media":15164,"comment_status":"open","ping_status":"open","sticky":false,"template":"","format":"standard","meta":{"footnotes":""},"categories":[16,4],"tags":[],"class_list":["post-15163","post","type-post","status-publish","format-standard","has-post-thumbnail","hentry","category-comunicamos","category-noticias","xfolkentry"],"_links":{"self":[{"href":"https:\/\/www.ambienteyenergia.gob.ec\/ambiente\/wp-json\/wp\/v2\/posts\/15163","targetHints":{"allow":["GET"]}}],"collection":[{"href":"https:\/\/www.ambienteyenergia.gob.ec\/ambiente\/wp-json\/wp\/v2\/posts"}],"about":[{"href":"https:\/\/www.ambienteyenergia.gob.ec\/ambiente\/wp-json\/wp\/v2\/types\/post"}],"author":[{"embeddable":true,"href":"https:\/\/www.ambienteyenergia.gob.ec\/ambiente\/wp-json\/wp\/v2\/users\/13"}],"replies":[{"embeddable":true,"href":"https:\/\/www.ambienteyenergia.gob.ec\/ambiente\/wp-json\/wp\/v2\/comments?post=15163"}],"version-history":[{"count":0,"href":"https:\/\/www.ambienteyenergia.gob.ec\/ambiente\/wp-json\/wp\/v2\/posts\/15163\/revisions"}],"wp:featuredmedia":[{"embeddable":true,"href":"https:\/\/www.ambienteyenergia.gob.ec\/ambiente\/wp-json\/wp\/v2\/media\/15164"}],"wp:attachment":[{"href":"https:\/\/www.ambienteyenergia.gob.ec\/ambiente\/wp-json\/wp\/v2\/media?parent=15163"}],"wp:term":[{"taxonomy":"category","embeddable":true,"href":"https:\/\/www.ambienteyenergia.gob.ec\/ambiente\/wp-json\/wp\/v2\/categories?post=15163"},{"taxonomy":"post_tag","embeddable":true,"href":"https:\/\/www.ambienteyenergia.gob.ec\/ambiente\/wp-json\/wp\/v2\/tags?post=15163"}],"curies":[{"name":"wp","href":"https:\/\/api.w.org\/{rel}","templated":true}]}}