{"id":15154,"date":"2013-09-16T14:43:04","date_gmt":"2013-09-16T19:43:04","guid":{"rendered":"http:\/\/www.ambiente.gob.ec\/?p=15154"},"modified":"2013-09-16T14:43:04","modified_gmt":"2013-09-16T19:43:04","slug":"mas-de-100-personas-participaron-en-la-limpieza-del-cerro-casigana-como-parte-de-la-campana-no-quemes-la-vida-tungurahua","status":"publish","type":"post","link":"https:\/\/www.ambienteyenergia.gob.ec\/ambiente\/mas-de-100-personas-participaron-en-la-limpieza-del-cerro-casigana-como-parte-de-la-campana-no-quemes-la-vida-tungurahua\/","title":{"rendered":"M\u00e1s de 100 personas participaron en la limpieza del Cerro Casigana como parte de la campa\u00f1a &#8216;No quemes la vida&#8217; (Tungurahua)"},"content":{"rendered":"<p style=\"text-align: justify;\">El Ministerio del Ambiente (MAE), en coordinaci\u00f3n con la Secretar\u00eda T\u00e9cnica de Gesti\u00f3n de Riesgos y la Gobernaci\u00f3n de Tungurahua, inici\u00f3 la campa\u00f1a de concientizaci\u00f3n y prevenci\u00f3n de incendios forestales, con una minga de limpieza en el Bosque Protector del Cerro Casigana, ubicado al occidente de la ciudad de Ambato, el pasado 14 de septiembre.<\/p>\n<p style=\"text-align: justify;\">Con el apoyo de la Escuela de Formaci\u00f3n de Soldados \u201cVENCEDORES DEL CENEPA\u201d, el grupo de j\u00f3venes SCOUT, la Unidad Educativa Particular Indoam\u00e9rica, la Polic\u00eda Nacional y la Cruz Roja, colaboraron en esta iniciativa que ten\u00eda como objetivo recoger toda la basura de la zona, especialmente, material que pueda provocar incendios forestales.<\/p>\n<p style=\"text-align: justify;\">Bajo el lema de la campa\u00f1a \u00abNo quemes la vida\u00bb, m\u00e1s de 100 personas recogieron botellas de vidrio, pl\u00e1stico y m\u00e1s basura que se encontraba en el cerro. Los voluntarios organizados en varios equipos descendieron por las laderas dejando limpio el lugar.<\/p>\n<p style=\"text-align: justify;\">Lira Villalva, Gobernadora de la Provincia de Tungurahua felicit\u00f3 a los j\u00f3venes y funcionarios quienes participaron en la minga de limpieza e hizo un llamado de atenci\u00f3n a la poblaci\u00f3n para que tomen conciencia del da\u00f1o que ocasionan al ambiente cuando provocan un incendio.<\/p>\n<p style=\"text-align: justify;\">Al finalizar la minga de limpieza se llenaron m\u00e1s de 50 sacos de yute con botellas y basura, algunas de ellas fueron entregadas a los gestores ambientales y los otros sacos se los transport\u00f3 en dos camionetas al relleno sanitario de la ciudad de Ambato.<\/p>\n<p style=\"text-align: justify;\">El Ministerio del Ambiente continuar\u00e1 la campa\u00f1a de limpieza en otras zonas de la provincia para prevenir incendios forestales.<\/p>\n<div id='gallery-1' class='gallery galleryid-15154 gallery-columns-4 gallery-size-thumbnail'><dl class='gallery-item'>\n\t\t\t<dt class='gallery-icon landscape'>\n\t\t\t\t<a href='https:\/\/www.ambienteyenergia.gob.ec\/ambiente\/mas-de-100-personas-participaron-en-la-limpieza-del-cerro-casigana-como-parte-de-la-campana-no-quemes-la-vida-tungurahua\/1239587_359804114151908_1079260458_n\/'><img loading=\"lazy\" decoding=\"async\" width=\"150\" height=\"150\" src=\"https:\/\/www.ambienteyenergia.gob.ec\/ambiente\/wp-content\/uploads\/sites\/2\/2013\/09\/1239587_359804114151908_1079260458_n-150x150.jpg\" class=\"attachment-thumbnail size-thumbnail\" alt=\"\" \/><\/a>\n\t\t\t<\/dt><\/dl><dl class='gallery-item'>\n\t\t\t<dt class='gallery-icon landscape'>\n\t\t\t\t<a href='https:\/\/www.ambienteyenergia.gob.ec\/ambiente\/mas-de-100-personas-participaron-en-la-limpieza-del-cerro-casigana-como-parte-de-la-campana-no-quemes-la-vida-tungurahua\/1234667_359804084151911_1301075268_n\/'><img loading=\"lazy\" decoding=\"async\" width=\"150\" height=\"150\" src=\"https:\/\/www.ambienteyenergia.gob.ec\/ambiente\/wp-content\/uploads\/sites\/2\/2013\/09\/1234667_359804084151911_1301075268_n-150x150.jpg\" class=\"attachment-thumbnail size-thumbnail\" alt=\"\" \/><\/a>\n\t\t\t<\/dt><\/dl><dl class='gallery-item'>\n\t\t\t<dt class='gallery-icon landscape'>\n\t\t\t\t<a href='https:\/\/www.ambienteyenergia.gob.ec\/ambiente\/mas-de-100-personas-participaron-en-la-limpieza-del-cerro-casigana-como-parte-de-la-campana-no-quemes-la-vida-tungurahua\/1235291_359804414151878_208188365_n\/'><img loading=\"lazy\" decoding=\"async\" width=\"150\" height=\"150\" src=\"https:\/\/www.ambienteyenergia.gob.ec\/ambiente\/wp-content\/uploads\/sites\/2\/2013\/09\/1235291_359804414151878_208188365_n-150x150.jpg\" class=\"attachment-thumbnail size-thumbnail\" alt=\"\" \/><\/a>\n\t\t\t<\/dt><\/dl><dl class='gallery-item'>\n\t\t\t<dt class='gallery-icon landscape'>\n\t\t\t\t<a href='https:\/\/www.ambienteyenergia.gob.ec\/ambiente\/mas-de-100-personas-participaron-en-la-limpieza-del-cerro-casigana-como-parte-de-la-campana-no-quemes-la-vida-tungurahua\/1235409_359804070818579_960817988_n\/'><img loading=\"lazy\" decoding=\"async\" width=\"150\" height=\"150\" src=\"https:\/\/www.ambienteyenergia.gob.ec\/ambiente\/wp-content\/uploads\/sites\/2\/2013\/09\/1235409_359804070818579_960817988_n-150x150.jpg\" class=\"attachment-thumbnail size-thumbnail\" alt=\"\" \/><\/a>\n\t\t\t<\/dt><\/dl><br style=\"clear: both\" \/><dl class='gallery-item'>\n\t\t\t<dt class='gallery-icon landscape'>\n\t\t\t\t<a href='https:\/\/www.ambienteyenergia.gob.ec\/ambiente\/mas-de-100-personas-participaron-en-la-limpieza-del-cerro-casigana-como-parte-de-la-campana-no-quemes-la-vida-tungurahua\/1236060_359804384151881_818740817_n\/'><img loading=\"lazy\" decoding=\"async\" width=\"150\" height=\"150\" src=\"https:\/\/www.ambienteyenergia.gob.ec\/ambiente\/wp-content\/uploads\/sites\/2\/2013\/09\/1236060_359804384151881_818740817_n-150x150.jpg\" class=\"attachment-thumbnail size-thumbnail\" alt=\"\" \/><\/a>\n\t\t\t<\/dt><\/dl><dl class='gallery-item'>\n\t\t\t<dt class='gallery-icon landscape'>\n\t\t\t\t<a href='https:\/\/www.ambienteyenergia.gob.ec\/ambiente\/mas-de-100-personas-participaron-en-la-limpieza-del-cerro-casigana-como-parte-de-la-campana-no-quemes-la-vida-tungurahua\/1236118_359804334151886_1097557491_n\/'><img loading=\"lazy\" decoding=\"async\" width=\"150\" height=\"150\" src=\"https:\/\/www.ambienteyenergia.gob.ec\/ambiente\/wp-content\/uploads\/sites\/2\/2013\/09\/1236118_359804334151886_1097557491_n-150x150.jpg\" class=\"attachment-thumbnail size-thumbnail\" alt=\"\" \/><\/a>\n\t\t\t<\/dt><\/dl><dl class='gallery-item'>\n\t\t\t<dt class='gallery-icon landscape'>\n\t\t\t\t<a href='https:\/\/www.ambienteyenergia.gob.ec\/ambiente\/mas-de-100-personas-participaron-en-la-limpieza-del-cerro-casigana-como-parte-de-la-campana-no-quemes-la-vida-tungurahua\/76084_359804207485232_1145070877_n\/'><img loading=\"lazy\" decoding=\"async\" width=\"150\" height=\"150\" src=\"https:\/\/www.ambienteyenergia.gob.ec\/ambiente\/wp-content\/uploads\/sites\/2\/2013\/09\/76084_359804207485232_1145070877_n-150x150.jpg\" class=\"attachment-thumbnail size-thumbnail\" alt=\"\" \/><\/a>\n\t\t\t<\/dt><\/dl>\n\t\t\t<br style='clear: both' \/>\n\t\t<\/div>\n\n","protected":false},"excerpt":{"rendered":"<p class=\"excerpt\">El Ministerio del Ambiente (MAE), en coordinaci\u00f3n con la Secretar\u00eda T\u00e9cnica de Gesti\u00f3n de Riesgos y la Gobernaci\u00f3n de Tungurahua, inici\u00f3 la campa\u00f1a de concientizaci\u00f3n y prevenci\u00f3n de incendios forestales, con una minga de limpieza en el Bosque Protector del Cerro Casigana, ubicado al occidente de la ciudad de Ambato, el pasado 14 de septiembre. Con el apoyo de la&hellip; <a href=\"https:\/\/www.ambienteyenergia.gob.ec\/ambiente\/mas-de-100-personas-participaron-en-la-limpieza-del-cerro-casigana-como-parte-de-la-campana-no-quemes-la-vida-tungurahua\/\">Read more &rarr;<\/a><\/p>\n","protected":false},"author":13,"featured_media":15155,"comment_status":"open","ping_status":"open","sticky":false,"template":"","format":"standard","meta":{"footnotes":""},"categories":[16,4],"tags":[],"class_list":["post-15154","post","type-post","status-publish","format-standard","has-post-thumbnail","hentry","category-comunicamos","category-noticias","xfolkentry"],"_links":{"self":[{"href":"https:\/\/www.ambienteyenergia.gob.ec\/ambiente\/wp-json\/wp\/v2\/posts\/15154","targetHints":{"allow":["GET"]}}],"collection":[{"href":"https:\/\/www.ambienteyenergia.gob.ec\/ambiente\/wp-json\/wp\/v2\/posts"}],"about":[{"href":"https:\/\/www.ambienteyenergia.gob.ec\/ambiente\/wp-json\/wp\/v2\/types\/post"}],"author":[{"embeddable":true,"href":"https:\/\/www.ambienteyenergia.gob.ec\/ambiente\/wp-json\/wp\/v2\/users\/13"}],"replies":[{"embeddable":true,"href":"https:\/\/www.ambienteyenergia.gob.ec\/ambiente\/wp-json\/wp\/v2\/comments?post=15154"}],"version-history":[{"count":0,"href":"https:\/\/www.ambienteyenergia.gob.ec\/ambiente\/wp-json\/wp\/v2\/posts\/15154\/revisions"}],"wp:featuredmedia":[{"embeddable":true,"href":"https:\/\/www.ambienteyenergia.gob.ec\/ambiente\/wp-json\/wp\/v2\/media\/15155"}],"wp:attachment":[{"href":"https:\/\/www.ambienteyenergia.gob.ec\/ambiente\/wp-json\/wp\/v2\/media?parent=15154"}],"wp:term":[{"taxonomy":"category","embeddable":true,"href":"https:\/\/www.ambienteyenergia.gob.ec\/ambiente\/wp-json\/wp\/v2\/categories?post=15154"},{"taxonomy":"post_tag","embeddable":true,"href":"https:\/\/www.ambienteyenergia.gob.ec\/ambiente\/wp-json\/wp\/v2\/tags?post=15154"}],"curies":[{"name":"wp","href":"https:\/\/api.w.org\/{rel}","templated":true}]}}