{"id":15145,"date":"2013-09-16T11:26:00","date_gmt":"2013-09-16T16:26:00","guid":{"rendered":"http:\/\/www.ambiente.gob.ec\/?p=15145"},"modified":"2013-09-17T19:40:16","modified_gmt":"2013-09-18T00:40:16","slug":"un-dia-para-concientizarnos-sobre-la-preservacion-de-la-capa-de-ozono","status":"publish","type":"post","link":"https:\/\/www.ambienteyenergia.gob.ec\/ambiente\/un-dia-para-concientizarnos-sobre-la-preservacion-de-la-capa-de-ozono\/","title":{"rendered":"Un d\u00eda para concientizarnos sobre la preservaci\u00f3n de la capa de ozono"},"content":{"rendered":"<p style=\"text-align: justify;\">La Asamblea General de las Naciones Unidas, desde 1994, proclam\u00f3 el 16 de septiembre como el \u201cD\u00eda Mundial de la preservaci\u00f3n de la capa de ozono\u201d.<\/p>\n<p style=\"text-align: justify;\">La capa de ozono es un escudo de gas que protege a la Tierra de los rayos ultravioleta provenientes del Sol, los mismos que son nocivos para todas las formas de vida en el planeta.<\/p>\n<p style=\"text-align: justify;\"><strong>Un poco de historia<\/strong><\/p>\n<p style=\"text-align: justify;\">\u00a0En la d\u00e9cada de los 80, los cient\u00edficos notaron que los clorofluorocarbonos &#8211; CFCs, sustancias empleadas en la industria de la refrigeraci\u00f3n y propelentes (aerosoles), estaban destruyendo la capa de ozono.<\/p>\n<p style=\"text-align: justify;\">Por esta raz\u00f3n, se empezaron a tomar medidas para contrarrestar este efecto; es as\u00ed que, en 1987 se firm\u00f3 el \u201cEl Protocolo de Montreal\u201d, el cual comprometi\u00f3 a varios a pa\u00edses, entre ellos Ecuador, a controlar la producci\u00f3n y el consumo de sustancias que destruyen el ozono, y de esta manera iniciar acciones para una eliminaci\u00f3n gradual de los CFCs, sustituy\u00e9ndolos por alternativas no da\u00f1inas para la capa de ozono.<\/p>\n<p style=\"text-align: justify;\"><strong>\u00bfQu\u00e9 son los CFC?<\/strong><\/p>\n<p style=\"text-align: justify;\">Los CFC son sustancias qu\u00edmicas que contienen cloro, fl\u00faor y carbono. Se utilizan como refrigerantes, propelentes de aerosoles, aislantes t\u00e9rmicos y en la fabricaci\u00f3n de espumas; estos productos constituyen una de las principales causas del deterioro de la capa de ozono.<\/p>\n<p style=\"text-align: justify;\">Cuando los CFC alcanzan la parte superior de la atm\u00f3sfera, se exponen a la luz del sol, provocando la liberaci\u00f3n de \u00e1tomos de cloro (Cl-), los cuales son muy reactivos y afines con los \u00e1tomos de ox\u00edgeno del ozono, rompiendo sus mol\u00e9culas.<\/p>\n<p style=\"text-align: justify;\">Un \u00e1tomo de cloro libre puede destruir m\u00e1s de cien mil mol\u00e9culas de ozono seg\u00fan la Agencia para la Protecci\u00f3n del Medio Ambiente de EE.UU.<\/p>\n<p style=\"text-align: justify;\">Una investigaci\u00f3n de la National Geographic, indica que aproximadamente el 90 % de los CFC&#8217;s, fueron emitidos por pa\u00edses industrializados en el Hemisferio Norte, incluyendo a Estados Unidos y Europa. De acuerdo al Protocolo de Montreal, se estableci\u00f3 el a\u00f1o 1996 como fecha l\u00edmite para abandonar totalmente la producci\u00f3n y consumo de CFC&#8217;s en los pa\u00edses desarrollados. No obstante la aplicaci\u00f3n de esta medida, los cient\u00edficos calculan que se tardar\u00e1n otros 50 a\u00f1os en devolver los niveles de cloro a su cifra natural.<\/p>\n<p style=\"text-align: justify;\"><strong>\u00bfC\u00f3mo cuidar la capa de ozono?<\/strong><\/p>\n<ul style=\"text-align: justify;\">\n<li>Comprar artefactos para el hogar y focos ahorradores.<\/li>\n<li>Evitar comprar sprays o aerosoles que est\u00e9n compuestos por CFC&#8217;s.<\/li>\n<li>Realizar mantenimiento constante del aire acondicionado de tu casa y veh\u00edculo (en caso de utilizarlo).<\/li>\n<\/ul>\n<ul style=\"text-align: justify;\">\n<li>Disminuir el uso de productos de limpieza, pinturas y barnices que contengan disolventes. Trate de utilizar pinturas y barcines solubles en agua.<\/li>\n<\/ul>\n<p style=\"text-align: justify;\"><strong>Fuentes:<\/strong><\/p>\n<p style=\"text-align: justify;\"><a href=\"http:\/\/www.un.org\/es\/events\/ozoneday\/\">http:\/\/www.un.org\/es\/events\/ozoneday\/<\/a><\/p>\n<p style=\"text-align: justify;\"><a href=\"http:\/\/www.nationalgeographic.es\/medio-ambiente\/calentamiento-global\/capa-ozono-disminucion\">http:\/\/www.nationalgeographic.es\/medio-ambiente\/calentamiento-global\/capa-ozono-disminucion<\/a><\/p>\n<p style=\"text-align: justify;\"><a href=\"http:\/\/www.nationalgeographic.es\/medio-ambiente\/agujero-ozono-norte\">http:\/\/www.nationalgeographic.es\/medio-ambiente\/agujero-ozono-norte<\/a><\/p>\n<p style=\"text-align: justify;\"><a href=\"http:\/\/www.desarrollosostenible.es\/como-cuidar-la-capa-de-ozono.html\">http:\/\/www.desarrollosostenible.es\/como-cuidar-la-capa-de-ozono.html<\/a><\/p>\n<p style=\"text-align: justify;\"><a href=\"http:\/\/www.uneptie.org\/ozonaction\/information\/mmcfiles\/3139-s-oanspecial20thanniversary.pdf\">http:\/\/www.uneptie.org\/ozonaction\/information\/mmcfiles\/3139-s-oanspecial20thanniversary.pdf<\/a><\/p>\n<p><a href=\"http:\/\/www.ambienteyenergia.gob.ec\/ambiente\/wp-content\/uploads\/2013\/09\/capa-de-ozono.jpg\"><img loading=\"lazy\" decoding=\"async\" class=\"aligncenter size-full wp-image-15147\" title=\"capa-de-ozono\" src=\"http:\/\/www.ambienteyenergia.gob.ec\/ambiente\/wp-content\/uploads\/2013\/09\/capa-de-ozono.jpg\" alt=\"\" width=\"841\" height=\"400\" srcset=\"https:\/\/www.ambienteyenergia.gob.ec\/ambiente\/wp-content\/uploads\/sites\/2\/2013\/09\/capa-de-ozono.jpg 841w, https:\/\/www.ambienteyenergia.gob.ec\/ambiente\/wp-content\/uploads\/sites\/2\/2013\/09\/capa-de-ozono-300x142.jpg 300w, https:\/\/www.ambienteyenergia.gob.ec\/ambiente\/wp-content\/uploads\/sites\/2\/2013\/09\/capa-de-ozono-500x237.jpg 500w\" sizes=\"auto, (max-width: 841px) 100vw, 841px\" \/><\/a><\/p>\n","protected":false},"excerpt":{"rendered":"<p class=\"excerpt\">La Asamblea General de las Naciones Unidas, desde 1994, proclam\u00f3 el 16 de septiembre como el \u201cD\u00eda Mundial de la preservaci\u00f3n de la capa de ozono\u201d. La capa de ozono es un escudo de gas que protege a la Tierra de los rayos ultravioleta provenientes del Sol, los mismos que son nocivos para todas las formas de vida en el&hellip; <a href=\"https:\/\/www.ambienteyenergia.gob.ec\/ambiente\/un-dia-para-concientizarnos-sobre-la-preservacion-de-la-capa-de-ozono\/\">Read more &rarr;<\/a><\/p>\n","protected":false},"author":13,"featured_media":15149,"comment_status":"open","ping_status":"open","sticky":false,"template":"","format":"standard","meta":{"footnotes":""},"categories":[16,4],"tags":[],"class_list":["post-15145","post","type-post","status-publish","format-standard","has-post-thumbnail","hentry","category-comunicamos","category-noticias","xfolkentry"],"_links":{"self":[{"href":"https:\/\/www.ambienteyenergia.gob.ec\/ambiente\/wp-json\/wp\/v2\/posts\/15145","targetHints":{"allow":["GET"]}}],"collection":[{"href":"https:\/\/www.ambienteyenergia.gob.ec\/ambiente\/wp-json\/wp\/v2\/posts"}],"about":[{"href":"https:\/\/www.ambienteyenergia.gob.ec\/ambiente\/wp-json\/wp\/v2\/types\/post"}],"author":[{"embeddable":true,"href":"https:\/\/www.ambienteyenergia.gob.ec\/ambiente\/wp-json\/wp\/v2\/users\/13"}],"replies":[{"embeddable":true,"href":"https:\/\/www.ambienteyenergia.gob.ec\/ambiente\/wp-json\/wp\/v2\/comments?post=15145"}],"version-history":[{"count":0,"href":"https:\/\/www.ambienteyenergia.gob.ec\/ambiente\/wp-json\/wp\/v2\/posts\/15145\/revisions"}],"wp:featuredmedia":[{"embeddable":true,"href":"https:\/\/www.ambienteyenergia.gob.ec\/ambiente\/wp-json\/wp\/v2\/media\/15149"}],"wp:attachment":[{"href":"https:\/\/www.ambienteyenergia.gob.ec\/ambiente\/wp-json\/wp\/v2\/media?parent=15145"}],"wp:term":[{"taxonomy":"category","embeddable":true,"href":"https:\/\/www.ambienteyenergia.gob.ec\/ambiente\/wp-json\/wp\/v2\/categories?post=15145"},{"taxonomy":"post_tag","embeddable":true,"href":"https:\/\/www.ambienteyenergia.gob.ec\/ambiente\/wp-json\/wp\/v2\/tags?post=15145"}],"curies":[{"name":"wp","href":"https:\/\/api.w.org\/{rel}","templated":true}]}}