{"id":15139,"date":"2013-09-13T16:55:51","date_gmt":"2013-09-13T21:55:51","guid":{"rendered":"http:\/\/www.ambiente.gob.ec\/?p=15139"},"modified":"2013-09-13T16:55:51","modified_gmt":"2013-09-13T21:55:51","slug":"refugio-de-vida-silvestre-manglares-el-morro-celebro-su-6to-aniversario","status":"publish","type":"post","link":"https:\/\/www.ambienteyenergia.gob.ec\/ambiente\/refugio-de-vida-silvestre-manglares-el-morro-celebro-su-6to-aniversario\/","title":{"rendered":"Refugio de Vida Silvestre Manglares el Morro celebr\u00f3 su 6to aniversario"},"content":{"rendered":"<p style=\"text-align: justify;\">Con una casa abierta, el Refugio de Vida Silvestre Manglares El Morro (Revismem) del Ministerio del Ambiente (MAE), con su sede en Puerto El Morro, provincia de Guayas, celebr\u00f3 su sexto aniversario de creaci\u00f3n, brindado educaci\u00f3n ambiental y difundiendo las caracter\u00edsticas naturales de esta importante \u00e1rea protegida.<\/p>\n<p style=\"text-align: justify;\">Estudiantes de las escuelas Jorge Yunes y Rosendo Vega fueron los invitados especiales a esta jornada que cont\u00f3 con la muestra fotogr\u00e1fica de la Revismem y el \u00c1rea Nacional de Recreaci\u00f3n Playas de Villamil, bajo la guianza de los guardaparques del \u00e1rea.<\/p>\n<p style=\"text-align: justify;\">Cinco representantes de cada plantel participaron en el concurso de pintura que busc\u00f3 que los infantes expongan su visi\u00f3n del lugar natural en el que habitan.<\/p>\n<p style=\"text-align: justify;\">Entre tanto, los demas visitantes participaron en la ruleta del conocimiento del Ministerio de Turismo, donde se puso a prueba el aprendizaje de las charlas y el adquirido en las aulas.<\/p>\n<p style=\"text-align: justify;\">En esta jornada se cont\u00f3 con el apoyo del Programa de Educaci\u00f3n Ambiental Marino Costero (Peamco) de la Armada Nacional.<\/p>\n<p style=\"text-align: justify;\">Esta labor interinstitucional permite difundir entre los estudiantes la necesidad de\u00a0 proteger y conservar \u00e1reas sensibles como \u00e9sta, en donde, adem\u00e1s, se incentiva el turismo sustentable.<\/p>\n<p style=\"text-align: justify;\">Seg\u00fan registros del MAE, alrededor de 3 200 personas visitaron el Refugio de Vida Silvestre Manglares El Morro durante el feriado de carnaval de este a\u00f1o, reafirmando las actividades ecotur\u00edsticas en el \u00e1rea protegida.<\/p>\n<p style=\"text-align: justify;\"><strong>Ganadores del concurso<\/strong><\/p>\n<p style=\"text-align: justify;\">Mar\u00eda Camila Lavanda Neira, de la escuela Rosendo Vega de la Torre, gan\u00f3 el primer lugar en el concurso de pintura, plasmando en el papel el verdor del manglar, el ecoturismo y destacando la presencia de especies como el delf\u00edn, atractivo natural de la zona.<\/p>\n<p style=\"text-align: justify;\">El segundo lugar fue para Nixon Yender Boh\u00f3rquez, de la escuela Jorge Yunes y el tercero para Jair Mazzini Cruz, de la\u00a0 escuela Jorge Yunes.<\/p>\n<p style=\"text-align: justify;\">\u00a0<a href=\"http:\/\/www.ambienteyenergia.gob.ec\/ambiente\/wp-content\/uploads\/2013\/09\/IMG-20130913-04450.jpg\"><img loading=\"lazy\" decoding=\"async\" class=\"aligncenter size-full wp-image-15141\" title=\"Refugio de Vida Silvestre Manglares el Morro celebr\u00f3 su 6to aniversario\" src=\"http:\/\/www.ambienteyenergia.gob.ec\/ambiente\/wp-content\/uploads\/2013\/09\/IMG-20130913-04450.jpg\" alt=\"\" width=\"300\" height=\"225\" \/><\/a><\/p>\n","protected":false},"excerpt":{"rendered":"<p class=\"excerpt\">Con una casa abierta, el Refugio de Vida Silvestre Manglares El Morro (Revismem) del Ministerio del Ambiente (MAE), con su sede en Puerto El Morro, provincia de Guayas, celebr\u00f3 su sexto aniversario de creaci\u00f3n, brindado educaci\u00f3n ambiental y difundiendo las caracter\u00edsticas naturales de esta importante \u00e1rea protegida. Estudiantes de las escuelas Jorge Yunes y Rosendo Vega fueron los invitados especiales&hellip; <a href=\"https:\/\/www.ambienteyenergia.gob.ec\/ambiente\/refugio-de-vida-silvestre-manglares-el-morro-celebro-su-6to-aniversario\/\">Read more &rarr;<\/a><\/p>\n","protected":false},"author":13,"featured_media":15140,"comment_status":"open","ping_status":"open","sticky":false,"template":"","format":"standard","meta":{"footnotes":""},"categories":[16,4],"tags":[],"class_list":["post-15139","post","type-post","status-publish","format-standard","has-post-thumbnail","hentry","category-comunicamos","category-noticias","xfolkentry"],"_links":{"self":[{"href":"https:\/\/www.ambienteyenergia.gob.ec\/ambiente\/wp-json\/wp\/v2\/posts\/15139","targetHints":{"allow":["GET"]}}],"collection":[{"href":"https:\/\/www.ambienteyenergia.gob.ec\/ambiente\/wp-json\/wp\/v2\/posts"}],"about":[{"href":"https:\/\/www.ambienteyenergia.gob.ec\/ambiente\/wp-json\/wp\/v2\/types\/post"}],"author":[{"embeddable":true,"href":"https:\/\/www.ambienteyenergia.gob.ec\/ambiente\/wp-json\/wp\/v2\/users\/13"}],"replies":[{"embeddable":true,"href":"https:\/\/www.ambienteyenergia.gob.ec\/ambiente\/wp-json\/wp\/v2\/comments?post=15139"}],"version-history":[{"count":0,"href":"https:\/\/www.ambienteyenergia.gob.ec\/ambiente\/wp-json\/wp\/v2\/posts\/15139\/revisions"}],"wp:featuredmedia":[{"embeddable":true,"href":"https:\/\/www.ambienteyenergia.gob.ec\/ambiente\/wp-json\/wp\/v2\/media\/15140"}],"wp:attachment":[{"href":"https:\/\/www.ambienteyenergia.gob.ec\/ambiente\/wp-json\/wp\/v2\/media?parent=15139"}],"wp:term":[{"taxonomy":"category","embeddable":true,"href":"https:\/\/www.ambienteyenergia.gob.ec\/ambiente\/wp-json\/wp\/v2\/categories?post=15139"},{"taxonomy":"post_tag","embeddable":true,"href":"https:\/\/www.ambienteyenergia.gob.ec\/ambiente\/wp-json\/wp\/v2\/tags?post=15139"}],"curies":[{"name":"wp","href":"https:\/\/api.w.org\/{rel}","templated":true}]}}