{"id":15133,"date":"2013-09-13T16:34:33","date_gmt":"2013-09-13T21:34:33","guid":{"rendered":"http:\/\/www.ambiente.gob.ec\/?p=15133"},"modified":"2013-09-13T16:34:33","modified_gmt":"2013-09-13T21:34:33","slug":"bandera-del-festival-mundial-de-la-juventud-llego-a-tena","status":"publish","type":"post","link":"https:\/\/www.ambienteyenergia.gob.ec\/ambiente\/bandera-del-festival-mundial-de-la-juventud-llego-a-tena\/","title":{"rendered":"Bandera del \u201cFestival Mundial de la Juventud\u201d lleg\u00f3 a Tena"},"content":{"rendered":"<p style=\"text-align: justify;\">El pasado 11 de septiembre, la bandera del \u201cFestival Mundial de la Juventud\u201d, lleg\u00f3 a la ciudad de Tena, en el marco de la \u00abRuta de los Chasquis, un evento previo a la celebraci\u00f3n de la 18 edici\u00f3n de este festival, que tiene la finalidad de lograr el reconocimiento del proceso de transformaciones sociales\u00a0 y pol\u00edticas del buen vivir. Este a\u00f1os, Ecuador ser\u00e1 la sede de su edici\u00f3n n\u00famero 18, en el mes de diciembre.<\/p>\n<p style=\"text-align: justify;\">La ruta la \u201cRuta de los Chasquis Juveniles\u201d consiste en visitar cada rinc\u00f3n del patria ondeando la s\u00edmbolo del \u00abFestival Mundial de la Juventud\u00bb. Se divide en tres recorridos: \u00a0\u00a0En la costa, la ruta Eloy Alfaro; en la sierra y Gal\u00e1pagos, la ruta, Hugo Ch\u00e1vez; y en la Amazon\u00eda, \u00a0la ruta Transito Amagua\u00f1a.<\/p>\n<p style=\"text-align: justify;\">Dentro de este \u00faltimo recorrido, luego de pasar por el cant\u00f3n Arosemena Tola, la bandera arrib\u00f3 a la capital de Napo. En el recibimiento efectuado en el parque intercultural, el Ministerio del Ambiente (MAE) particip\u00f3 con un stand en el que funcionarios de esta Cartera de Estado expusieron la actividades que se realiza en cada unidad de la Direcci\u00f3n Provincia tales como Forestal, \u00c1reas Naturales Protegidas, Vida Silvestre y Calidad Ambiental.<\/p>\n<p style=\"text-align: justify;\">Adem\u00e1s, explicaron los procedimiento para cumplir con la Normativa Ambiental y trabajaron en educaci\u00f3n ambiental, para concienciar a la poblaci\u00f3n de la provincia sobre la importancia de cuidar los recursos naturales us\u00e1ndoles de manera adecuada para \u00a0garantizar su conservaci\u00f3n.<\/p>\n<div id='gallery-1' class='gallery galleryid-15133 gallery-columns-4 gallery-size-thumbnail'><dl class='gallery-item'>\n\t\t\t<dt class='gallery-icon landscape'>\n\t\t\t\t<a href='https:\/\/www.ambienteyenergia.gob.ec\/ambiente\/bandera-del-festival-mundial-de-la-juventud-llego-a-tena\/p1060200\/'><img loading=\"lazy\" decoding=\"async\" width=\"150\" height=\"150\" src=\"https:\/\/www.ambienteyenergia.gob.ec\/ambiente\/wp-content\/uploads\/sites\/2\/2013\/09\/P1060200-150x150.jpg\" class=\"attachment-thumbnail size-thumbnail\" alt=\"\" \/><\/a>\n\t\t\t<\/dt><\/dl><dl class='gallery-item'>\n\t\t\t<dt class='gallery-icon landscape'>\n\t\t\t\t<a href='https:\/\/www.ambienteyenergia.gob.ec\/ambiente\/bandera-del-festival-mundial-de-la-juventud-llego-a-tena\/p1060206\/'><img loading=\"lazy\" decoding=\"async\" width=\"150\" height=\"150\" src=\"https:\/\/www.ambienteyenergia.gob.ec\/ambiente\/wp-content\/uploads\/sites\/2\/2013\/09\/P1060206-150x150.jpg\" class=\"attachment-thumbnail size-thumbnail\" alt=\"\" \/><\/a>\n\t\t\t<\/dt><\/dl><dl class='gallery-item'>\n\t\t\t<dt class='gallery-icon landscape'>\n\t\t\t\t<a href='https:\/\/www.ambienteyenergia.gob.ec\/ambiente\/bandera-del-festival-mundial-de-la-juventud-llego-a-tena\/p1060212\/'><img loading=\"lazy\" decoding=\"async\" width=\"150\" height=\"150\" src=\"https:\/\/www.ambienteyenergia.gob.ec\/ambiente\/wp-content\/uploads\/sites\/2\/2013\/09\/P1060212-150x150.jpg\" class=\"attachment-thumbnail size-thumbnail\" alt=\"\" \/><\/a>\n\t\t\t<\/dt><\/dl><dl class='gallery-item'>\n\t\t\t<dt class='gallery-icon landscape'>\n\t\t\t\t<a href='https:\/\/www.ambienteyenergia.gob.ec\/ambiente\/bandera-del-festival-mundial-de-la-juventud-llego-a-tena\/p1060217\/'><img loading=\"lazy\" decoding=\"async\" width=\"150\" height=\"150\" src=\"https:\/\/www.ambienteyenergia.gob.ec\/ambiente\/wp-content\/uploads\/sites\/2\/2013\/09\/P1060217-150x150.jpg\" class=\"attachment-thumbnail size-thumbnail\" alt=\"\" \/><\/a>\n\t\t\t<\/dt><\/dl><br style=\"clear: both\" \/>\n\t\t<\/div>\n\n","protected":false},"excerpt":{"rendered":"<p class=\"excerpt\">El pasado 11 de septiembre, la bandera del \u201cFestival Mundial de la Juventud\u201d, lleg\u00f3 a la ciudad de Tena, en el marco de la \u00abRuta de los Chasquis, un evento previo a la celebraci\u00f3n de la 18 edici\u00f3n de este festival, que tiene la finalidad de lograr el reconocimiento del proceso de transformaciones sociales\u00a0 y pol\u00edticas del buen vivir. Este&hellip; <a href=\"https:\/\/www.ambienteyenergia.gob.ec\/ambiente\/bandera-del-festival-mundial-de-la-juventud-llego-a-tena\/\">Read more &rarr;<\/a><\/p>\n","protected":false},"author":13,"featured_media":15135,"comment_status":"open","ping_status":"open","sticky":false,"template":"","format":"standard","meta":{"footnotes":""},"categories":[16,4],"tags":[],"class_list":["post-15133","post","type-post","status-publish","format-standard","has-post-thumbnail","hentry","category-comunicamos","category-noticias","xfolkentry"],"_links":{"self":[{"href":"https:\/\/www.ambienteyenergia.gob.ec\/ambiente\/wp-json\/wp\/v2\/posts\/15133","targetHints":{"allow":["GET"]}}],"collection":[{"href":"https:\/\/www.ambienteyenergia.gob.ec\/ambiente\/wp-json\/wp\/v2\/posts"}],"about":[{"href":"https:\/\/www.ambienteyenergia.gob.ec\/ambiente\/wp-json\/wp\/v2\/types\/post"}],"author":[{"embeddable":true,"href":"https:\/\/www.ambienteyenergia.gob.ec\/ambiente\/wp-json\/wp\/v2\/users\/13"}],"replies":[{"embeddable":true,"href":"https:\/\/www.ambienteyenergia.gob.ec\/ambiente\/wp-json\/wp\/v2\/comments?post=15133"}],"version-history":[{"count":0,"href":"https:\/\/www.ambienteyenergia.gob.ec\/ambiente\/wp-json\/wp\/v2\/posts\/15133\/revisions"}],"wp:featuredmedia":[{"embeddable":true,"href":"https:\/\/www.ambienteyenergia.gob.ec\/ambiente\/wp-json\/wp\/v2\/media\/15135"}],"wp:attachment":[{"href":"https:\/\/www.ambienteyenergia.gob.ec\/ambiente\/wp-json\/wp\/v2\/media?parent=15133"}],"wp:term":[{"taxonomy":"category","embeddable":true,"href":"https:\/\/www.ambienteyenergia.gob.ec\/ambiente\/wp-json\/wp\/v2\/categories?post=15133"},{"taxonomy":"post_tag","embeddable":true,"href":"https:\/\/www.ambienteyenergia.gob.ec\/ambiente\/wp-json\/wp\/v2\/tags?post=15133"}],"curies":[{"name":"wp","href":"https:\/\/api.w.org\/{rel}","templated":true}]}}