{"id":15128,"date":"2013-09-13T11:54:11","date_gmt":"2013-09-13T16:54:11","guid":{"rendered":"http:\/\/www.ambiente.gob.ec\/?p=15128"},"modified":"2013-09-13T11:54:11","modified_gmt":"2013-09-13T16:54:11","slug":"tres-incendios-forestales-fueron-controlados-la-noche-de-ayer-en-chimborazo","status":"publish","type":"post","link":"https:\/\/www.ambienteyenergia.gob.ec\/ambiente\/tres-incendios-forestales-fueron-controlados-la-noche-de-ayer-en-chimborazo\/","title":{"rendered":"Tres incendios forestales fueron controlados la noche de ayer en Chimborazo"},"content":{"rendered":"<p style=\"text-align: justify;\">Ayer, aproximadamente las 18:00, se produjeron tres incendios for\u00e9stales en la provincia de Chimborazo, de manera simult\u00e1nea. El primero, en el sector de los Cubillines, cant\u00f3n Chambo, zona de amortiguamiento con el Parque Nacional Sangay, y los otros dos en las localidades de San Clemente y Cajabamba, pertenecientes a \u00a0los cantones de Riobamba y Colta, respectivamente.<\/p>\n<p style=\"text-align: justify;\">El flagelo de Cubillines fue localizado mientras guardaparques de esta \u00c1rea Protegida realizaban actividades de control y vigilancia. Inmediatamente, iniciaron las acciones de contingencia. Se estima que alrededor de ocho hect\u00e1reas de pajonal fueron afectadas. No se evidenci\u00f3 vida silvestre perjudicada. En este sector habitan como venados (<em>Odocoileusperuvianus<\/em>) conejos (<em>Sylvilagusbrasiliensis<\/em>) y lobos (<em>Lycalopexculpaeus<\/em>).<\/p>\n<p style=\"text-align: justify;\">En Riobamba y Colta, el fuego consumi\u00f3 menos de una hect\u00e1rea de plantaciones de eucalipto. Personal del \u00e1rea forestal, con el apoyo del Cuerpo de Bomberos lograron controlarlos.<\/p>\n<p style=\"text-align: justify;\">Hoy, guardaparques y t\u00e9cnicos forestales de la Direcci\u00f3n Provincial de Ambiente de Chimborazo est\u00e1n en la zona de los Cubillines realizando la verificaci\u00f3n y cuantificaci\u00f3n del \u00e1rea afectada para iniciar los procesos de remediaci\u00f3n.<\/p>\n<div id='gallery-1' class='gallery galleryid-15128 gallery-columns-4 gallery-size-thumbnail'><dl class='gallery-item'>\n\t\t\t<dt class='gallery-icon landscape'>\n\t\t\t\t<a href='https:\/\/www.ambienteyenergia.gob.ec\/ambiente\/tres-incendios-forestales-fueron-controlados-la-noche-de-ayer-en-chimborazo\/dsc00405\/'><img loading=\"lazy\" decoding=\"async\" width=\"150\" height=\"150\" src=\"https:\/\/www.ambienteyenergia.gob.ec\/ambiente\/wp-content\/uploads\/sites\/2\/2013\/09\/DSC00405-150x150.jpg\" class=\"attachment-thumbnail size-thumbnail\" alt=\"\" \/><\/a>\n\t\t\t<\/dt><\/dl><dl class='gallery-item'>\n\t\t\t<dt class='gallery-icon landscape'>\n\t\t\t\t<a href='https:\/\/www.ambienteyenergia.gob.ec\/ambiente\/tres-incendios-forestales-fueron-controlados-la-noche-de-ayer-en-chimborazo\/dsc00407\/'><img loading=\"lazy\" decoding=\"async\" width=\"150\" height=\"150\" src=\"https:\/\/www.ambienteyenergia.gob.ec\/ambiente\/wp-content\/uploads\/sites\/2\/2013\/09\/DSC00407-150x150.jpg\" class=\"attachment-thumbnail size-thumbnail\" alt=\"\" \/><\/a>\n\t\t\t<\/dt><\/dl><dl class='gallery-item'>\n\t\t\t<dt class='gallery-icon landscape'>\n\t\t\t\t<a href='https:\/\/www.ambienteyenergia.gob.ec\/ambiente\/tres-incendios-forestales-fueron-controlados-la-noche-de-ayer-en-chimborazo\/dsc00422\/'><img loading=\"lazy\" decoding=\"async\" width=\"150\" height=\"150\" src=\"https:\/\/www.ambienteyenergia.gob.ec\/ambiente\/wp-content\/uploads\/sites\/2\/2013\/09\/DSC00422-150x150.jpg\" class=\"attachment-thumbnail size-thumbnail\" alt=\"\" \/><\/a>\n\t\t\t<\/dt><\/dl>\n\t\t\t<br style='clear: both' \/>\n\t\t<\/div>\n\n","protected":false},"excerpt":{"rendered":"<p class=\"excerpt\">Ayer, aproximadamente las 18:00, se produjeron tres incendios for\u00e9stales en la provincia de Chimborazo, de manera simult\u00e1nea. El primero, en el sector de los Cubillines, cant\u00f3n Chambo, zona de amortiguamiento con el Parque Nacional Sangay, y los otros dos en las localidades de San Clemente y Cajabamba, pertenecientes a \u00a0los cantones de Riobamba y Colta, respectivamente. El flagelo de Cubillines&hellip; <a href=\"https:\/\/www.ambienteyenergia.gob.ec\/ambiente\/tres-incendios-forestales-fueron-controlados-la-noche-de-ayer-en-chimborazo\/\">Read more &rarr;<\/a><\/p>\n","protected":false},"author":13,"featured_media":15129,"comment_status":"open","ping_status":"open","sticky":false,"template":"","format":"standard","meta":{"footnotes":""},"categories":[16,4],"tags":[],"class_list":["post-15128","post","type-post","status-publish","format-standard","has-post-thumbnail","hentry","category-comunicamos","category-noticias","xfolkentry"],"_links":{"self":[{"href":"https:\/\/www.ambienteyenergia.gob.ec\/ambiente\/wp-json\/wp\/v2\/posts\/15128","targetHints":{"allow":["GET"]}}],"collection":[{"href":"https:\/\/www.ambienteyenergia.gob.ec\/ambiente\/wp-json\/wp\/v2\/posts"}],"about":[{"href":"https:\/\/www.ambienteyenergia.gob.ec\/ambiente\/wp-json\/wp\/v2\/types\/post"}],"author":[{"embeddable":true,"href":"https:\/\/www.ambienteyenergia.gob.ec\/ambiente\/wp-json\/wp\/v2\/users\/13"}],"replies":[{"embeddable":true,"href":"https:\/\/www.ambienteyenergia.gob.ec\/ambiente\/wp-json\/wp\/v2\/comments?post=15128"}],"version-history":[{"count":0,"href":"https:\/\/www.ambienteyenergia.gob.ec\/ambiente\/wp-json\/wp\/v2\/posts\/15128\/revisions"}],"wp:featuredmedia":[{"embeddable":true,"href":"https:\/\/www.ambienteyenergia.gob.ec\/ambiente\/wp-json\/wp\/v2\/media\/15129"}],"wp:attachment":[{"href":"https:\/\/www.ambienteyenergia.gob.ec\/ambiente\/wp-json\/wp\/v2\/media?parent=15128"}],"wp:term":[{"taxonomy":"category","embeddable":true,"href":"https:\/\/www.ambienteyenergia.gob.ec\/ambiente\/wp-json\/wp\/v2\/categories?post=15128"},{"taxonomy":"post_tag","embeddable":true,"href":"https:\/\/www.ambienteyenergia.gob.ec\/ambiente\/wp-json\/wp\/v2\/tags?post=15128"}],"curies":[{"name":"wp","href":"https:\/\/api.w.org\/{rel}","templated":true}]}}