{"id":15122,"date":"2013-09-13T10:27:13","date_gmt":"2013-09-13T15:27:13","guid":{"rendered":"http:\/\/www.ambiente.gob.ec\/?p=15122"},"modified":"2013-09-13T10:27:13","modified_gmt":"2013-09-13T15:27:13","slug":"reserva-ecologica-el-angel-21-anos-de-conservacion-para-la-vida","status":"publish","type":"post","link":"https:\/\/www.ambienteyenergia.gob.ec\/ambiente\/reserva-ecologica-el-angel-21-anos-de-conservacion-para-la-vida\/","title":{"rendered":"Reserva Ecol\u00f3gica el \u00c1ngel, 21 a\u00f1os de conservaci\u00f3n para la vida"},"content":{"rendered":"<p style=\"text-align: justify;\">Con un evento solemne y rendici\u00f3n de cuentas, la Direcci\u00f3n Provincial del Ambiente del Carchi y personal del la Reserva Ecol\u00f3gica El \u00c1ngel, celebr\u00f3 ayer, el 21\u00b0 Aniversario de la Declaratoria de la Reserva Ecol\u00f3gica El \u00c1ngel (REEA) como \u00c1rea Protegida.<\/p>\n<p style=\"text-align: justify;\">La Reserva Ecol\u00f3gica El \u00c1ngel anteriormente declarada como sitio RAMSAR, protege importantes humedales, guarda valores esc\u00e9nicos, hidrol\u00f3gicos, biol\u00f3gicas, culturales, que junto a la presencia predominante del p\u00e1ramo de frailejones y abundante agua que abastece a toda la provincia. Todas estas caracter\u00edsticas hicieron que esta \u00e1rea pase a formar parte del Sistema Nacional de \u00c1reas Protegidas del (SNAP), a partir del 8 de septiembre del a\u00f1o 1992.<\/p>\n<p style=\"text-align: justify;\">En el evento, Napole\u00f3n Benavides, Responsable de la REEA, destac\u00f3 el trabajo de todo el personal a su cargo, como tambi\u00e9n el apoyo que brindan los municipios de Espejo y Bol\u00edvar con guardaparques que en favor de la protecci\u00f3n de los recursos naturales de la REEA. En este informe de gesti\u00f3n tambi\u00e9n se refiri\u00f3 a la implementaci\u00f3n de equipos y herramientas para el control de incendios forestales y otras actividades.<\/p>\n<p style=\"text-align: justify;\">El Ministerio del Ambiente (MAE) est\u00e1 comprometido en la conservaci\u00f3n de los recursos naturales en territorio y hace un llamado a la ciudadan\u00eda a unirse a esta labor de respeto y cuidado de la naturaleza. En ese sentido, se aprovech\u00f3 la ocasi\u00f3n para entregar certificados y credenciales a 15 Inspectores Honor\u00edficos de Vida Silvestre a los guardias ambientales de la Comuna La Libertad. La finalidad es comprometer a la poblaci\u00f3n en este proceso de conservaci\u00f3n.<\/p>\n<p style=\"text-align: justify;\">Al acto asistieron autoridades regionales y locales como Segundo Fuentes, Director de la Regional 1 del Ministerio del Ambiente; Ver\u00f3nica Pozo, Responsable de la Reserva Ecol\u00f3gica Cotacachi-Cayapas; Jeny Chal\u00e1, Directora Provincial del Ambiente del Carchi y Representantes de la Gobernaci\u00f3n del Carchi, entre otros.<\/p>\n<p style=\"text-align: justify;\">\u00a0Asimismo, participaron del homenaje al \u00e1rea protegida la Presidenta del Comit\u00e9 de Gesti\u00f3n de la REEA, el Alcalde del cant\u00f3n Espejo, Gobiernos Parroquiales, la Secretar\u00eda Nacional del Agua (Senagua), el Ministerio de Agricultura, Ganader\u00eda, Acuacultura y Pesca (MAGAP), la Comuna de pueblos Pastos La Libertad, voluntarios del Proyecto Servicio Civil Ciudadano y Asociaciones de artesanas.<\/p>\n<div id='gallery-1' class='gallery galleryid-15122 gallery-columns-4 gallery-size-thumbnail'><dl class='gallery-item'>\n\t\t\t<dt class='gallery-icon landscape'>\n\t\t\t\t<a href='https:\/\/www.ambienteyenergia.gob.ec\/ambiente\/reserva-ecologica-el-angel-21-anos-de-conservacion-para-la-vida\/8-12\/'><img loading=\"lazy\" decoding=\"async\" width=\"150\" height=\"150\" src=\"https:\/\/www.ambienteyenergia.gob.ec\/ambiente\/wp-content\/uploads\/sites\/2\/2013\/09\/81-150x150.jpg\" class=\"attachment-thumbnail size-thumbnail\" alt=\"\" \/><\/a>\n\t\t\t<\/dt><\/dl><dl class='gallery-item'>\n\t\t\t<dt class='gallery-icon landscape'>\n\t\t\t\t<a href='https:\/\/www.ambienteyenergia.gob.ec\/ambiente\/reserva-ecologica-el-angel-21-anos-de-conservacion-para-la-vida\/9-11\/'><img loading=\"lazy\" decoding=\"async\" width=\"150\" height=\"150\" src=\"https:\/\/www.ambienteyenergia.gob.ec\/ambiente\/wp-content\/uploads\/sites\/2\/2013\/09\/91-150x150.jpg\" class=\"attachment-thumbnail size-thumbnail\" alt=\"\" \/><\/a>\n\t\t\t<\/dt><\/dl><dl class='gallery-item'>\n\t\t\t<dt class='gallery-icon landscape'>\n\t\t\t\t<a href='https:\/\/www.ambienteyenergia.gob.ec\/ambiente\/reserva-ecologica-el-angel-21-anos-de-conservacion-para-la-vida\/1-57\/'><img loading=\"lazy\" decoding=\"async\" width=\"150\" height=\"150\" src=\"https:\/\/www.ambienteyenergia.gob.ec\/ambiente\/wp-content\/uploads\/sites\/2\/2013\/09\/13-150x150.jpg\" class=\"attachment-thumbnail size-thumbnail\" alt=\"\" \/><\/a>\n\t\t\t<\/dt><\/dl>\n\t\t\t<br style='clear: both' \/>\n\t\t<\/div>\n\n","protected":false},"excerpt":{"rendered":"<p class=\"excerpt\">Con un evento solemne y rendici\u00f3n de cuentas, la Direcci\u00f3n Provincial del Ambiente del Carchi y personal del la Reserva Ecol\u00f3gica El \u00c1ngel, celebr\u00f3 ayer, el 21\u00b0 Aniversario de la Declaratoria de la Reserva Ecol\u00f3gica El \u00c1ngel (REEA) como \u00c1rea Protegida. La Reserva Ecol\u00f3gica El \u00c1ngel anteriormente declarada como sitio RAMSAR, protege importantes humedales, guarda valores esc\u00e9nicos, hidrol\u00f3gicos, biol\u00f3gicas, culturales,&hellip; <a href=\"https:\/\/www.ambienteyenergia.gob.ec\/ambiente\/reserva-ecologica-el-angel-21-anos-de-conservacion-para-la-vida\/\">Read more &rarr;<\/a><\/p>\n","protected":false},"author":13,"featured_media":15124,"comment_status":"open","ping_status":"open","sticky":false,"template":"","format":"standard","meta":{"footnotes":""},"categories":[16,4],"tags":[],"class_list":["post-15122","post","type-post","status-publish","format-standard","has-post-thumbnail","hentry","category-comunicamos","category-noticias","xfolkentry"],"_links":{"self":[{"href":"https:\/\/www.ambienteyenergia.gob.ec\/ambiente\/wp-json\/wp\/v2\/posts\/15122","targetHints":{"allow":["GET"]}}],"collection":[{"href":"https:\/\/www.ambienteyenergia.gob.ec\/ambiente\/wp-json\/wp\/v2\/posts"}],"about":[{"href":"https:\/\/www.ambienteyenergia.gob.ec\/ambiente\/wp-json\/wp\/v2\/types\/post"}],"author":[{"embeddable":true,"href":"https:\/\/www.ambienteyenergia.gob.ec\/ambiente\/wp-json\/wp\/v2\/users\/13"}],"replies":[{"embeddable":true,"href":"https:\/\/www.ambienteyenergia.gob.ec\/ambiente\/wp-json\/wp\/v2\/comments?post=15122"}],"version-history":[{"count":0,"href":"https:\/\/www.ambienteyenergia.gob.ec\/ambiente\/wp-json\/wp\/v2\/posts\/15122\/revisions"}],"wp:featuredmedia":[{"embeddable":true,"href":"https:\/\/www.ambienteyenergia.gob.ec\/ambiente\/wp-json\/wp\/v2\/media\/15124"}],"wp:attachment":[{"href":"https:\/\/www.ambienteyenergia.gob.ec\/ambiente\/wp-json\/wp\/v2\/media?parent=15122"}],"wp:term":[{"taxonomy":"category","embeddable":true,"href":"https:\/\/www.ambienteyenergia.gob.ec\/ambiente\/wp-json\/wp\/v2\/categories?post=15122"},{"taxonomy":"post_tag","embeddable":true,"href":"https:\/\/www.ambienteyenergia.gob.ec\/ambiente\/wp-json\/wp\/v2\/tags?post=15122"}],"curies":[{"name":"wp","href":"https:\/\/api.w.org\/{rel}","templated":true}]}}