{"id":15114,"date":"2013-09-12T17:57:19","date_gmt":"2013-09-12T22:57:19","guid":{"rendered":"http:\/\/www.ambiente.gob.ec\/?p=15114"},"modified":"2013-09-12T17:57:19","modified_gmt":"2013-09-12T22:57:19","slug":"suspension-temporal-de-acreditacion-ambiental-del-municipio-de-guayaquil-no-se-trata-de-un-tema-politico-sino-de-un-tema-legal-y-tecnico","status":"publish","type":"post","link":"https:\/\/www.ambienteyenergia.gob.ec\/ambiente\/suspension-temporal-de-acreditacion-ambiental-del-municipio-de-guayaquil-no-se-trata-de-un-tema-politico-sino-de-un-tema-legal-y-tecnico\/","title":{"rendered":"Suspensi\u00f3n temporal de acreditaci\u00f3n ambiental del Municipio de Guayaquil, no se trata de un tema pol\u00edtico sino de un tema legal y t\u00e9cnico"},"content":{"rendered":"<p style=\"text-align: justify;\">\u00abLa suspensi\u00f3n temporal de la acreditaci\u00f3n del Municipio de Guayaquil, como Autoridad Ambiental de Aplicaci\u00f3n responsable responde a causas relacionadas con el cumplimiento de la normativa ambiental vigente. Nunca se ha intentado detener el avance de la obra p\u00fablica en el cant\u00f3n. No se trata de un tema pol\u00edtico sino de un tema t\u00e9cnico\u00bb, explic\u00f3 la Ministra del Ambiente, Lorena Tapia, durante entrevistas otorgadas hoy a varios medios de comunicaci\u00f3n.<\/p>\n<p style=\"text-align: justify;\">En primera instancia, Tapia aclar\u00f3 que el Ministerio del Ambiente (MAE), como M\u00e1xima Autoridad Ambiental, en el marco de sus competencias, tiene la facultad de realizar auditor\u00edas de procesos a los entes acreditados a nivel nacional, en cuanto a su gesti\u00f3n ambiental.<\/p>\n<p style=\"text-align: justify;\">Adem\u00e1s, explic\u00f3 que una Autoridad Ambiental de Aplicaci\u00f3n responsable es delegada por el MAE para realizar procesos de regulaci\u00f3n ambiental. \u00abEl ejemplo es justamente la Municipalidad de Guayaquil, instituci\u00f3n que realizaba revisi\u00f3n de evaluaci\u00f3n de impactos y entrega de permisos ambientales, entre otras actividades, en el marco de las facultades otorgadas\u00bb.<\/p>\n<p style=\"text-align: justify;\">En sentido, indic\u00f3 que como se hace con cualquier otra entidad acreditada, esta Cartera de Estado inici\u00f3 una auditor\u00eda de gesti\u00f3n de procesos en el cumplimiento de lo establecido en la Ley. Como resultados de ese proceso, el MAE report\u00f3 un informe al Municipio de Guayaquil, con una serie de no conformidades mayores y menores con sus respectivas observaciones.<\/p>\n<p style=\"text-align: justify;\">Entre las principales falencias encontradas en la gesti\u00f3n del Cabildo durante la auditor\u00eda realizada entre abril de 2013 y abril de este a\u00f1o, la Ministra mencion\u00f3 la emisi\u00f3n de ordenanzas para las actividades Miner\u00eda y Estaciones Bases Celulares, sin concordancia con la normativa ambiental nacional y otorgamiento de permisos ambientales sin su respectivo proceso de participaci\u00f3n social.<\/p>\n<p style=\"text-align: justify;\">Otras causas -dijo la Ministra- son la emisi\u00f3n de \u00a0licencias a proyectos que no tienen competencias ambientales, espec\u00edficamente lo relacionando con productos qu\u00edmicos peligrosos. Adem\u00e1s, la Municipalidad no ha \u00a0concluido\u00a0 procesos de manejo de denuncias por contaminaci\u00f3n ambiental, ni ha realizado un efectivo control y seguimiento, especialmente, las actividades que descargan desechos l\u00edquidos al Estero Salado\u00bb, a\u00f1adi\u00f3.<\/p>\n<p style=\"text-align: justify;\">Asimismo, indic\u00f3 que luego de estos hallazgos, \u00abel Cabildo fue informado, se le concedi\u00f3 un plazo en el que deb\u00eda haber verificado y sustentado las no conformidades, para que \u00e9stas sean levantadas. Pero no lo justific\u00f3. Respecto a eso la Normativa es clara y establece que la m\u00e1xima Autoridad Ambiental debe proceder a suspender por 15 d\u00edas al ente acreditado, en este caso el Municipio de Guayaquil\u00bb.<\/p>\n<p style=\"text-align: justify;\">Finalmente, precis\u00f3 que la suspensi\u00f3n no significa que se paren los tr\u00e1mites, o que la ciudadan\u00eda no tenga atenci\u00f3n por parte de la Autoridad Ambiental. \u00abDurante estos 15 d\u00edas, todas las actividades que hac\u00eda la Municipalidad guayaquile\u00f1a, son asumidas por el MAE a trav\u00e9s de la Direcci\u00f3n Provincial del Guayas coordinado con la Subsecretar\u00eda de Calidad Ambiental. Esperamos que durante este proceso de suspensi\u00f3n el Cabildo pueda superar sus no conformidades para ejercer sus competencias como ente acreditado\u00bb.<\/p>\n<p style=\"text-align: justify;\">\u00abHemos entrado en un proceso de reuniones con el Municipio de Guayaquil, en un trabajo t\u00e9cnico y absolutamente transparente. Quiero que quede claro la objetividad en el aspecto t\u00e9cnico del MAE\u00bb, acot\u00f3.<\/p>\n","protected":false},"excerpt":{"rendered":"<p class=\"excerpt\">\u00abLa suspensi\u00f3n temporal de la acreditaci\u00f3n del Municipio de Guayaquil, como Autoridad Ambiental de Aplicaci\u00f3n responsable responde a causas relacionadas con el cumplimiento de la normativa ambiental vigente. Nunca se ha intentado detener el avance de la obra p\u00fablica en el cant\u00f3n. No se trata de un tema pol\u00edtico sino de un tema t\u00e9cnico\u00bb, explic\u00f3 la Ministra del Ambiente, Lorena&hellip; <a href=\"https:\/\/www.ambienteyenergia.gob.ec\/ambiente\/suspension-temporal-de-acreditacion-ambiental-del-municipio-de-guayaquil-no-se-trata-de-un-tema-politico-sino-de-un-tema-legal-y-tecnico\/\">Read more &rarr;<\/a><\/p>\n","protected":false},"author":13,"featured_media":15115,"comment_status":"open","ping_status":"open","sticky":false,"template":"","format":"standard","meta":{"footnotes":""},"categories":[16,4],"tags":[],"class_list":["post-15114","post","type-post","status-publish","format-standard","has-post-thumbnail","hentry","category-comunicamos","category-noticias","xfolkentry"],"_links":{"self":[{"href":"https:\/\/www.ambienteyenergia.gob.ec\/ambiente\/wp-json\/wp\/v2\/posts\/15114","targetHints":{"allow":["GET"]}}],"collection":[{"href":"https:\/\/www.ambienteyenergia.gob.ec\/ambiente\/wp-json\/wp\/v2\/posts"}],"about":[{"href":"https:\/\/www.ambienteyenergia.gob.ec\/ambiente\/wp-json\/wp\/v2\/types\/post"}],"author":[{"embeddable":true,"href":"https:\/\/www.ambienteyenergia.gob.ec\/ambiente\/wp-json\/wp\/v2\/users\/13"}],"replies":[{"embeddable":true,"href":"https:\/\/www.ambienteyenergia.gob.ec\/ambiente\/wp-json\/wp\/v2\/comments?post=15114"}],"version-history":[{"count":0,"href":"https:\/\/www.ambienteyenergia.gob.ec\/ambiente\/wp-json\/wp\/v2\/posts\/15114\/revisions"}],"wp:featuredmedia":[{"embeddable":true,"href":"https:\/\/www.ambienteyenergia.gob.ec\/ambiente\/wp-json\/wp\/v2\/media\/15115"}],"wp:attachment":[{"href":"https:\/\/www.ambienteyenergia.gob.ec\/ambiente\/wp-json\/wp\/v2\/media?parent=15114"}],"wp:term":[{"taxonomy":"category","embeddable":true,"href":"https:\/\/www.ambienteyenergia.gob.ec\/ambiente\/wp-json\/wp\/v2\/categories?post=15114"},{"taxonomy":"post_tag","embeddable":true,"href":"https:\/\/www.ambienteyenergia.gob.ec\/ambiente\/wp-json\/wp\/v2\/tags?post=15114"}],"curies":[{"name":"wp","href":"https:\/\/api.w.org\/{rel}","templated":true}]}}