{"id":15111,"date":"2013-09-12T16:45:41","date_gmt":"2013-09-12T21:45:41","guid":{"rendered":"http:\/\/www.ambiente.gob.ec\/?p=15111"},"modified":"2013-09-12T16:45:41","modified_gmt":"2013-09-12T21:45:41","slug":"resultados-de-la-reunion-con-el-viceministro-del-servicio-forestal-de-corea-kfs-sr-kim-yong-ha","status":"publish","type":"post","link":"https:\/\/www.ambienteyenergia.gob.ec\/ambiente\/resultados-de-la-reunion-con-el-viceministro-del-servicio-forestal-de-corea-kfs-sr-kim-yong-ha\/","title":{"rendered":"Resultados de la reuni\u00f3n con el Viceministro del Servicio Forestal de Corea (KFS), Sr. Kim Yong-Ha"},"content":{"rendered":"<p style=\"text-align: justify;\">KFS: Existen muchos temas en los que el Servicio Forestal de\u00a0\u00a0Corea puede brindarle apoyo al Ecuador, espec\u00edficamente existen dos v\u00edas, a) reforestaci\u00f3n seg\u00fan el trabajo o proyecto que Ecuador proponga, esta es una l\u00ednea directa entre el Servicio Forestal coreano y el MAE, otra l\u00ednea seria b) a trav\u00e9s de la Agencia de Cooperaci\u00f3n de Corea (KOICA por sus siglas en ingles).\u00a0Para obtener fondos coreanos, se recomienda presentar una propuesta para el 2014 que, de aprobarse, seria implementada en el 2015.<\/p>\n<p style=\"text-align: justify;\">Ecuador: Como prioridad inmediata, el gobierno del Ecuador considera necesario completar el dise\u00f1o de un programa de reforestaci\u00f3n antes de concluir el 2013, y requiere que dentro de un periodo m\u00e1ximo de tres meses, dicho plan este listo para su ejecuci\u00f3n.\u00a0 Esto implica se deber\u00e1 completar el an\u00e1lisis, definir objetivos, dise\u00f1ar el plan maestro, completar la hoja de ruta, establecer el cronograma de tiempos, confirmar la disponibilidad de los recursos, y en general, tener bien claras las metas del trabajo que requerir\u00e1 la reforestaci\u00f3n de 200 mil hect\u00e1reas.\u00a0 La ejecuci\u00f3n del plan deber\u00e1 iniciarse en el primer trimestre del 2014.<\/p>\n<p style=\"text-align: justify;\">Se priorizara la reforestaci\u00f3n con fines de conservaci\u00f3n, y el Ecuador solicita a el KFS su compromiso de proveer el mayor apoyo t\u00e9cnico y tecnol\u00f3gico que le sea posible.<\/p>\n<p style=\"text-align: justify;\">KFS: para comenzar en el 2014 es dif\u00edcil, el financiamiento es un desaf\u00edo, sin embargo, para la parte comercial, apoyo en materia de transferencia de conocimiento y tecnolog\u00eda puede iniciarse el a\u00f1o que viene.\u00a0 Para el plan conservaci\u00f3n por extensi\u00f3n, lo consideran muy dif\u00edcil implementarlo para el 2014.<\/p>\n<p style=\"text-align: justify;\">Solicitan urgente que la propuesta de apoyo que desea recibir el MAO sea enviado hasta fin del mes de septiembre, el KFS analizara nuevamente la propuesta para tratar de cumplir con la solicitud del MAE.<\/p>\n<p style=\"text-align: justify;\">Ecuador: el financiamiento no es problema, Ecuador entregar\u00e1 todos los recursos que sean necesarios, necesitamos de Corea todo el apoyo t\u00e9cnico (know-how), deseamos que Corea sea un socio estrat\u00e9gico en temas de investigaci\u00f3n, para el instituto de biodiversidad y bioseguridad.<\/p>\n<p style=\"text-align: justify;\">KFS: Si no se trata de una solicitud de entrega de fondos coreanos para el proyecto, el KFS esta dispuesto de apoyar de inmediato en todo lo posible.\u00a0 El KFS tiene experiencia con Mongolia, y otros pa\u00edses en temas de reforestaci\u00f3n, y cuentan con mucho conocimiento en lo que se refiere a reforestaci\u00f3n de \u00e1reas extensas. EL KFS se compromete a enviar a una delegaci\u00f3n coreana de planeamiento de t\u00e9cnicas de reforestaci\u00f3n, y personal que ha replicado la experiencia en otras \u00e1reas del mundo, se realizar\u00e1 un plan maestro (estructurar un documento oficial).\u00a0 Previo al env\u00edo de los t\u00e9cnicos coreanos, KFS solicita al MAE que primero env\u00eden a Corea los t\u00e9cnicos ecuatorianos que serian la contraparte para de esa manera planificar y enfocar debidamente las acciones del equipo coreano durante su tiempo en el Ecuador.<\/p>\n<p style=\"text-align: justify;\">Ecuador: Agradece la oferta y comunica que se informara de este acuerdo entre los ministerios de bosques y ambiente de ambos pa\u00edses, tenemos todos los recursos para los expertos coreanos.<\/p>\n<p style=\"text-align: justify;\">El MAE se compromete en desarrollar y enviar la propuesta antes de finales de septiembre, en la cual se detallara la hoja de ruta de las acciones que se requieren llevar a cabo dentro de los pr\u00f3ximos tres meses del 2013, y que permitan arrancar en el 2014 con la ejecuci\u00f3n del plan de reforestaci\u00f3n.\u00a0 El MAE se compromete en proveer los recursos necesarios para desarrollar el plan, como serian los mapas de vegetaci\u00f3n, clima, etc.\u00a0 Se reitera que esta actividad es una prioridad para el Ecuador que cuenta con el apoyo total del Primer Mandatario, y que mejor que ejecutar este noble objetivo con el know-how y apoyo del pueblo coreano.<\/p>\n<p style=\"text-align: justify;\">KFS: Expresan su satisfacci\u00f3n ante la noticia que el Presidente Correa tenga esta predisposici\u00f3n.\u00a0 Seg\u00fan la experiencia de corea no fue f\u00e1cil hacer la reforestaci\u00f3n de un \u00e1rea extensa, y contar con el apoyo de su presidente fue vital.<\/p>\n<p style=\"text-align: justify;\">Ecuador deber\u00e1 tener un plan especifico para este proyecto: identificar la locaciones, tipos de arboles, especies, cuidado luego de la plantaci\u00f3n, etc.\u00a0 Cuentan con que la MAE entregara los datos fidedignos de mas importantes, considerando el objetivo abarca una \u00e1rea bastante grande y con diversos atributos.<\/p>\n<p style=\"text-align: justify;\">Expresan su preocupaci\u00f3n por el tema del idioma, los documentos deben estar traducidos al ingles para que la misi\u00f3n sea m\u00e1s eficiente.<\/p>\n<p style=\"text-align: justify;\">Ecuador: Se compromete a tener un traductor para la misi\u00f3n t\u00e9cnica. Si el equipo habla ingles, se minimizan los problemas por traducci\u00f3n, si no hablan ingles, el Ecuador proveer\u00e1 un traductor ingles\/espa\u00f1ol.\u00a0 Korea tambi\u00e9n puede contratar un traductor con la coordinaci\u00f3n de su contraparte en el MAE.<\/p>\n<p style=\"text-align: justify;\">KFS: Ofrecen financiar el viaje de los t\u00e9cnicos ecuatorianos a la reuni\u00f3n inicial con los funcionarios del KFS.<\/p>\n<p style=\"text-align: justify;\">Luego del proceso de llevarse a cabo el proceso de planificaci\u00f3n en Corea, el KFS visitara el Ecuador para finalizar el desarrollo del plan.<\/p>\n<p style=\"text-align: justify;\">La Embajada de Ecuador brindar\u00e1 todo el apoyo que sea necesario para agilitar este proceso, en particular en lo que se refiere a temas de traducci\u00f3n y asistencia en los procesos.<\/p>\n<p style=\"text-align: justify;\">El equipo de Ecuador que viajen a Corea para esta reuni\u00f3n inicial, deber\u00e1 traer consigo todos los materiales relevantes y hacer una exposici\u00f3n a los expertos coreanos.<\/p>\n<p style=\"text-align: justify;\">Ecuador: Se invita al Viceministro Kim a participar en una misi\u00f3n t\u00e9cnica luego del proceso de planificaci\u00f3n que se realice en Corea, y se confirma que toda la informaci\u00f3n que requiera el KFS ser\u00e1 proporcionada por Ecuador (MAE).<\/p>\n<p style=\"text-align: justify;\">Ecuador: el punto de contacto ser\u00e1 la Subsecretar\u00eda de Patrimonio Natural, la Ministra del Ambiente liderar\u00e1 esta iniciativa, el punto de contacto y de informaci\u00f3n ser\u00e1 el Director de Gesti\u00f3n Internacional.<\/p>\n<p style=\"text-align: justify;\">KFS: El VM Kim agradece la invitaci\u00f3n al Ecuador, en particular a Gal\u00e1pagos, recordando la importancia de este ligar para el desarrollo de las teor\u00edas de Charles Darwin.\u00a0 Sin embargo, explica que desde el mes de septiembre, comienza en Corea la evaluaci\u00f3n por parte de la asamblea, de todos los ministerios, y esto dificultar\u00eda su viaje este mismo a\u00f1o.<\/p>\n<p style=\"text-align: justify;\">El VM Kim reitera la importancia de que Ecuador cumpla con la entrega de todos los datos y que para cumplir con el cort\u00edsimo plazo que han indicado tienen para desarrollar este plan, el Ecuador deber\u00e1 asignar a el personal adecuado y agilitar las comunicaciones que permitan una gesti\u00f3n eficiente y eficaz.<\/p>\n<p style=\"text-align: justify;\">El punto de contacto de Korea ser\u00e1 el director de gesti\u00f3n internaci\u00f3n Ko Kijeon.<\/p>\n<p style=\"text-align: justify;\">Al concluir la reuni\u00f3n, la VM del MAE y el VM del Servicio Forestal coreano reafirmaron su compromiso, intercambiaron regalos, y agradecieron la oportunidad de trabajar juntos hacia el noble objetivo anteriormente expuesto.<\/p>\n<p>&nbsp;<\/p>\n","protected":false},"excerpt":{"rendered":"<p class=\"excerpt\">KFS: Existen muchos temas en los que el Servicio Forestal de\u00a0\u00a0Corea puede brindarle apoyo al Ecuador, espec\u00edficamente existen dos v\u00edas, a) reforestaci\u00f3n seg\u00fan el trabajo o proyecto que Ecuador proponga, esta es una l\u00ednea directa entre el Servicio Forestal coreano y el MAE, otra l\u00ednea seria b) a trav\u00e9s de la Agencia de Cooperaci\u00f3n de Corea (KOICA por sus siglas&hellip; <a href=\"https:\/\/www.ambienteyenergia.gob.ec\/ambiente\/resultados-de-la-reunion-con-el-viceministro-del-servicio-forestal-de-corea-kfs-sr-kim-yong-ha\/\">Read more &rarr;<\/a><\/p>\n","protected":false},"author":13,"featured_media":15112,"comment_status":"open","ping_status":"open","sticky":false,"template":"","format":"standard","meta":{"footnotes":""},"categories":[16,4,10],"tags":[],"class_list":["post-15111","post","type-post","status-publish","format-standard","has-post-thumbnail","hentry","category-comunicamos","category-noticias","category-noticias-destacadas","xfolkentry"],"_links":{"self":[{"href":"https:\/\/www.ambienteyenergia.gob.ec\/ambiente\/wp-json\/wp\/v2\/posts\/15111","targetHints":{"allow":["GET"]}}],"collection":[{"href":"https:\/\/www.ambienteyenergia.gob.ec\/ambiente\/wp-json\/wp\/v2\/posts"}],"about":[{"href":"https:\/\/www.ambienteyenergia.gob.ec\/ambiente\/wp-json\/wp\/v2\/types\/post"}],"author":[{"embeddable":true,"href":"https:\/\/www.ambienteyenergia.gob.ec\/ambiente\/wp-json\/wp\/v2\/users\/13"}],"replies":[{"embeddable":true,"href":"https:\/\/www.ambienteyenergia.gob.ec\/ambiente\/wp-json\/wp\/v2\/comments?post=15111"}],"version-history":[{"count":0,"href":"https:\/\/www.ambienteyenergia.gob.ec\/ambiente\/wp-json\/wp\/v2\/posts\/15111\/revisions"}],"wp:featuredmedia":[{"embeddable":true,"href":"https:\/\/www.ambienteyenergia.gob.ec\/ambiente\/wp-json\/wp\/v2\/media\/15112"}],"wp:attachment":[{"href":"https:\/\/www.ambienteyenergia.gob.ec\/ambiente\/wp-json\/wp\/v2\/media?parent=15111"}],"wp:term":[{"taxonomy":"category","embeddable":true,"href":"https:\/\/www.ambienteyenergia.gob.ec\/ambiente\/wp-json\/wp\/v2\/categories?post=15111"},{"taxonomy":"post_tag","embeddable":true,"href":"https:\/\/www.ambienteyenergia.gob.ec\/ambiente\/wp-json\/wp\/v2\/tags?post=15111"}],"curies":[{"name":"wp","href":"https:\/\/api.w.org\/{rel}","templated":true}]}}