{"id":15107,"date":"2013-09-12T15:49:49","date_gmt":"2013-09-12T20:49:49","guid":{"rendered":"http:\/\/www.ambiente.gob.ec\/?p=15107"},"modified":"2013-09-12T15:49:49","modified_gmt":"2013-09-12T20:49:49","slug":"maxima-autoridad-ambiental-firma-acuerdo-ministerial-para-la-aplicacion-de-acciones-nacionales-apropiadas-de-mitigacion-namas","status":"publish","type":"post","link":"https:\/\/www.ambienteyenergia.gob.ec\/ambiente\/maxima-autoridad-ambiental-firma-acuerdo-ministerial-para-la-aplicacion-de-acciones-nacionales-apropiadas-de-mitigacion-namas\/","title":{"rendered":"M\u00e1xima Autoridad Ambiental firma Acuerdo Ministerial para la aplicaci\u00f3n de Acciones Nacionales Apropiadas de Mitigaci\u00f3n &#8211; NAMAs"},"content":{"rendered":"<p style=\"text-align: justify;\">Lorena Tapia,<strong> <\/strong>Ministra del Ambiente, suscribi\u00f3 este 10 de septiembre, el Acuerdo Ministerial N\u00b0 089\u00a0 por el que se establece la Autoridad \u00a0Nacional para la aplicaci\u00f3n de Acciones Nacionales Apropiadas de Mitigaci\u00f3n (NAMAs), por sus siglas en ingl\u00e9s.<\/p>\n<p style=\"text-align: justify;\">Este acuerdo consolida el marco estrat\u00e9gico y legal del Cambio Clim\u00e1tico en Ecuador, as\u00ed como el cumplimiento del Plan de Bali y de la Convenci\u00f3n Marco de las Naciones Unidas sobre el Cambio Clim\u00e1tico (CMNUCC).<\/p>\n<p style=\"text-align: justify;\">El Plan de Acci\u00f3n de Bali, determina aplicar \u201cMedidas de mitigaci\u00f3n apropiadas a cada pa\u00eds por <em>las Partes,<\/em> que son pa\u00edses en desarrollo en el contexto del desarrollo sostenible, apoyadas y facilitadas por tecnolog\u00edas, financiaci\u00f3n y actividades de fomento de la capacidad, de manera mensurable, notificable y verificable\u201d.<\/p>\n<p style=\"text-align: justify;\">La implementaci\u00f3n de NAMAS en el Ecuador, se coordinar\u00e1 por el Ministerio del Ambiente, como Autoridad Ambiental Nacional, a fin de garantizar las aportaciones y se encuadren dentro de las pol\u00edticas nacionales de cambio clim\u00e1tico.<\/p>\n<p style=\"text-align: justify;\"><strong>Datos de inter\u00e9s<\/strong><\/p>\n<p style=\"text-align: justify;\">Este acuerdo, asigna a la Subsecretar\u00eda de Cambio Clim\u00e1tico del MAE, el papel de coordinador de la Autoridad Nacional para Acciones\u00a0 Nacionales Apropiadas de Mitigaci\u00f3n \u2013 NAMAs y de facilitador de los mecanismos de financiamiento clim\u00e1tico.<\/p>\n<p style=\"text-align: justify;\">A partir de la firma del acuerdo, la Subsecretar\u00eda en menci\u00f3n, llevar\u00e1 la responsabilidad del registro obligatorio de las NAMAs. En ese registro se llevar\u00e1 constancia de los programas y proyectos de Mitigaci\u00f3n, su estado y su cumplimiento.<\/p>\n<p style=\"text-align: justify;\">Los proyectos registrados satisfactoriamente contar\u00e1n con la respectiva \u201cCarta de Registro\u201d suscrita por el\/la Presidente\/a de la Autoridad Nacional para NAMAs.<\/p>\n","protected":false},"excerpt":{"rendered":"<p class=\"excerpt\">Lorena Tapia, Ministra del Ambiente, suscribi\u00f3 este 10 de septiembre, el Acuerdo Ministerial N\u00b0 089\u00a0 por el que se establece la Autoridad \u00a0Nacional para la aplicaci\u00f3n de Acciones Nacionales Apropiadas de Mitigaci\u00f3n (NAMAs), por sus siglas en ingl\u00e9s. Este acuerdo consolida el marco estrat\u00e9gico y legal del Cambio Clim\u00e1tico en Ecuador, as\u00ed como el cumplimiento del Plan de Bali y&hellip; <a href=\"https:\/\/www.ambienteyenergia.gob.ec\/ambiente\/maxima-autoridad-ambiental-firma-acuerdo-ministerial-para-la-aplicacion-de-acciones-nacionales-apropiadas-de-mitigacion-namas\/\">Read more &rarr;<\/a><\/p>\n","protected":false},"author":13,"featured_media":15108,"comment_status":"open","ping_status":"open","sticky":false,"template":"","format":"standard","meta":{"footnotes":""},"categories":[16,4],"tags":[],"class_list":["post-15107","post","type-post","status-publish","format-standard","has-post-thumbnail","hentry","category-comunicamos","category-noticias","xfolkentry"],"_links":{"self":[{"href":"https:\/\/www.ambienteyenergia.gob.ec\/ambiente\/wp-json\/wp\/v2\/posts\/15107","targetHints":{"allow":["GET"]}}],"collection":[{"href":"https:\/\/www.ambienteyenergia.gob.ec\/ambiente\/wp-json\/wp\/v2\/posts"}],"about":[{"href":"https:\/\/www.ambienteyenergia.gob.ec\/ambiente\/wp-json\/wp\/v2\/types\/post"}],"author":[{"embeddable":true,"href":"https:\/\/www.ambienteyenergia.gob.ec\/ambiente\/wp-json\/wp\/v2\/users\/13"}],"replies":[{"embeddable":true,"href":"https:\/\/www.ambienteyenergia.gob.ec\/ambiente\/wp-json\/wp\/v2\/comments?post=15107"}],"version-history":[{"count":0,"href":"https:\/\/www.ambienteyenergia.gob.ec\/ambiente\/wp-json\/wp\/v2\/posts\/15107\/revisions"}],"wp:featuredmedia":[{"embeddable":true,"href":"https:\/\/www.ambienteyenergia.gob.ec\/ambiente\/wp-json\/wp\/v2\/media\/15108"}],"wp:attachment":[{"href":"https:\/\/www.ambienteyenergia.gob.ec\/ambiente\/wp-json\/wp\/v2\/media?parent=15107"}],"wp:term":[{"taxonomy":"category","embeddable":true,"href":"https:\/\/www.ambienteyenergia.gob.ec\/ambiente\/wp-json\/wp\/v2\/categories?post=15107"},{"taxonomy":"post_tag","embeddable":true,"href":"https:\/\/www.ambienteyenergia.gob.ec\/ambiente\/wp-json\/wp\/v2\/tags?post=15107"}],"curies":[{"name":"wp","href":"https:\/\/api.w.org\/{rel}","templated":true}]}}