{"id":15104,"date":"2013-09-12T14:23:20","date_gmt":"2013-09-12T19:23:20","guid":{"rendered":"http:\/\/www.ambiente.gob.ec\/?p=15104"},"modified":"2013-09-12T14:23:20","modified_gmt":"2013-09-12T19:23:20","slug":"gremios-de-profesionales-se-informaron-sobre-el-proyecto-itt","status":"publish","type":"post","link":"https:\/\/www.ambienteyenergia.gob.ec\/ambiente\/gremios-de-profesionales-se-informaron-sobre-el-proyecto-itt\/","title":{"rendered":"Gremios de profesionales se informaron sobre el proyecto ITT"},"content":{"rendered":"<div>\n<p style=\"text-align: justify;\">Representantes de la academia y de empresas relacionadas con la actividad petrolera dialogaron con las autoridades de Sectores Estrat\u00e9gicos para conocer la informaci\u00f3n t\u00e9cnica sobre el proceso de posible aprovechamiento del Bloque ITT.<\/p>\n<p style=\"text-align: justify;\">El ministro Coordinador de Sectores Estrat\u00e9gicos, Rafael Poveda insisti\u00f3 en la necesidad de aprovechar los recursos naturales con responsabilidad y convoc\u00f3 a los gremios profesionales a mirar la Amazon\u00eda como \u201cun espacio de investigaci\u00f3n cient\u00edfica profunda\u201d.<\/p>\n<p style=\"text-align: justify;\">Asegur\u00f3 que el Estado buscar\u00e1 los fondos necesarios para este objetivo; y consider\u00f3 que \u201cla intervenci\u00f3n de las universidades es clave para generar la sociedad del conocimiento y aprovechar esta oportunidad\u201d.<\/p>\n<p style=\"text-align: justify;\">El Ministerio de Recursos Naturales No Renovables garantiz\u00f3 que el desarrollo del Bloque ITT contar\u00e1 con estrictos controles ambientales, en caso de ser aprobado por la Asamblea Nacional. Su ministro, Pedro Merizalde, indic\u00f3 que el proyecto costar\u00e1 USD 5.000 millones de d\u00f3lares y propuso que dentro de las contrataciones de personal \u201cel\u00a095% de administrativos y el 75% de la mano de obra pertenezca a la zona de influencia\u201d. Plante\u00f3 tambi\u00e9n la construcci\u00f3n de Centros de Formaci\u00f3n para las diferentes \u00e1reas t\u00e9cnicas, como se realiza en la Refiner\u00eda del Pac\u00edfico.<\/p>\n<p style=\"text-align: justify;\">Lorena Tapia, ministra de Ambiente ratific\u00f3 que la vigilancia por el respeto a los derechos de la naturaleza ser\u00e1 permanente a trav\u00e9s de un equipo multidisciplinario de fiscalizaci\u00f3n. La funcionaria insisti\u00f3 en la necesidad de que el proceso cuente con veedur\u00eda ciudadana nacional e internacional.<\/p>\n<p style=\"text-align: justify;\">Patricio Rivera, ministro Coordinador de la Pol\u00edtica Econ\u00f3mica, enfatiz\u00f3 que los ingresos por el desarrollo de los campos 31 y 43, en 22 a\u00f1os de vigencia alcanzar\u00e1n USD 18.292 millones de d\u00f3lares. Rivera asegur\u00f3 que con este dinero \u201clos Gobiernos Aut\u00f3nomos Descentralizados (GADS) de la Amazon\u00eda ser\u00e1n los principales beneficiarios por su pre asignaciones adicionales previstas en la Ley 010 y los excedentes petroleros\u201d.<\/p>\n<p style=\"text-align: justify;\">Ecuador Estrat\u00e9gico se mantendr\u00e1 al frente como la empresa p\u00fablica encargada de entregar los recursos petroleros transformados en inversi\u00f3n social. \u201cQueremos demostrar las necesidades de la Amazon\u00eda y c\u00f3mo las combatimos\u201d, dijo Ciro Mor\u00e1n, gerente de Ecuador Estrat\u00e9gico al resaltar que, para el 2013, la inversi\u00f3n en obras prioritarias alcanzar\u00e1 los USD 621 millones.<\/p>\n<p style=\"text-align: justify;\">En los \u00faltimos 2 a\u00f1os se gener\u00f3 redes de agua y alcantarillado, as\u00ed como centros de salud, escuelas y comunidades del milenio, con la ejecuci\u00f3n de 880 proyectos en 11 provincias donde las actividades extractivas est\u00e1n vigentes desde hace d\u00e9cadas, pero solo hasta\u00a0hoy\u00a0generaron beneficios para sus habitantes.<\/p>\n<div><\/div>\n<\/div>\n","protected":false},"excerpt":{"rendered":"<p class=\"excerpt\">Representantes de la academia y de empresas relacionadas con la actividad petrolera dialogaron con las autoridades de Sectores Estrat\u00e9gicos para conocer la informaci\u00f3n t\u00e9cnica sobre el proceso de posible aprovechamiento del Bloque ITT. El ministro Coordinador de Sectores Estrat\u00e9gicos, Rafael Poveda insisti\u00f3 en la necesidad de aprovechar los recursos naturales con responsabilidad y convoc\u00f3 a los gremios profesionales a mirar&hellip; <a href=\"https:\/\/www.ambienteyenergia.gob.ec\/ambiente\/gremios-de-profesionales-se-informaron-sobre-el-proyecto-itt\/\">Read more &rarr;<\/a><\/p>\n","protected":false},"author":13,"featured_media":15105,"comment_status":"open","ping_status":"open","sticky":false,"template":"","format":"standard","meta":{"footnotes":""},"categories":[16,4],"tags":[],"class_list":["post-15104","post","type-post","status-publish","format-standard","has-post-thumbnail","hentry","category-comunicamos","category-noticias","xfolkentry"],"_links":{"self":[{"href":"https:\/\/www.ambienteyenergia.gob.ec\/ambiente\/wp-json\/wp\/v2\/posts\/15104","targetHints":{"allow":["GET"]}}],"collection":[{"href":"https:\/\/www.ambienteyenergia.gob.ec\/ambiente\/wp-json\/wp\/v2\/posts"}],"about":[{"href":"https:\/\/www.ambienteyenergia.gob.ec\/ambiente\/wp-json\/wp\/v2\/types\/post"}],"author":[{"embeddable":true,"href":"https:\/\/www.ambienteyenergia.gob.ec\/ambiente\/wp-json\/wp\/v2\/users\/13"}],"replies":[{"embeddable":true,"href":"https:\/\/www.ambienteyenergia.gob.ec\/ambiente\/wp-json\/wp\/v2\/comments?post=15104"}],"version-history":[{"count":0,"href":"https:\/\/www.ambienteyenergia.gob.ec\/ambiente\/wp-json\/wp\/v2\/posts\/15104\/revisions"}],"wp:featuredmedia":[{"embeddable":true,"href":"https:\/\/www.ambienteyenergia.gob.ec\/ambiente\/wp-json\/wp\/v2\/media\/15105"}],"wp:attachment":[{"href":"https:\/\/www.ambienteyenergia.gob.ec\/ambiente\/wp-json\/wp\/v2\/media?parent=15104"}],"wp:term":[{"taxonomy":"category","embeddable":true,"href":"https:\/\/www.ambienteyenergia.gob.ec\/ambiente\/wp-json\/wp\/v2\/categories?post=15104"},{"taxonomy":"post_tag","embeddable":true,"href":"https:\/\/www.ambienteyenergia.gob.ec\/ambiente\/wp-json\/wp\/v2\/tags?post=15104"}],"curies":[{"name":"wp","href":"https:\/\/api.w.org\/{rel}","templated":true}]}}