{"id":15099,"date":"2013-09-12T13:30:53","date_gmt":"2013-09-12T18:30:53","guid":{"rendered":"http:\/\/www.ambiente.gob.ec\/?p=15099"},"modified":"2013-09-12T13:33:29","modified_gmt":"2013-09-12T18:33:29","slug":"mae-apoya-ampliacion-de-la-segunda-fase-de-la-contenerizacion-en-el-sur-de-quito","status":"publish","type":"post","link":"https:\/\/www.ambienteyenergia.gob.ec\/ambiente\/mae-apoya-ampliacion-de-la-segunda-fase-de-la-contenerizacion-en-el-sur-de-quito\/","title":{"rendered":"MAE apoya ampliaci\u00f3n de la segunda fase de la contenerizaci\u00f3n en el Sur de Quito"},"content":{"rendered":"<p style=\"text-align: justify;\">Con el apoyo del Ministerio de Ambiente (MAE), el Municipio del Distrito Metropolitano de Quito realiz\u00f3 la ampliaci\u00f3n de la segunda fase del programa de contenerizaci\u00f3n en los sectores El Camal y La Gatazo, dos importantes sectores, ubicados al sur de Quito.<\/p>\n<p style=\"text-align: justify;\">En esta segunda etapa se instalar\u00e1n 150 contenedores adicionales de 2,4 y 3,2 metros c\u00fabicos de capacidad. En total, el sur de Quito contar\u00e1 con 1 037 contenedores en un \u00e1rea de 1 091 hect\u00e1reas, beneficiando a 32 000 personas y a 9 250 familias.<\/p>\n<p style=\"text-align: justify;\">En este nuevo y moderno servicio de recolecci\u00f3n de basura, a trav\u00e9s de contenedores, se realiz\u00f3 una inversi\u00f3n de $3.475.000 financiados con un aporte del Ministerio de Ambiente de $1.200.000.<\/p>\n<p style=\"text-align: justify;\">Con esta ampliaci\u00f3n suman un total de 164 000 personas (52 150 familias) de los sectores de Quitumbe, Turubamba, Solanda, Parque Lineal, Quito Sur, Mercado Mayorista, El Camal y La Gatazo que disponen de contenedores para colocar su basura las 24 horas, los 365 d\u00edas del a\u00f1o, un sistema donde el 97.3% de la poblaci\u00f3n es atendida.<\/p>\n<p style=\"text-align: justify;\"><strong>Proceso de recolecci\u00f3n<\/strong><\/p>\n<p style=\"text-align: justify;\">La recolecci\u00f3n de basura a trav\u00e9s de contenedores se realiza tres veces por semana. Cada contenedor es lavado y desinfectado al menos tres veces al mes para evitar malos olores y suciedad. Adem\u00e1s, las Unidades M\u00f3viles de Mantenimiento realizan visitas a cada contenedor dos veces al mes para realizar reparaciones menores y reemplazar los contenedores que sufran da\u00f1os, aver\u00edas o ataques maliciosos.<\/p>\n","protected":false},"excerpt":{"rendered":"<p class=\"excerpt\">Con el apoyo del Ministerio de Ambiente (MAE), el Municipio del Distrito Metropolitano de Quito realiz\u00f3 la ampliaci\u00f3n de la segunda fase del programa de contenerizaci\u00f3n en los sectores El Camal y La Gatazo, dos importantes sectores, ubicados al sur de Quito. En esta segunda etapa se instalar\u00e1n 150 contenedores adicionales de 2,4 y 3,2 metros c\u00fabicos de capacidad. En&hellip; <a href=\"https:\/\/www.ambienteyenergia.gob.ec\/ambiente\/mae-apoya-ampliacion-de-la-segunda-fase-de-la-contenerizacion-en-el-sur-de-quito\/\">Read more &rarr;<\/a><\/p>\n","protected":false},"author":13,"featured_media":15018,"comment_status":"open","ping_status":"open","sticky":false,"template":"","format":"standard","meta":{"footnotes":""},"categories":[16,4],"tags":[],"class_list":["post-15099","post","type-post","status-publish","format-standard","has-post-thumbnail","hentry","category-comunicamos","category-noticias","xfolkentry"],"_links":{"self":[{"href":"https:\/\/www.ambienteyenergia.gob.ec\/ambiente\/wp-json\/wp\/v2\/posts\/15099","targetHints":{"allow":["GET"]}}],"collection":[{"href":"https:\/\/www.ambienteyenergia.gob.ec\/ambiente\/wp-json\/wp\/v2\/posts"}],"about":[{"href":"https:\/\/www.ambienteyenergia.gob.ec\/ambiente\/wp-json\/wp\/v2\/types\/post"}],"author":[{"embeddable":true,"href":"https:\/\/www.ambienteyenergia.gob.ec\/ambiente\/wp-json\/wp\/v2\/users\/13"}],"replies":[{"embeddable":true,"href":"https:\/\/www.ambienteyenergia.gob.ec\/ambiente\/wp-json\/wp\/v2\/comments?post=15099"}],"version-history":[{"count":0,"href":"https:\/\/www.ambienteyenergia.gob.ec\/ambiente\/wp-json\/wp\/v2\/posts\/15099\/revisions"}],"wp:featuredmedia":[{"embeddable":true,"href":"https:\/\/www.ambienteyenergia.gob.ec\/ambiente\/wp-json\/wp\/v2\/media\/15018"}],"wp:attachment":[{"href":"https:\/\/www.ambienteyenergia.gob.ec\/ambiente\/wp-json\/wp\/v2\/media?parent=15099"}],"wp:term":[{"taxonomy":"category","embeddable":true,"href":"https:\/\/www.ambienteyenergia.gob.ec\/ambiente\/wp-json\/wp\/v2\/categories?post=15099"},{"taxonomy":"post_tag","embeddable":true,"href":"https:\/\/www.ambienteyenergia.gob.ec\/ambiente\/wp-json\/wp\/v2\/tags?post=15099"}],"curies":[{"name":"wp","href":"https:\/\/api.w.org\/{rel}","templated":true}]}}